{"id":602236,"date":"2025-12-16T04:10:17","date_gmt":"2025-12-16T04:10:17","guid":{"rendered":"https:\/\/www.europesays.com\/fr\/602236\/"},"modified":"2025-12-16T04:10:17","modified_gmt":"2025-12-16T04:10:17","slug":"corruption-ces-missiles-et-kalachnikov-detournes-que-les-soldats-ukrainiens-ne-recoivent-jamais","status":"publish","type":"post","link":"https:\/\/www.europesays.com\/fr\/602236\/","title":{"rendered":"Corruption. Ces missiles et Kalachnikov d\u00e9tourn\u00e9s que les soldats ukrainiens ne re\u00e7oivent jamais"},"content":{"rendered":"\n<p>Deux mois apr\u00e8s l\u2019invasion russe [de l\u2019Ukraine], les premiers missiles antichars envoy\u00e9s par le Royaume-Uni arrivaient d\u00e9j\u00e0 sur le front de Kharkiv, la deuxi\u00e8me ville du pays. Une petite crapule ukrainienne, \u00e0 l\u2019uniforme noir et au sourire roublard, proposait alors ses services aux journalistes, moyennant r\u00e9mun\u00e9ration. Un jour, il a ouvert en grand la porti\u00e8re arri\u00e8re de sa voiture\u00a0: un NLAW flambant neuf s\u2019\u00e9talait sur toute la banquette. Un de ces missiles antichars portables, cruciaux pour stopper les blind\u00e9s russes. Personne ne sait \u00e0 qui il l\u2019a vendu. Mais, sur le march\u00e9, les prix oscillent entre 25\u00a0000\u00a0et 34\u00a0000\u00a0euros environ.<\/p>\n<p>Chaque conflit charrie son lot de profiteurs, qui jouent avec la vie des soldats sur le front. Et apr\u00e8s trois ans et demi de bombes et de sang, la \u201cguerre corrompue\u201d en plein c\u0153ur de l\u2019Europe concerne \u00e9galement le mat\u00e9riel militaire occidental. Le minist\u00e8re de l\u2019Int\u00e9rieur ukrainien confirme que, depuis f\u00e9vrier 2022, pr\u00e8s d\u2019un demi-million d\u2019armes portatives ont disparu des radars. Et ce n\u2019est pas tout\u00a0: le minist\u00e8re de la D\u00e9fense a \u00e9valu\u00e9 le co\u00fbt des armes et munitions d\u00e9fectueuses ou jamais livr\u00e9es \u00e0 660\u00a0millions d\u2019euros.<\/p>\n<p> March\u00e9 noir <\/p>\n<p>\u201cDans les conflits r\u00e9cents, de la dislocation de la Yougoslavie \u00e0 l\u2019Afghanistan, et m\u00eame avant avec la dissolution de <\/p>\n","protected":false},"excerpt":{"rendered":"Deux mois apr\u00e8s l\u2019invasion russe [de l\u2019Ukraine], les premiers missiles antichars envoy\u00e9s par le Royaume-Uni arrivaient d\u00e9j\u00e0 sur&hellip;\n","protected":false},"author":2,"featured_media":602237,"comment_status":"","ping_status":"","sticky":false,"template":"","format":"standard","meta":{"footnotes":""},"categories":[1590],"tags":[11,1777,674,1892,131,12,220,44735],"class_list":{"0":"post-602236","1":"post","2":"type-post","3":"status-publish","4":"format-standard","5":"has-post-thumbnail","7":"category-ukraine","8":"tag-actualites","9":"tag-eu","10":"tag-europe","11":"tag-gu00e9opolitique","12":"tag-guerre-en-ukraine","13":"tag-news","14":"tag-ukraine","15":"tag-ventes-darmes"},"share_on_mastodon":{"url":"https:\/\/pubeurope.com\/@fr\/115727291219501523","error":""},"_links":{"self":[{"href":"https:\/\/www.europesays.com\/fr\/wp-json\/wp\/v2\/posts\/602236","targetHints":{"allow":["GET"]}}],"collection":[{"href":"https:\/\/www.europesays.com\/fr\/wp-json\/wp\/v2\/posts"}],"about":[{"href":"https:\/\/www.europesays.com\/fr\/wp-json\/wp\/v2\/types\/post"}],"author":[{"embeddable":true,"href":"https:\/\/www.europesays.com\/fr\/wp-json\/wp\/v2\/users\/2"}],"replies":[{"embeddable":true,"href":"https:\/\/www.europesays.com\/fr\/wp-json\/wp\/v2\/comments?post=602236"}],"version-history":[{"count":0,"href":"https:\/\/www.europesays.com\/fr\/wp-json\/wp\/v2\/posts\/602236\/revisions"}],"wp:featuredmedia":[{"embeddable":true,"href":"https:\/\/www.europesays.com\/fr\/wp-json\/wp\/v2\/media\/602237"}],"wp:attachment":[{"href":"https:\/\/www.europesays.com\/fr\/wp-json\/wp\/v2\/media?parent=602236"}],"wp:term":[{"taxonomy":"category","embeddable":true,"href":"https:\/\/www.europesays.com\/fr\/wp-json\/wp\/v2\/categories?post=602236"},{"taxonomy":"post_tag","embeddable":true,"href":"https:\/\/www.europesays.com\/fr\/wp-json\/wp\/v2\/tags?post=602236"}],"curies":[{"name":"wp","href":"https:\/\/api.w.org\/{rel}","templated":true}]}}