{"id":602244,"date":"2025-12-16T04:14:22","date_gmt":"2025-12-16T04:14:22","guid":{"rendered":"https:\/\/www.europesays.com\/fr\/602244\/"},"modified":"2025-12-16T04:14:22","modified_gmt":"2025-12-16T04:14:22","slug":"leurope-sattaque-a-la-crise-du-logement-actualites","status":"publish","type":"post","link":"https:\/\/www.europesays.com\/fr\/602244\/","title":{"rendered":"L&rsquo;Europe s&rsquo;attaque \u00e0 la crise du logement : Actualit\u00e9s"},"content":{"rendered":"<p class=\"lead \">Pour la premi\u00e8re fois de son histoire, l&rsquo;Union europ\u00e9enne veut s&rsquo;attaquer \u00e0 l&rsquo;immense crise du logement qui frappe le Vieux continent en pr\u00e9sentant mardi un plan pour encourager la construction et encadrer les locations de courte dur\u00e9e.<\/p>\n<p class=\"lead \">Les statistiques sont vertigineuses.<\/p>\n<p class=\"lead \">Pr\u00e8s de 1,3 million de personnes vivent sans abri dans l&rsquo;UE &#8212; soit deux fois la population du Luxembourg.<\/p>\n<p class=\"lead \">Au cours des 15 derni\u00e8res ann\u00e9es, le prix des logements a augment\u00e9 de 60%. Celui des locations a lui grimp\u00e9 de pr\u00e8s de 30%, selon l&rsquo;institut europ\u00e9en des statistiques.<\/p>\n<p class=\"lead \">\u00ab\u00a0Pour bien trop d&rsquo;Europ\u00e9ens aujourd&rsquo;hui, se loger est devenu une source d&rsquo;angoisse\u00a0\u00bb, a d\u00e9clar\u00e9 la pr\u00e9sidente de la Commission europ\u00e9enne, Ursula von der Leyen.<\/p>\n<p class=\"lead \">Afin de tenter d&rsquo;endiguer cette crise, qui frappe l&rsquo;ensemble des 27 pays de l&rsquo;Union europ\u00e9enne, ses \u00e9quipes ont \u00e9labor\u00e9 un \u00ab\u00a0plan pour le logement abordable\u00a0\u00bb, qui sera pr\u00e9sent\u00e9 mardi apr\u00e8s-midi.<\/p>\n<p class=\"lead \">&#8211; \u00ab\u00a0Engouement\u00a0\u00bb &#8211; <\/p>\n<p class=\"lead \">Pourquoi avoir tant attendu pour agir sur ce dossier?<\/p>\n<p class=\"lead \">Le logement ne fait en principe pas partie des comp\u00e9tences de l&rsquo;Union europ\u00e9enne comme le sont l&rsquo;agriculture, l&rsquo;immigration ou le commerce: il revient aux Etats membres d&rsquo;agir directement.<\/p>\n<p class=\"lead \">Mais la gauche pousse pour que l&rsquo;Europe se saisisse malgr\u00e9 tout du probl\u00e8me.<\/p>\n<p class=\"lead \">\u00ab\u00a0Nous d\u00e9fendons cette cause depuis des ann\u00e9es, mais nous avons eu du mal \u00e0 la placer au c\u0153ur de la politique europ\u00e9enne\u00a0\u00bb, assure l&rsquo;eurod\u00e9put\u00e9e socialiste Irene Tinagli.<\/p>\n<p class=\"lead \">Pour l&rsquo;\u00e9lue italienne, cette crise \u00ab\u00a0est r\u00e9pandue \u00e0 travers tout le continent\u00a0\u00bb et loin d&rsquo;affecter uniquement les centre-villes des m\u00e9tropoles europ\u00e9ennes.<\/p>\n<p class=\"lead \">A la t\u00eate de la Commission logement du Parlement europ\u00e9en, elle assure d&rsquo;ailleurs avoir rencontr\u00e9 une ribambelle de maires europ\u00e9ens r\u00e9clamant que la Commission prenne le dossier \u00e0 bras le corps.<\/p>\n<p class=\"lead \">Face \u00e0 ces sollicitations r\u00e9p\u00e9t\u00e9es, Bruxelles a donc concoct\u00e9 la toute premi\u00e8re strat\u00e9gie europ\u00e9enne sur le logement.<\/p>\n<p class=\"lead \">\u00ab\u00a0Nous avons nous-m\u00eames \u00e9t\u00e9 surpris par l&rsquo;engouement autour de ce dossier\u00a0\u00bb, confie une source au sein de la Commission.<\/p>\n<p class=\"lead \">&#8211; Encadrer les locations de courte dur\u00e9e &#8211;<\/p>\n<p class=\"lead \">Selon une \u00e9bauche du plan consult\u00e9e par l&rsquo;AFP, l&rsquo;ex\u00e9cutif europ\u00e9en pr\u00e9voit de pr\u00e9senter une loi pour encadrer les locations de courte dur\u00e9e, du type Airbnb, notamment dans les grandes villes touristiques, o\u00f9 de nombreux habitants leur reprochent de contribuer \u00e0 la flamb\u00e9e des loyers.<\/p>\n<p class=\"lead \">La crise est particuli\u00e8rement marqu\u00e9e en Espagne, pays qui a accueilli en 2024 un nombre record de visiteurs.<\/p>\n<p class=\"lead \">Cette proposition de loi pourrait entre autres inclure un plafonnement du nombre de nuit\u00e9es autoris\u00e9es.<\/p>\n<p class=\"lead \">Bruxelles veut \u00e9galement dynamiser le secteur de la construction.<\/p>\n<p class=\"lead \">\u00ab\u00a0L&rsquo;id\u00e9e n&rsquo;est pas de proposer un texte exigeant que chaque Etat membre construise tant de maisons qui co\u00fbtent maximum tant d&rsquo;euros\u00a0\u00bb, explique cette source au sein de l&rsquo;ex\u00e9cutif europ\u00e9en.<\/p>\n<p class=\"lead \">Mais plut\u00f4t de contrer les p\u00e9nuries de main d&rsquo;\u0153uvre via un grand programme de formation d&rsquo;apprentis et de modifier certaines normes environnementales afin d&rsquo;acc\u00e9l\u00e9rer la d\u00e9livrance de permis de construire.<\/p>\n<p class=\"lead \">La Commission estime que le continent aura besoin de plus de deux millions de logements par an pour r\u00e9pondre \u00e0 la demande actuelle.<\/p>\n<p class=\"lead \">Elle souhaite \u00e9galement faciliter les investissements des Etats membres dans ce secteur et mobiliser le secteur priv\u00e9.<\/p>\n<p class=\"lead \">Selon ses calculs, jusqu&rsquo;\u00e0 375 milliards d&rsquo;euros pourraient \u00eatre mobilis\u00e9s \u00e0 cet effet d&rsquo;ici 2029.<\/p>\n<p class=\"small font-weight-bold text-gray3 \"> publi\u00e9 le 16 d\u00e9cembre \u00e0 04h42, AFP<\/p>\n<p>                             Partager<\/p>\n","protected":false},"excerpt":{"rendered":"Pour la premi\u00e8re fois de son histoire, l&rsquo;Union europ\u00e9enne veut s&rsquo;attaquer \u00e0 l&rsquo;immense crise du logement qui frappe&hellip;\n","protected":false},"author":2,"featured_media":602245,"comment_status":"","ping_status":"","sticky":false,"template":"","format":"standard","meta":{"footnotes":""},"categories":[1586],"tags":[11,1771,1777,674,33702,1011,27,1116,1908,12,19280,25,3910,13791,801,1778],"class_list":{"0":"post-602244","1":"post","2":"type-post","3":"status-publish","4":"format-standard","5":"has-post-thumbnail","7":"category-europe","8":"tag-actualites","9":"tag-btp","10":"tag-eu","11":"tag-europe","12":"tag-foncier","13":"tag-fr","14":"tag-france","15":"tag-immobilier","16":"tag-logement","17":"tag-news","18":"tag-pauvret","19":"tag-republique-francaise","20":"tag-sdf","21":"tag-socit","22":"tag-social","23":"tag-ue"},"share_on_mastodon":{"url":"https:\/\/pubeurope.com\/@fr\/115727306938067617","error":""},"_links":{"self":[{"href":"https:\/\/www.europesays.com\/fr\/wp-json\/wp\/v2\/posts\/602244","targetHints":{"allow":["GET"]}}],"collection":[{"href":"https:\/\/www.europesays.com\/fr\/wp-json\/wp\/v2\/posts"}],"about":[{"href":"https:\/\/www.europesays.com\/fr\/wp-json\/wp\/v2\/types\/post"}],"author":[{"embeddable":true,"href":"https:\/\/www.europesays.com\/fr\/wp-json\/wp\/v2\/users\/2"}],"replies":[{"embeddable":true,"href":"https:\/\/www.europesays.com\/fr\/wp-json\/wp\/v2\/comments?post=602244"}],"version-history":[{"count":0,"href":"https:\/\/www.europesays.com\/fr\/wp-json\/wp\/v2\/posts\/602244\/revisions"}],"wp:featuredmedia":[{"embeddable":true,"href":"https:\/\/www.europesays.com\/fr\/wp-json\/wp\/v2\/media\/602245"}],"wp:attachment":[{"href":"https:\/\/www.europesays.com\/fr\/wp-json\/wp\/v2\/media?parent=602244"}],"wp:term":[{"taxonomy":"category","embeddable":true,"href":"https:\/\/www.europesays.com\/fr\/wp-json\/wp\/v2\/categories?post=602244"},{"taxonomy":"post_tag","embeddable":true,"href":"https:\/\/www.europesays.com\/fr\/wp-json\/wp\/v2\/tags?post=602244"}],"curies":[{"name":"wp","href":"https:\/\/api.w.org\/{rel}","templated":true}]}}