{"id":602246,"date":"2025-12-16T04:15:39","date_gmt":"2025-12-16T04:15:39","guid":{"rendered":"https:\/\/www.europesays.com\/fr\/602246\/"},"modified":"2025-12-16T04:15:39","modified_gmt":"2025-12-16T04:15:39","slug":"une-majorite-sociale-comme-jamais-il-ny-en-a-eu-au-chili-jose-antonio-kast-triomphe-malgre-le-poids-de-lhistoire","status":"publish","type":"post","link":"https:\/\/www.europesays.com\/fr\/602246\/","title":{"rendered":"\u00ab\u00a0Une majorit\u00e9 sociale comme jamais il n&rsquo;y en a eu au Chili\u00a0\u00bb\u00a0: Jos\u00e9 Antonio Kast triomphe malgr\u00e9 le poids de l&rsquo;histoire"},"content":{"rendered":"<p class=\"ap-StoryElement ap-StoryElement--mb ap-StoryText\">L&rsquo;assistance exulte devant le si\u00e8ge du Parti r\u00e9publicain, fond\u00e9 en 2019 par <a href=\"https:\/\/www.lalibre.be\/international\/amerique\/2025\/12\/15\/jose-antonio-kast-le-president-chilien-dextreme-droite-promet-de-retablir-le-respect-de-la-loi-MERPDCQNUZAXNG5FA4LOYAOVXY\/\" target=\"_self\" rel=\"noopener\">Jos\u00e9 Antonio Kast<\/a>, 59 ans. Candidat \u00e0 la pr\u00e9sidentielle pour la troisi\u00e8me fois, il l&#8217;emporte, et largement. Avec 58,16 %, il devance Jeannette Jara (41,84 %), la communiste repr\u00e9sentante de la gauche, ancienne ministre du socialiste Gabriel Boric, \u00e9lu en 2021. Avec plus de 7 millions d&rsquo;\u00e9lecteurs et la totalit\u00e9 des r\u00e9gions remport\u00e9es, Kast devient le pr\u00e9sident le mieux \u00e9lu de l&rsquo;histoire du Chili, retour de l&rsquo;obligation de vote oblige \u2013 la participation a atteint 85,1 %. Il est aussi le premier sympathisant de la dictature de Pinochet (1973-1990) \u00e0 acc\u00e9der au pouvoir.<\/p>\n<p>Largement majoritaire<\/p>\n<p class=\"ap-StoryElement ap-StoryElement--mb ap-StoryText\">\u00ab\u00a0Une majorit\u00e9 sociale comme jamais il n&rsquo;y en a eu dans l&rsquo;histoire du Chili se dessine\u00a0\u00bb, se r\u00e9jouit le s\u00e9nateur Rojo Edwards, soutien de Kast. Lors de son entr\u00e9e au palais de la Moneda le 11 mars prochain, Kast composera avec un Parlement \u00e0 majorit\u00e9 de droite et d&rsquo;extr\u00eame droite, recompos\u00e9 par les l\u00e9gislatives du 16 novembre. \u00ab\u00a0Le Congr\u00e8s ne pourra s&rsquo;opposer \u00e0 une fermeture des fronti\u00e8res, puisque les Chiliens viennent de voter pour ce programme de gouvernement\u00a0\u00bb, d\u00e9fend Rojo Edwards.<\/p>\n<p><a href=\"\" target=\"_self\" rel=\"noopener noreferrer\" class=\"ap-StoryInterstitialLink ap-StoryElement ap-StoryElement--mb\">L&rsquo;h\u00e9ritier de Pinochet aux portes de la pr\u00e9sidence chilienne<\/a><\/p>\n<p class=\"ap-StoryElement ap-StoryElement--mb ap-StoryText\">La nuit est tomb\u00e9e depuis plus d&rsquo;une heure quand Jos\u00e9 Antonio Kast fait son apparition sur sc\u00e8ne. Le catholique, fils d&rsquo;un soldat nazi ayant fui au <a href=\"https:\/\/www.lalibre.be\/international\/2025\/02\/07\/au-chili-le-systeme-de-retraite-herite-de-la-dictature-enfin-reforme-de-toute-facon-notre-retraite-est-miserable-DE2Z7JBTZRGVFKL3Y6HIBSUSTM\/\" target=\"_self\" rel=\"noopener\">Chili<\/a>, fr\u00e8re d&rsquo;un ministre de Pinochet et p\u00e8re de neuf enfants, \u00ab\u00a0demande \u00e0 Dieu la sagesse, la temp\u00e9rance et la force\u00a0\u00bb. \u00ab\u00a0Nous voulons un gouvernement d&rsquo;unit\u00e9\u00a0\u00bb, mart\u00e8le-t-il. Sa victoire, apr\u00e8s sa deuxi\u00e8me place au premier tour du scrutin, il la doit aussi au soutien du libertaire d&rsquo;extr\u00eame droite Johannes Kaiser (13,94 %), de la candidate de droite Evelyn Matthei (12,46 %) et d&rsquo;une partie des \u00e9lecteurs du populiste Franco Parisi (19,71 %).<\/p>\n<p class=\"ap-StoryElement ap-StoryElement--mb ap-StoryText\">Le pr\u00e9sident \u00e9lu se veut d\u00e9sormais prudent. \u00ab\u00a0Il n&rsquo;y a pas de solutions magiques. Tout ne change pas d&rsquo;un jour \u00e0 l&rsquo;autre.\u00a0\u00bb Les interrogations sont nombreuses sur la mise en \u0153uvre des mesures de son programme de \u00ab\u00a0gouvernement d&rsquo;urgence\u00a0\u00bb : l&rsquo;expulsion des 337 000 \u00e9trangers irr\u00e9guliers et la coupe de 6 milliards de dollars dans les d\u00e9penses publiques en 18 mois. \u00ab\u00a0Il faudrait neuf ann\u00e9es avec des avions de 100 personnes tous les jours pour mener ces expulsions\u00a0\u00bb, a r\u00e9torqu\u00e9 Jara pendant la campagne. \u00ab\u00a0Il va devoir fournir des r\u00e9ponses sur le court et le moyen termes, sinon les gens vont s&rsquo;impatienter\u00a0\u00bb, anticipe Rodrigo, 43 ans, venu \u00e9couter le discours de Kast.<\/p>\n<p><a href=\"\" target=\"_self\" rel=\"noopener noreferrer\" class=\"ap-StoryInterstitialLink ap-StoryElement ap-StoryElement--mb\">Au Chili, une campagne pr\u00e9sidentielle \u00e9lectris\u00e9e par le th\u00e8me de la s\u00e9curit\u00e9\u00a0: \u00ab\u00a0Il est facile de participer \u00e0 la construction d&rsquo;un ennemi interne\u00a0\u00bb<\/a><\/p>\n<p class=\"ap-StoryElement ap-StoryElement--mb ap-StoryText\">La gauche, quant \u00e0 elle, r\u00e9alise son pire score pr\u00e9sidentiel. Malgr\u00e9 des avanc\u00e9es sociales, comme la baisse du temps de travail ou la hausse des pensions, elle n&rsquo;a pas su peser sur les principaux sujets de pr\u00e9occupation. Le sentiment d&rsquo;ins\u00e9curit\u00e9, aliment\u00e9 par l&rsquo;arriv\u00e9e importante d&rsquo;immigr\u00e9s ces derni\u00e8res ann\u00e9es (+ 45 % en cinq ans), est particuli\u00e8rement \u00e9lev\u00e9 en d\u00e9pit de chiffres de la d\u00e9linquance stables, sauf sur les indicateurs du crime organis\u00e9, qui augmentent. Boric, l&rsquo;ancien leader \u00e9tudiant, ne peut que reconna\u00eetre le \u00ab\u00a0triomphe clair\u00a0\u00bb de son successeur. Jeannette Jara promet, elle, son \u00ab\u00a0soutien\u00a0\u00bb \u00e0 Kast \u00ab\u00a0dans tout ce qui sera bon pour le Chili\u00a0\u00bb et une \u00ab\u00a0opposition ferme\u00a0\u00bb face \u00e0 \u00ab\u00a0tout ce qui peut nous faire reculer\u00a0\u00bb. Son public est plus amer, entonnant en ch\u0153ur : \u00ab\u00a0Qui ne saute pas est nazi !\u00a0\u00bb<\/p>\n<p class=\"ap-StoryElement ap-StoryElement--mb ap-StoryText\">\u00ab\u00a0L&rsquo;urgence ne signifie pas l&rsquo;autoritarisme\u00a0\u00bb, a assur\u00e9 Kast, pour dissiper les craintes sur son profil. Mais les fant\u00f4mes du pass\u00e9 ne sont pas loin. Il suffit de s&rsquo;\u00e9loigner de 300 m\u00e8tres de la sc\u00e8ne de son discours pour voir flotter la figure du <a href=\"https:\/\/www.lalibre.be\/international\/2006\/12\/11\/pinochet-1915-2006-3SDELZPENFDF7L4TB7JWYWXM7Q\/\" target=\"_self\" rel=\"noopener\">g\u00e9n\u00e9ral Pinochet<\/a> sur de grands drapeaux. Kast a pris soin de se d\u00e9marquer de ses positions de 2017 et 2021, lorsqu&rsquo;il affirmait que Pinochet aurait vot\u00e9 pour lui s&rsquo;il \u00e9tait encore vivant, s&rsquo;opposait \u00e0 l&rsquo;avortement ou voulait \u00e9liminer le minist\u00e8re de la Femme. Mais les inqui\u00e9tudes demeurent.<\/p>\n<p class=\"ap-StoryElement ap-StoryElement--mb ap-StoryText\">\u00ab\u00a0Il y a ce qui est \u00e9crit dans son programme et il y a ses silences. On ne sait toujours pas o\u00f9 il va effectuer ses coupes budg\u00e9taires. Cela pourrait affecter les programmes sociaux\u00a0\u00bb, pr\u00e9vient le directeur ex\u00e9cutif d&rsquo;Amnesty International Chili, Rodrigo Bustos. L&rsquo;avocat liste de nombreux foyers de pr\u00e9occupation : \u00ab\u00a0d\u00e9r\u00e9gulations sur l&rsquo;environnement, aggravation de la militarisation du sud du Chili [o\u00f9 des communaut\u00e9s autochtones sont en conflit avec l&rsquo;\u00c9tat], soutien aux policiers auteurs de violences, discrimination des femmes, des minorit\u00e9s sexuelles, des migrants\u2026\u00a0\u00bb<\/p>\n<p class=\"ap-StoryElement ap-StoryElement--mb ap-StoryText\">\u00ab\u00a0D\u00e8s ce lundi, il faut redoubler d&rsquo;efforts.\u00a0\u00bb<\/p>\n<p><a href=\"https:\/\/www.lalibre.be\/international\/amerique\/2025\/12\/15\/jose-antonio-kast-le-president-chilien-dextreme-droite-promet-de-retablir-le-respect-de-la-loi-MERPDCQNUZAXNG5FA4LOYAOVXY\/\" target=\"_self\" class=\"ap-StoryInterstitialLink ap-StoryElement ap-StoryElement--mb\" rel=\"noopener\">Jos\u00e9 Antonio Kast, le pr\u00e9sident chilien d&rsquo;extr\u00eame droite, promet de r\u00e9tablir \u00ab\u00a0le respect de la loi\u00a0\u00bb<\/a><\/p>\n","protected":false},"excerpt":{"rendered":"L&rsquo;assistance exulte devant le si\u00e8ge du Parti r\u00e9publicain, fond\u00e9 en 2019 par Jos\u00e9 Antonio Kast, 59 ans. Candidat&hellip;\n","protected":false},"author":2,"featured_media":602247,"comment_status":"","ping_status":"","sticky":false,"template":"","format":"standard","meta":{"footnotes":""},"categories":[1586],"tags":[11,11035,3057,1777,674,1779,1011,27,1227,12,25,1778,364,5995],"class_list":{"0":"post-602246","1":"post","2":"type-post","3":"status-publish","4":"format-standard","5":"has-post-thumbnail","7":"category-europe","8":"tag-actualites","9":"tag-election","10":"tag-essential","11":"tag-eu","12":"tag-europe","13":"tag-european-union","14":"tag-fr","15":"tag-france","16":"tag-horizontal","17":"tag-news","18":"tag-republique-francaise","19":"tag-ue","20":"tag-union-europeenne","21":"tag-vote"},"share_on_mastodon":{"url":"https:\/\/pubeurope.com\/@fr\/115727310733520487","error":""},"_links":{"self":[{"href":"https:\/\/www.europesays.com\/fr\/wp-json\/wp\/v2\/posts\/602246","targetHints":{"allow":["GET"]}}],"collection":[{"href":"https:\/\/www.europesays.com\/fr\/wp-json\/wp\/v2\/posts"}],"about":[{"href":"https:\/\/www.europesays.com\/fr\/wp-json\/wp\/v2\/types\/post"}],"author":[{"embeddable":true,"href":"https:\/\/www.europesays.com\/fr\/wp-json\/wp\/v2\/users\/2"}],"replies":[{"embeddable":true,"href":"https:\/\/www.europesays.com\/fr\/wp-json\/wp\/v2\/comments?post=602246"}],"version-history":[{"count":0,"href":"https:\/\/www.europesays.com\/fr\/wp-json\/wp\/v2\/posts\/602246\/revisions"}],"wp:featuredmedia":[{"embeddable":true,"href":"https:\/\/www.europesays.com\/fr\/wp-json\/wp\/v2\/media\/602247"}],"wp:attachment":[{"href":"https:\/\/www.europesays.com\/fr\/wp-json\/wp\/v2\/media?parent=602246"}],"wp:term":[{"taxonomy":"category","embeddable":true,"href":"https:\/\/www.europesays.com\/fr\/wp-json\/wp\/v2\/categories?post=602246"},{"taxonomy":"post_tag","embeddable":true,"href":"https:\/\/www.europesays.com\/fr\/wp-json\/wp\/v2\/tags?post=602246"}],"curies":[{"name":"wp","href":"https:\/\/api.w.org\/{rel}","templated":true}]}}