{"id":602258,"date":"2025-12-16T04:27:27","date_gmt":"2025-12-16T04:27:27","guid":{"rendered":"https:\/\/www.europesays.com\/fr\/602258\/"},"modified":"2025-12-16T04:27:27","modified_gmt":"2025-12-16T04:27:27","slug":"cyclisme-transfert-derek-gee-finalement-en-partance-pour-lidl-trek-leader-sur-le-giro","status":"publish","type":"post","link":"https:\/\/www.europesays.com\/fr\/602258\/","title":{"rendered":"Cyclisme. Transfert &#8211; Derek Gee finalement en partance pour Lidl-Trek&#8230; leader sur le Giro ?"},"content":{"rendered":"<p><strong><a href=\"https:\/\/www.cyclismactu.net\/..\/news-transfert-route-derek-gee-tres-important-de-donner-ma-version-des-faits-90527.html\" target=\"_blank\" rel=\"noopener\">Derek Gee<\/a><\/strong> suscite les convoitises depuis sa rupture de contrat anticip\u00e9e, qui pourrait rapporter 30 millions d&rsquo;euros de dommages et int\u00e9r\u00eats \u00e0 son ancien employeur,\u00a0<strong>Israel-Premier Tech<\/strong>. Selon <a href=\"https:\/\/dnlbenson.substack.com\/p\/cycling-transfers-is-derek-gee-heading\" target=\"_blank\" rel=\"noopener\">Daniel Benson<\/a>, la <strong><a href=\"https:\/\/www.cyclismactu.net\/..\/news-interview-route-juan-ayuso-lidl-trek-un-soutien-que-n-ai-jamais-eu-auparavant-91220.html\" target=\"_blank\" rel=\"noopener\">Lidl-Trek<\/a><\/strong> semble tenir la corde pour attirer le Canadien malgr\u00e9 l&rsquo;int\u00e9r\u00eat d<a href=\"https:\/\/www.cyclismactu.net\/..\/news-transfert-route-ineos-grenadiers-aura-un-solide-sprinteur-dans-son-effectif-en-2026-91247.html\" target=\"_blank\" rel=\"noopener\">&lsquo;<strong>INEOS Grenadiers<\/strong><\/a>. La formation allemande se doterait d&rsquo;un coureur en pleine force de l&rsquo;\u00e2ge, 28 ans, fort de solides r\u00e9sultats sur les <strong>Grands Tours<\/strong>,\u00a0deux top 10, le secteur pr\u00e9cis dans lequel la\u00a0<strong>Lidl Trek<\/strong> a tent\u00e9 de se renforcer.<\/p>\n<p>Vid\u00e9o &#8211; Derek Gee, vainqueur d&rsquo;O Gran Camino cette ann\u00e9e Lire la suite de l&rsquo;article&#13;<\/p>\n<p>\u00a0<\/p>\n<p>&#13;<br \/>\nLes deux parties seraient gagnantes&#13;<\/p>\n<p>La <strong>Lidl-Trek<\/strong> n&rsquo;a r\u00e9alis\u00e9 aucun top 10 sur les classements g\u00e9n\u00e9raux des <strong>Grands Tours<\/strong> cette saison. De plus, <strong>Giulio Ciccone<\/strong> a r\u00e9cemment d\u00e9clarer ne plus viser le g\u00e9n\u00e9ral sur les courses de plus d&rsquo;une semaine. Enfin, de nombreuses inconnues substistent sur la capacit\u00e9 de <strong>Tao Geoghegan Hart<\/strong> \u00e0 briller \u00e0 nouveau. Malgr\u00e9 la recrutement de <strong>Juan Ayuso<\/strong>, l&rsquo;\u00e9quipe a besoin d&rsquo;un autre leader et <strong>Derek Gee<\/strong> est une bonne id\u00e9e, et pour les deux parties. La <strong>Lidl-Trek<\/strong> se renforce avec un coureur qui sait performer sur les <strong>Grands Tours<\/strong> : auteur de deux top 10, le dernier sur le pr\u00e9c\u00e9dent <strong>Tour d&rsquo;Italie<\/strong>. Quant \u00e0 <strong>Gee<\/strong>, il int\u00e8gre une \u00e9quipe qui a la science de la gagne, et les ressources pour l&rsquo;accompagner dans sa progression.<\/p>\n","protected":false},"excerpt":{"rendered":"Derek Gee suscite les convoitises depuis sa rupture de contrat anticip\u00e9e, qui pourrait rapporter 30 millions d&rsquo;euros de&hellip;\n","protected":false},"author":2,"featured_media":602259,"comment_status":"","ping_status":"","sticky":false,"template":"","format":"standard","meta":{"footnotes":""},"categories":[1411],"tags":[1154,207,211,1011,27,209,60,210,969,212,208,213],"class_list":{"0":"post-602258","1":"post","2":"type-post","3":"status-publish","4":"format-standard","5":"has-post-thumbnail","7":"category-cyclisme","8":"tag-cycling","9":"tag-cyclisme","10":"tag-ffc","11":"tag-fr","12":"tag-france","13":"tag-route","14":"tag-sports","15":"tag-tour-de-france","16":"tag-transfert","17":"tag-uci","18":"tag-velo","19":"tag-world-tour"},"share_on_mastodon":{"url":"https:\/\/pubeurope.com\/@fr\/115727358045604440","error":""},"_links":{"self":[{"href":"https:\/\/www.europesays.com\/fr\/wp-json\/wp\/v2\/posts\/602258","targetHints":{"allow":["GET"]}}],"collection":[{"href":"https:\/\/www.europesays.com\/fr\/wp-json\/wp\/v2\/posts"}],"about":[{"href":"https:\/\/www.europesays.com\/fr\/wp-json\/wp\/v2\/types\/post"}],"author":[{"embeddable":true,"href":"https:\/\/www.europesays.com\/fr\/wp-json\/wp\/v2\/users\/2"}],"replies":[{"embeddable":true,"href":"https:\/\/www.europesays.com\/fr\/wp-json\/wp\/v2\/comments?post=602258"}],"version-history":[{"count":0,"href":"https:\/\/www.europesays.com\/fr\/wp-json\/wp\/v2\/posts\/602258\/revisions"}],"wp:featuredmedia":[{"embeddable":true,"href":"https:\/\/www.europesays.com\/fr\/wp-json\/wp\/v2\/media\/602259"}],"wp:attachment":[{"href":"https:\/\/www.europesays.com\/fr\/wp-json\/wp\/v2\/media?parent=602258"}],"wp:term":[{"taxonomy":"category","embeddable":true,"href":"https:\/\/www.europesays.com\/fr\/wp-json\/wp\/v2\/categories?post=602258"},{"taxonomy":"post_tag","embeddable":true,"href":"https:\/\/www.europesays.com\/fr\/wp-json\/wp\/v2\/tags?post=602258"}],"curies":[{"name":"wp","href":"https:\/\/api.w.org\/{rel}","templated":true}]}}