{"id":602262,"date":"2025-12-16T04:29:21","date_gmt":"2025-12-16T04:29:21","guid":{"rendered":"https:\/\/www.europesays.com\/fr\/602262\/"},"modified":"2025-12-16T04:29:21","modified_gmt":"2025-12-16T04:29:21","slug":"patrick-sebastien-sur-la-banquette-avec-pierre-palmade-il-revient-sur-leur-folle-nuit","status":"publish","type":"post","link":"https:\/\/www.europesays.com\/fr\/602262\/","title":{"rendered":"Patrick S\u00e9bastien \u00ab\u00a0sur la banquette\u00a0\u00bb avec Pierre Palmade, il revient sur leur folle nuit"},"content":{"rendered":"<p>L\u2019affaire <strong>Pierre Palmade<\/strong> a secou\u00e9 l\u2019opinion<br \/>\npublique depuis f\u00e9vrier 2023. Sous l\u2019influence de coca\u00efne et de<br \/>\ndrogues de synth\u00e8se, l\u2019humoriste a provoqu\u00e9 un grave accident de la<br \/>\nroute, entra\u00eenant la perte tragique du b\u00e9b\u00e9 d\u2019une femme enceinte de<br \/>\nsix mois. La justice l\u2019a condamn\u00e9 \u00e0 cinq ans de prison, dont trois<br \/>\navec sursis, et cette affaire a d\u00e9clench\u00e9 de nombreuses r\u00e9actions<br \/>\nautour de lui. Les proches du condamn\u00e9 ont choisi des positions<br \/>\ntr\u00e8s diff\u00e9rentes : certains ont pris leurs distances, tandis que<br \/>\nd\u2019autres lui ont manifest\u00e9 leur soutien. <strong>Patrick<br \/>\nS\u00e9bastien<\/strong> a \u00e9voqu\u00e9 l\u2019affaire dans son livre<br \/>\nNostalvie et a racont\u00e9 un souvenir marquant d\u2019une soir\u00e9e<br \/>\nqu\u2019il avait partag\u00e9e avec l\u2019humoriste il y a environ trente<br \/>\nans&#8230;<\/p>\n<p>Patrick S\u00e9bastien : du cabaret \u00e0 la plume<\/p>\n<p>Il a marqu\u00e9 plusieurs g\u00e9n\u00e9rations gr\u00e2ce \u00e0 ses \u00e9missions<br \/>\nembl\u00e9matiques comme Carnaval, S\u00e9bastien c\u2019est<br \/>\nfou, Surprise sur prise ! ou Le plus grand cabaret du<br \/>\nmonde. Sa carri\u00e8re s\u2019est \u00e9galement illustr\u00e9e dans la musique avec<br \/>\ndes succ\u00e8s tels que Le petit bonhomme en mousse et Les<br \/>\nsardines. Aujourd\u2019hui, le septuag\u00e9naire n\u2019anime plus aucun<br \/>\nprogramme, mais ses projets restent au centre des sp\u00e9culations,<br \/>\n<a href=\"https:\/\/www.melty.fr\/tele\/tbt9-patrick-sebastien-prochain-president-de-la-republique-lartiste-ultra-cash-pourquoi-pas-2268875.html\" target=\"_blank\" rel=\"noopener\"><br \/>\ncertains \u00e9voquant m\u00eame ses ambitions politiques, comme il l\u2019avait<br \/>\nlaiss\u00e9 entendre sur le plateau de TBT9 de Cyril Hanouna<\/a>.<\/p>\n<p>En parall\u00e8le, l\u00a0\u00bbancien compagnon de <strong>Fanfan<\/strong><br \/>\ns\u2019est consacr\u00e9 \u00e0 l\u2019\u00e9criture. Dans son ouvrage Nostalvie,<br \/>\nil livre une opinion tr\u00e8s tranch\u00e9e sur Pierre Palmade et raconte<br \/>\nune anecdote saisissante \u00e0 propos de celui de l&rsquo;humoriste qui a vu<br \/>\nsa vie basculer apr\u00e8s un terrible accident dans lequel il \u00e9tait mis<br \/>\nen cause.<\/p>\n<p>\u00ab\u00a0J\u2019aimais bien Pierre\u00a0\u00bb<\/p>\n<p><a href=\"https:\/\/www.nextplz.fr\/people\/383672-pierre-palmade-sur-la-banquette-avec-patrick-sebastien-viree-en-boite-de-nuit-tres-remarquee\" target=\"_blank\" rel=\"noopener\">Dans un article publi\u00e9 par nos<br \/>\nconfr\u00e8res de Nextplz<\/a>, on peut lire que Patrick S\u00e9bastien<br \/>\nreconna\u00eet qu\u2019il appr\u00e9cie Pierre Palmade, mais il ne minimise pas<br \/>\nses actes. Pour l\u2019ancien animateur du Plus grand cabaret du<br \/>\nmonde, <strong>l\u2019addiction de l\u2019humoriste a \u00e9t\u00e9 un choix<br \/>\npersonnel<\/strong>\u00a0: \u00ab Pour moi, malgr\u00e9 l\u2019amiti\u00e9 que je<br \/>\nlui porte, les circonstances ne sont pas att\u00e9nuantes, elles sont<br \/>\naggravantes. \u00bb Il rappelle ainsi que, malgr\u00e9 l\u2019affection qu\u2019il<br \/>\nlui porte, il juge les cons\u00e9quences de ses actions s\u00e9v\u00e8rement.<\/p>\n<p>Le chanteur se rem\u00e9more cependant des souvenirs partag\u00e9s il y a<br \/>\ntrente ans, lorsqu\u2019il fr\u00e9quentait l&rsquo;humoriste <strong>avant que son<br \/>\naddiction ne prenne totalement le dessus<\/strong>. \u00ab J\u2019aimais<br \/>\nbien Pierre. Sans \u00eatre un intime, j\u2019ai eu l\u2019occasion de partager<br \/>\nquelques soir\u00e9es avec lui, il y a longtemps. Quand son addiction<br \/>\n\u00e9tait d\u00e9j\u00e0 l\u00e0, mais ne l\u2019avait pas totalement asservi. Il \u00e9tait<br \/>\ndr\u00f4le, cinglant. Je me souviens d\u2019une r\u00e9plique qui, dans sa<br \/>\nsituation actuelle, prend encore plus de relief. \u00bb<\/p>\n<p>Le septuag\u00e9naire raconte notamment une sc\u00e8ne en bo\u00eete de nuit :<br \/>\n\u00ab C\u2019\u00e9tait dans une bo\u00eete \u00e0 la mode, il y a trente ans. Sur une<br \/>\nbanquette, il y avait une c\u00e9l\u00e9brit\u00e9. Pas une star. Un gentil gar\u00e7on<br \/>\nd\u2019une cinquantaine d\u2019ann\u00e9es \u00e0 l\u2019\u00e9poque. Costaud, fort en gueule, un<br \/>\npeu beauf, il paradait. Il \u00e9tait entour\u00e9 d\u2019une grappe de jolies<br \/>\nfilles beaucoup plus jeunes que lui. \u00bb Palmade aurait alors<br \/>\ndit : \u00ab Tu vois, \u00ab machin \u00bb, l\u00e0-bas ? Il est malheureux, mais<br \/>\nil ne le sait pas. Je vais aller le lui dire ! \u00bb Bien qu\u2019il<br \/>\nn\u2019y soit pas all\u00e9, <strong>cette remarque r\u00e9sonne aujourd\u2019hui<br \/>\nencore<\/strong> dans la m\u00e9moire de Patrick S\u00e9bastien : \u00ab ce<br \/>\nqu\u2019il pensait de \u00ab machin \u00bb, ce n\u2019\u00e9tait pas d\u2019abord ce qu\u2019il<br \/>\npensait de lui-m\u00eame ? Je crois sinc\u00e8rement que oui. \u00bb<\/p>\n<p>Patrick S\u00e9bastien bient\u00f4t convoqu\u00e9 par<br \/>\nl\u2019Assembl\u00e9e ?<\/p>\n<p>L&rsquo;interpr\u00e8te de Tourner les Serviettes pourrait<br \/>\nprochainement \u00eatre entendu par la commission d\u2019enqu\u00eate sur<br \/>\nl\u2019audiovisuel public, aux c\u00f4t\u00e9s d\u2019autres anciens visages<br \/>\nembl\u00e9matiques de France 2. Depuis son d\u00e9part de la cha\u00eene en 2019,<br \/>\napr\u00e8s la fameuse chasse \u00ab aux hommes blancs de plus de 50<br \/>\nans \u00bb lanc\u00e9e par <strong>Delphine Ernotte<\/strong>, son nom<br \/>\ncircule pour cette audition.<\/p>\n<p>Pour l\u2019instant, le pr\u00e9sident <strong>J\u00e9r\u00e9mie<br \/>\nPatrier-Leitus<\/strong> freine sa convocation, mais ses proches<br \/>\nestiment qu\u2019il aurait \u00ab \u00e9norm\u00e9ment de choses \u00e0 dire \u00bb. Ce<br \/>\npossible t\u00e9moignage promet de faire parler, tant l\u2019animateur,<br \/>\n<a href=\"https:\/\/www.melty.fr\/people\/patrick-sebastien-victime-dun-grave-accident-michel-sardou-laide-financierement-jai-cru-que-2279170.html\" target=\"_blank\" rel=\"noopener\"><br \/>\nqui a re\u00e7u une aide inestimable de Michel Sardou<\/a>, conna\u00eet les<br \/>\ncoulisses de la t\u00e9l\u00e9vision et les \u00e9volutions de l\u2019audiovisuel<br \/>\npublic.<\/p>\n","protected":false},"excerpt":{"rendered":"L\u2019affaire Pierre Palmade a secou\u00e9 l\u2019opinion publique depuis f\u00e9vrier 2023. Sous l\u2019influence de coca\u00efne et de drogues de&hellip;\n","protected":false},"author":2,"featured_media":602263,"comment_status":"","ping_status":"","sticky":false,"template":"","format":"standard","meta":{"footnotes":""},"categories":[1359],"tags":[58,59,1011,27,6097,973,1250,65861],"class_list":{"0":"post-602262","1":"post","2":"type-post","3":"status-publish","4":"format-standard","5":"has-post-thumbnail","7":"category-people","8":"tag-divertissement","9":"tag-entertainment","10":"tag-fr","11":"tag-france","12":"tag-patrick-sebastien","13":"tag-people","14":"tag-pierre-palmade","15":"tag-trend"},"share_on_mastodon":{"url":"https:\/\/pubeurope.com\/@fr\/115727365726517403","error":""},"_links":{"self":[{"href":"https:\/\/www.europesays.com\/fr\/wp-json\/wp\/v2\/posts\/602262","targetHints":{"allow":["GET"]}}],"collection":[{"href":"https:\/\/www.europesays.com\/fr\/wp-json\/wp\/v2\/posts"}],"about":[{"href":"https:\/\/www.europesays.com\/fr\/wp-json\/wp\/v2\/types\/post"}],"author":[{"embeddable":true,"href":"https:\/\/www.europesays.com\/fr\/wp-json\/wp\/v2\/users\/2"}],"replies":[{"embeddable":true,"href":"https:\/\/www.europesays.com\/fr\/wp-json\/wp\/v2\/comments?post=602262"}],"version-history":[{"count":0,"href":"https:\/\/www.europesays.com\/fr\/wp-json\/wp\/v2\/posts\/602262\/revisions"}],"wp:featuredmedia":[{"embeddable":true,"href":"https:\/\/www.europesays.com\/fr\/wp-json\/wp\/v2\/media\/602263"}],"wp:attachment":[{"href":"https:\/\/www.europesays.com\/fr\/wp-json\/wp\/v2\/media?parent=602262"}],"wp:term":[{"taxonomy":"category","embeddable":true,"href":"https:\/\/www.europesays.com\/fr\/wp-json\/wp\/v2\/categories?post=602262"},{"taxonomy":"post_tag","embeddable":true,"href":"https:\/\/www.europesays.com\/fr\/wp-json\/wp\/v2\/tags?post=602262"}],"curies":[{"name":"wp","href":"https:\/\/api.w.org\/{rel}","templated":true}]}}