{"id":602264,"date":"2025-12-16T04:32:12","date_gmt":"2025-12-16T04:32:12","guid":{"rendered":"https:\/\/www.europesays.com\/fr\/602264\/"},"modified":"2025-12-16T04:32:12","modified_gmt":"2025-12-16T04:32:12","slug":"deces-de-larchitecte-denis-valode-lun-des-plus-influents-de-france-actualites","status":"publish","type":"post","link":"https:\/\/www.europesays.com\/fr\/602264\/","title":{"rendered":"D\u00e9c\u00e8s de l&rsquo;architecte Denis Valode, l&rsquo;un des plus influents de France : Actualit\u00e9s"},"content":{"rendered":"<p class=\"lead \">L&rsquo;architecte Denis Valode, qui a r\u00e9alis\u00e9 de nombreux projets en France et dans le monde, dont l&rsquo;extension en mer de Monaco ou la tour Saint-Gobain \u00e0 La D\u00e9fense, est d\u00e9c\u00e9d\u00e9 mardi, a annonc\u00e9 jeudi son agence.<\/p>\n<p class=\"lead \">Denis Valode, mort \u00e0 79 ans des suites d&rsquo;une longue maladie, \u00e9tait le co-fondateur, avec Jean Pistre, de Valode &amp; Pistre, l&rsquo;une des plus grandes agences d&rsquo;architecture et d&rsquo;urbanisme en France. <\/p>\n<p class=\"lead \">Implant\u00e9e \u00e0 Paris et P\u00e9kin, elle a \u00e9t\u00e9 fr\u00e9quemment r\u00e9compens\u00e9e par des prix architecturaux, dont l&rsquo;\u00c9querre d&rsquo;Argent, depuis sa cr\u00e9ation en 1980. <\/p>\n<p class=\"lead \">Denis Valode \u00e9tait \u00ab\u00a0un architecte de grand talent et un dessinateur hors pair\u00a0\u00bb, a soulign\u00e9 son agence dans un communiqu\u00e9.<\/p>\n<p class=\"lead \">Parmi les r\u00e9alisations les plus notables de Valode &amp; Pistre, figurent le Grand Stade Pierre Mauroy \u00e0 Lille, les Tours T1 et Saint-Gobain \u00e0 la D\u00e9fense, l&rsquo;extension en mer de Monaco sur six hectares, le parc des expositions de Shenzhen en Chine, plusieurs gares du Grand Paris Express, le Mus\u00e9e d&rsquo;art contemporain de Bordeaux ou encore le centre commercial Beaugrenelle \u00e0 Paris.<\/p>\n<p class=\"lead \">Moins c\u00e9l\u00e8bres que les architectes stars comme Jean Nouvel ou Dominique Perrault, Denis Valode et Jean Pistre avaient pris publiquement position contre les projets de moderniser l&rsquo;apparence de Notre-Dame de Paris apr\u00e8s l&rsquo;incendie de 2019. La cath\u00e9drale \u00ab\u00a0doit \u00eatre reconstruite exactement \u00e0 l&rsquo;identique\u00a0\u00bb, avaient-ils demand\u00e9. <\/p>\n<p class=\"small font-weight-bold text-gray3 \"> publi\u00e9 le 11 d\u00e9cembre \u00e0 16h53, AFP<\/p>\n<p>                             Partager<\/p>\n","protected":false},"excerpt":{"rendered":"L&rsquo;architecte Denis Valode, qui a r\u00e9alis\u00e9 de nombreux projets en France et dans le monde, dont l&rsquo;extension en&hellip;\n","protected":false},"author":2,"featured_media":602265,"comment_status":"","ping_status":"","sticky":false,"template":"","format":"standard","meta":{"footnotes":""},"categories":[1358],"tags":[1350,1348,1384,1385,24563,1386,58,59,1011,27],"class_list":{"0":"post-602264","1":"post","2":"type-post","3":"status-publish","4":"format-standard","5":"has-post-thumbnail","7":"category-arts-et-design","8":"tag-architecture","9":"tag-arts","10":"tag-arts-and-design","11":"tag-arts-et-design","12":"tag-dcs","13":"tag-design","14":"tag-divertissement","15":"tag-entertainment","16":"tag-fr","17":"tag-france"},"share_on_mastodon":{"url":"https:\/\/pubeurope.com\/@fr\/115727377571453673","error":""},"_links":{"self":[{"href":"https:\/\/www.europesays.com\/fr\/wp-json\/wp\/v2\/posts\/602264","targetHints":{"allow":["GET"]}}],"collection":[{"href":"https:\/\/www.europesays.com\/fr\/wp-json\/wp\/v2\/posts"}],"about":[{"href":"https:\/\/www.europesays.com\/fr\/wp-json\/wp\/v2\/types\/post"}],"author":[{"embeddable":true,"href":"https:\/\/www.europesays.com\/fr\/wp-json\/wp\/v2\/users\/2"}],"replies":[{"embeddable":true,"href":"https:\/\/www.europesays.com\/fr\/wp-json\/wp\/v2\/comments?post=602264"}],"version-history":[{"count":0,"href":"https:\/\/www.europesays.com\/fr\/wp-json\/wp\/v2\/posts\/602264\/revisions"}],"wp:featuredmedia":[{"embeddable":true,"href":"https:\/\/www.europesays.com\/fr\/wp-json\/wp\/v2\/media\/602265"}],"wp:attachment":[{"href":"https:\/\/www.europesays.com\/fr\/wp-json\/wp\/v2\/media?parent=602264"}],"wp:term":[{"taxonomy":"category","embeddable":true,"href":"https:\/\/www.europesays.com\/fr\/wp-json\/wp\/v2\/categories?post=602264"},{"taxonomy":"post_tag","embeddable":true,"href":"https:\/\/www.europesays.com\/fr\/wp-json\/wp\/v2\/tags?post=602264"}],"curies":[{"name":"wp","href":"https:\/\/api.w.org\/{rel}","templated":true}]}}