{"id":602266,"date":"2025-12-16T04:34:21","date_gmt":"2025-12-16T04:34:21","guid":{"rendered":"https:\/\/www.europesays.com\/fr\/602266\/"},"modified":"2025-12-16T04:34:21","modified_gmt":"2025-12-16T04:34:21","slug":"cyril-hanouna-fan-du-programme-de-tf1-il-r","status":"publish","type":"post","link":"https:\/\/www.europesays.com\/fr\/602266\/","title":{"rendered":"Cyril Hanouna, fan du programme de TF1 ? Il r &#8230;"},"content":{"rendered":"<p>EN BREF<\/p>\n<ul class=\"bloc_resume_post_list\">\n<li>Cyril Hanouna et son \u00e9quipe ont d\u00e9brief\u00e9 les \u00e9missions du<br \/>\nweek-end dans Tout Beau Tout N9uf sur W9 ce lundi 15<br \/>\nd\u00e9cembre.<\/li>\n<li>Le roi du Paf en a profit\u00e9 pour livrer son avis tranch\u00e9<br \/>\nsur la saison 13 de la Star Academy.<\/li>\n<li>Et une chose est s\u00fbre, Baba n\u00a0\u00bba pas froid aux yeux<br \/>\n!<\/li>\n<\/ul>\n<p>Comme tous les lundis, Cyril Hanouna dresse le bilan des<br \/>\nprogrammes du week-end sur le petit \u00e9cran. Quelles \u00e9missions ont<br \/>\ncartonn\u00e9 en prime-time ? Et c&rsquo;est avec grande surprise qu&rsquo;un des<br \/>\nc\u00e9l\u00e8bres programmes de TF1 a fait un \u00ab\u00a0flop\u00a0\u00bb&#8230; En effet, en mati\u00e8re<br \/>\nd&rsquo;audiences, la Star Academy a \u00e9t\u00e9 d\u00e9pass\u00e9e par le<br \/>\nt\u00e9l\u00e9film de France 3, Meurtres en pays catalan ainsi que<br \/>\nla rediffusion du jeu 100% Logique sur France 2, anim\u00e9 par<br \/>\nCyril F\u00e9raud.<\/p>\n<p>Au total, 4 millions pour le t\u00e9l\u00e9film policier, 2,9 millions<br \/>\npour le jeu et 2,8 millions pour le t\u00e9l\u00e9-crochet. De quoi<br \/>\nsurprendre Cyril Hanouna. Le roi du Paf a soulign\u00e9 ces r\u00e9sultats<br \/>\ndans Tout Beau Tout N9uf ce lundi 15 d\u00e9cembre. \u00ab\u00a0C&rsquo;est<br \/>\ndingue, a-t-il estim\u00e9. C&rsquo;est fou. (&#8230;) <a href=\"https:\/\/www.telestar.fr\/actu_tv\/100-logique-voici-la-question-a-laquelle-seulement-1-des-francais-peuvent-repondre-1716956\" target=\"_blank\" rel=\"noopener\"><br \/>\nFranchement, incroyable les scores de 100% Logique.<\/a>\u00ab\u00a0<\/p>\n<p>L&rsquo;\u00e9limination de L\u00e9o fait r\u00e9agir<\/p>\n<p>Baba r\u00e9agit avec d\u00e9rision \u00e0 la nouvelle qui a fait le buzz \u00e0 la<br \/>\nStar Academy ce dimanche 14 d\u00e9cembre : \u00ab\u00a0<a href=\"https:\/\/www.telestar.fr\/actu_tv\/star-academy-2025-et-si-leo-avait-encore-une-petite-chance-de-participer-a-la-tournee-1748415\" target=\"_blank\" rel=\"noopener\">Il<br \/>\ny a un gars qui ne va pas faire la tourn\u00e9e.<\/a> Je sais plus qui<br \/>\nc&rsquo;est&#8230; C&rsquo;est L\u00e9o ! \u00c7a m&rsquo;a flingu\u00e9 pour week-end. Je vous avoue<br \/>\nque j&rsquo;\u00e9tais pas bien.\u00a0\u00bb En effet, L\u00e9o, a vu l&rsquo;aventure se<br \/>\nterminer pour lui ce week-end aux portes des qualifications pour la<br \/>\ntourn\u00e9e 2026. \u00ab\u00a0Son d\u00e9part a surpris beaucoup de monde, pas moi,<br \/>\n\u00e7a ne m\u2019a pas surpris puisque j\u2019en avais rien \u00e0 carrer, a<br \/>\nl\u00e2ch\u00e9 l&rsquo;animateur de W9 avec naturel. Je n\u2019ai rien contre lui,<br \/>\nje ne sais pas qui c\u2019est et je l\u2019embrasse d\u2019ailleurs.\u00a0\u00bb<\/p>\n<p>Si L\u00e9o en a pris pour son grade, ce n&rsquo;est pas le seul a avoir<br \/>\ninspir\u00e9 les commentaires de Cyril Hanouna ! En effet, le show livr\u00e9<br \/>\npar tous les \u00e9l\u00e8ves du ch\u00e2teau des Vives-Eaux n&rsquo;a semble-t-il pas<br \/>\n\u00e9t\u00e9 \u00e0 la hauteur. \u00ab\u00a0Il y avait une performance tr\u00e8s attendue,<br \/>\ncelle du titre APT, commence par rappeler Cyril Hanouna.<br \/>\nOn va pas se mentir, on aurait dit qu&rsquo;on \u00e9tait \u00e0 la f\u00eate de fin<br \/>\nd&rsquo;ann\u00e9e des \u00e9tudiants&#8230; Regardez.\u00a0\u00bb\u00a0 Mais les prouesses<br \/>\nartistiques des \u00e9l\u00e8ves finiront pas le faire changer d&rsquo;avis,<br \/>\nnotamment cette fameuse toupie de L\u00e9o : un port\u00e9 p\u00e9rilleux r\u00e9alis\u00e9<br \/>\navec les danseurs en plateau qui a fait couler beaucoup d&rsquo;encre !<br \/>\n\u00ab\u00a0Ben moi, j&rsquo;aime bien\u00a0\u00bb, finira par conc\u00e9der Cyril<br \/>\nHanouna.<\/p>\n<p>Des projets plein la t\u00eate<\/p>\n<p><a href=\"https:\/\/www.telestar.fr\/actu_tv\/exclu-leo-elimine-de-la-star-academy-jeanne-rupture-repechage-a-la-tournee-il-dit-tout-1748474\" target=\"_blank\" rel=\"noopener\"><br \/>\nL\u00e9o accepte le sort qui lui a \u00e9t\u00e9 r\u00e9serv\u00e9 ce dimanche.<\/a> Dans une<br \/>\ninterview accord\u00e9e \u00e0 T\u00e9l\u00e9 Star ce 15 d\u00e9cembre, il a<br \/>\nd\u00e9clar\u00e9 n&rsquo;avoir \u00ab\u00a0pas d&rsquo;autre choix que d&rsquo;accepter la d\u00e9cision<br \/>\ndu public\u00a0\u00bb. Un regret de ne pas participer \u00e0 la tourn\u00e9e qu&rsquo;il<br \/>\naccepte malgr\u00e9 tout. \u00ab\u00a0Je r\u00eave encore de cette tourn\u00e9e, c&rsquo;est<br \/>\ndur d&rsquo;en faire le deuil donc \u00e9videmment que s&rsquo;il y avait une petite<br \/>\nchance, je la saisirai, a-t-il assur\u00e9. Mais je ne veux pas<br \/>\nnon plus y croire pour rien.\u00a0\u00bb Tout n&rsquo;est pas fini pour<br \/>\nl&rsquo;acolyte de Jeanne dans l&rsquo;aventure qui a des projets : \u00a0\u00bb J&rsquo;ai<br \/>\n\u00e9crit avec Jeanne et tout seul. Pas mal de choses sont d\u00e9j\u00e0 sorties<br \/>\nde ma t\u00eate. J&rsquo;ai trop h\u00e2te de montrer encore plus qui je suis et<br \/>\npartager mon univers.\u00a0\u00bb Affaire \u00e0 suivre !<\/p>\n","protected":false},"excerpt":{"rendered":"EN BREF Cyril Hanouna et son \u00e9quipe ont d\u00e9brief\u00e9 les \u00e9missions du week-end dans Tout Beau Tout N9uf&hellip;\n","protected":false},"author":2,"featured_media":602267,"comment_status":"","ping_status":"","sticky":false,"template":"","format":"standard","meta":{"footnotes":""},"categories":[1356],"tags":[548,1083,58,59,1011,27,252,549,22497,49534,1364],"class_list":{"0":"post-602266","1":"post","2":"type-post","3":"status-publish","4":"format-standard","5":"has-post-thumbnail","7":"category-television","8":"tag-article-simple","9":"tag-cyril-hanouna","10":"tag-divertissement","11":"tag-entertainment","12":"tag-fr","13":"tag-france","14":"tag-television","15":"tag-touche-pas-a-mon-poste","16":"tag-tout-beau","17":"tag-tout-n9uf","18":"tag-tv"},"share_on_mastodon":{"url":"https:\/\/pubeurope.com\/@fr\/115727385543313932","error":""},"_links":{"self":[{"href":"https:\/\/www.europesays.com\/fr\/wp-json\/wp\/v2\/posts\/602266","targetHints":{"allow":["GET"]}}],"collection":[{"href":"https:\/\/www.europesays.com\/fr\/wp-json\/wp\/v2\/posts"}],"about":[{"href":"https:\/\/www.europesays.com\/fr\/wp-json\/wp\/v2\/types\/post"}],"author":[{"embeddable":true,"href":"https:\/\/www.europesays.com\/fr\/wp-json\/wp\/v2\/users\/2"}],"replies":[{"embeddable":true,"href":"https:\/\/www.europesays.com\/fr\/wp-json\/wp\/v2\/comments?post=602266"}],"version-history":[{"count":0,"href":"https:\/\/www.europesays.com\/fr\/wp-json\/wp\/v2\/posts\/602266\/revisions"}],"wp:featuredmedia":[{"embeddable":true,"href":"https:\/\/www.europesays.com\/fr\/wp-json\/wp\/v2\/media\/602267"}],"wp:attachment":[{"href":"https:\/\/www.europesays.com\/fr\/wp-json\/wp\/v2\/media?parent=602266"}],"wp:term":[{"taxonomy":"category","embeddable":true,"href":"https:\/\/www.europesays.com\/fr\/wp-json\/wp\/v2\/categories?post=602266"},{"taxonomy":"post_tag","embeddable":true,"href":"https:\/\/www.europesays.com\/fr\/wp-json\/wp\/v2\/tags?post=602266"}],"curies":[{"name":"wp","href":"https:\/\/api.w.org\/{rel}","templated":true}]}}