{"id":60227,"date":"2025-04-28T21:30:09","date_gmt":"2025-04-28T21:30:09","guid":{"rendered":"https:\/\/www.europesays.com\/fr\/60227\/"},"modified":"2025-04-28T21:30:09","modified_gmt":"2025-04-28T21:30:09","slug":"la-bulgarie-pourrait-jouer-un-role-cle-dans-les-efforts-de-defense-europeens-selon-antonio-costa","status":"publish","type":"post","link":"https:\/\/www.europesays.com\/fr\/60227\/","title":{"rendered":"La Bulgarie pourrait jouer un r\u00f4le cl\u00e9 dans les efforts de d\u00e9fense europ\u00e9ens, selon Ant\u00f3nio Costa"},"content":{"rendered":"<p><img decoding=\"async\" class=\"c-ad__placeholder__logo\" src=\"https:\/\/www.europesays.com\/fr\/wp-content\/uploads\/2025\/03\/logo-euronews-grey-6-180x22.svg.svg+xml\" width=\"180\" height=\"22\" alt=\"\" loading=\"lazy\"\/>PUBLICIT\u00c9<\/p>\n<p>La Bulgarie pourrait jouer un r\u00f4le cl\u00e9 dans les efforts de d\u00e9fense europ\u00e9ens, a d\u00e9clar\u00e9 lundi le pr\u00e9sident du Conseil de l&rsquo;UE.<\/p>\n<p>Ant\u00f3nio Costa, qui effectue actuellement une visite de trois jours dans le pays, a visit\u00e9 Arsenal JSCo, un important fabricant d&rsquo;armes \u00e0 feu et de munitions, et a d\u00e9clar\u00e9 que <strong>la Bulgarie pourrait \u00eatre un fournisseur de premier plan pour les capacit\u00e9s de d\u00e9fense de l&rsquo;Europe dans les ann\u00e9es \u00e0 venir<\/strong>.<\/p>\n<p><img decoding=\"async\" src=\"https:\/\/www.europesays.com\/fr\/wp-content\/uploads\/2025\/03\/icon-cross-10x10-grey-6.svg.svg+xml\" width=\"10\" height=\"10\" alt=\"Close advertising\" fetchpriority=\"high\" loading=\"lazy\"\/><\/p>\n<p>\u00ab\u00a0La s\u00e9curit\u00e9 de l&rsquo;Europe commence en Ukraine. La s\u00e9curit\u00e9 de l&rsquo;Europe et celle de l&rsquo;Ukraine sont indissociables\u00a0\u00bb, estime Ant\u00f3nio Costa. \u00ab\u00a0Nous avons pris la d\u00e9cision d&rsquo;augmenter consid\u00e9rablement nos investissements dans la d\u00e9fense, [cela] signifie investir davantage dans notre \u00e9conomie et notre capacit\u00e9 de recherche et d&rsquo;innovation\u00a0\u00bb.<\/p>\n<p>\u00ab\u00a0Si nous voulons r\u00e9ussir ce programme de d\u00e9fense, nous devons mobiliser toutes les capacit\u00e9s des diff\u00e9rents \u00c9tats membres. La Bulgarie dispose de bonnes conditions pour jouer un r\u00f4le cl\u00e9 dans ce processus, non seulement pour r\u00e9pondre aux besoins des Bulgares, mais aussi pour fournir les capacit\u00e9s de d\u00e9fense d&rsquo;autres pays europ\u00e9ens\u00a0\u00bb.<\/p>\n<p>Ant\u00f3nio Costa a \u00e9galement d\u00e9clar\u00e9 qu&rsquo;une augmentation des investissements dans la d\u00e9fense entre les pays europ\u00e9ens pourrait stimuler la comp\u00e9titivit\u00e9.<\/p>\n<p>L&rsquo;Europe face au d\u00e9sengagement des \u00c9tats-Unis<\/p>\n<p>Il a \u00e9galement d\u00e9clar\u00e9 que sa visite en Bulgarie intervient \u00e0 un moment important pour le pays, apr\u00e8s <strong>son <a href=\"https:\/\/fr.euronews.com\/my-europe\/2025\/01\/01\/la-bulgarie-et-la-roumanie-celebrent-leur-adhesion-a-lespace-schengen\" target=\"_blank\" rel=\"noopener\">entr\u00e9e dans l&rsquo;espace Schengen<\/a> et durant ses pr\u00e9paratifs pour rejoindre la zone euro<\/strong>.<\/p>\n<p>Le Premier ministre bulgare, Rossen Jeliazkov, a d\u00e9clar\u00e9 que Sofia avait pour objectif d&rsquo;augmenter ses d\u00e9penses de d\u00e9fense, en activant si n\u00e9cessaire \u00ab\u00a0la clause qui permet aux projets de r\u00e9armement, mis en \u0153uvre dans le cadre d&rsquo;initiatives de march\u00e9s publics conjoints de l&rsquo;UE, d&rsquo;\u00eatre exclus du d\u00e9ficit budg\u00e9taire\u00a0\u00bb.<\/p>\n<p>La Bulgarie est membre de l&rsquo;OTAN depuis 2004 et de nombreux pays de l&rsquo;alliance s&rsquo;inqui\u00e8tent des r\u00e9centes d\u00e9clarations de l&rsquo;administration Trump, qui semble vouloir se d\u00e9sengager de l&rsquo;Europe pour se concentrer sur d&rsquo;autres r\u00e9gions, en particulier en Asie. <\/p>\n<p>Cette situation a suscit\u00e9 <strong>des appels \u00e0 travers le continent pour que l&rsquo;Europe d\u00e9pense davantage pour sa propre d\u00e9fense et ne d\u00e9pende pas de Washington<\/strong>, en particulier dans les pays qui se sentent menac\u00e9s par les ambitions expansionnistes du pr\u00e9sident russe Vladimir Poutine.<\/p>\n<p>\u00ab\u00a0La Bulgarie continuera \u00e0 \u00eatre un partenaire constructif, pr\u00e9visible et fiable alors que l&rsquo;UE fait face \u00e0 des d\u00e9fis g\u00e9opolitiques et \u00e9conomiques\u00a0\u00bb, affirme Rossen Jeliazkov.<\/p>\n<p>Dans le m\u00eame temps, le fils du pr\u00e9sident am\u00e9ricain, <strong>Donald Trump Jr., est arriv\u00e9 en Bulgarie au cours de sa tourn\u00e9e europ\u00e9enne<\/strong>.<\/p>\n<p>Il a refus\u00e9 l&rsquo;acc\u00e8s des m\u00e9dias \u00e0 ses r\u00e9unions avec des chefs d&rsquo;entreprise bulgares, demandant aux journalistes de partir avant qu&rsquo;il ne d\u00e9barque de son avion et \u00e0 nouveau sur le lieu de la r\u00e9union, en disant qu&rsquo;il n&rsquo;\u00e9tait \u00ab\u00a0pas d&rsquo;humeur \u00e0 prendre des photos\u00a0\u00bb.<\/p>\n<p>Malgr\u00e9 le huis clos, il semblerait que Donald Trump Jr. ait rencontr\u00e9 Boyko Borissov, chef du parti GERB, la plus grande force politique du parlement bulgare, mais la nature de leurs entretiens n&rsquo;a pas \u00e9t\u00e9 rendue publique.<\/p>\n","protected":false},"excerpt":{"rendered":"PUBLICIT\u00c9 La Bulgarie pourrait jouer un r\u00f4le cl\u00e9 dans les efforts de d\u00e9fense europ\u00e9ens, a d\u00e9clar\u00e9 lundi le&hellip;\n","protected":false},"author":2,"featured_media":60228,"comment_status":"","ping_status":"","sticky":false,"template":"","format":"standard","meta":{"footnotes":""},"categories":[1586],"tags":[11,15715,9043,554,1777,674,1011,27,131,12,136,25,364],"class_list":{"0":"post-60227","1":"post","2":"type-post","3":"status-publish","4":"format-standard","5":"has-post-thumbnail","7":"category-europe","8":"tag-actualites","9":"tag-antonio-costa","10":"tag-bulgarie","11":"tag-defense","12":"tag-eu","13":"tag-europe","14":"tag-fr","15":"tag-france","16":"tag-guerre-en-ukraine","17":"tag-news","18":"tag-otan","19":"tag-republique-francaise","20":"tag-union-europeenne"},"share_on_mastodon":{"url":"https:\/\/pubeurope.com\/@fr\/114417724622652967","error":""},"_links":{"self":[{"href":"https:\/\/www.europesays.com\/fr\/wp-json\/wp\/v2\/posts\/60227","targetHints":{"allow":["GET"]}}],"collection":[{"href":"https:\/\/www.europesays.com\/fr\/wp-json\/wp\/v2\/posts"}],"about":[{"href":"https:\/\/www.europesays.com\/fr\/wp-json\/wp\/v2\/types\/post"}],"author":[{"embeddable":true,"href":"https:\/\/www.europesays.com\/fr\/wp-json\/wp\/v2\/users\/2"}],"replies":[{"embeddable":true,"href":"https:\/\/www.europesays.com\/fr\/wp-json\/wp\/v2\/comments?post=60227"}],"version-history":[{"count":0,"href":"https:\/\/www.europesays.com\/fr\/wp-json\/wp\/v2\/posts\/60227\/revisions"}],"wp:featuredmedia":[{"embeddable":true,"href":"https:\/\/www.europesays.com\/fr\/wp-json\/wp\/v2\/media\/60228"}],"wp:attachment":[{"href":"https:\/\/www.europesays.com\/fr\/wp-json\/wp\/v2\/media?parent=60227"}],"wp:term":[{"taxonomy":"category","embeddable":true,"href":"https:\/\/www.europesays.com\/fr\/wp-json\/wp\/v2\/categories?post=60227"},{"taxonomy":"post_tag","embeddable":true,"href":"https:\/\/www.europesays.com\/fr\/wp-json\/wp\/v2\/tags?post=60227"}],"curies":[{"name":"wp","href":"https:\/\/api.w.org\/{rel}","templated":true}]}}