{"id":602280,"date":"2025-12-16T04:42:11","date_gmt":"2025-12-16T04:42:11","guid":{"rendered":"https:\/\/www.europesays.com\/fr\/602280\/"},"modified":"2025-12-16T04:42:11","modified_gmt":"2025-12-16T04:42:11","slug":"vers-des-factures-en-baisse-avant-une-remontee-brutale-des-prix","status":"publish","type":"post","link":"https:\/\/www.europesays.com\/fr\/602280\/","title":{"rendered":"vers des factures en baisse\u2026 avant une remont\u00e9e brutale des prix\u00a0?"},"content":{"rendered":"<p>                    Par<br \/>\n        <strong><br \/>\n            <a href=\"https:\/\/actu.fr\/auteur\/jade-lacroix\" title=\"Consulter tous les articles de Jade Lacroix\" target=\"_blank\" rel=\"noopener\">Jade Lacroix<\/a><br \/>\n                    <\/strong><\/p>\n<p>        Publi\u00e9 le<\/p>\n<p>            15 d\u00e9c. 2025 \u00e0 20h08        <\/p>\n<p>Le gestionnaire du r\u00e9seau de transport d\u2019\u00e9lectricit\u00e9, RTE, a publi\u00e9 <a href=\"https:\/\/www.rte-france.com\/actualites\/bilan-previsionnel-2025-2035-france-est-position-avantageuse-electrifier-atteindre-ses\" target=\"_blank\" rel=\"noopener\">son bilan pr\u00e9visionnel<\/a> pour la p\u00e9riode 2025-2035 le 9 d\u00e9cembre 2025. Un document qui donne des pistes sur les prix de l\u2019\u00e9lectricit\u00e9 \u00e0 venir et donc sur le montant de nos factures.\u00a0<\/p>\n<p>Une situation de surproduction en France<\/p>\n<p class=\" wall-content\">Ce bilan pr\u00e9visionnel actualise \u00ab\u2009les perspectives pour le syst\u00e8me \u00e9lectrique \u00e0 l\u2019horizon 2035\u2009\u00bb. Ce document porte donc sur une p\u00e9riode de 10\u00a0ans.<\/p>\n<p class=\" wall-content\">Il r\u00e9v\u00e8le que la France produit <strong>plus d\u2019\u00e9lectricit\u00e9 qu\u2019elle n\u2019en consomme<\/strong>. Une situation \u00e0 l\u2019inverse de 2022 o\u00f9 l\u2019Hexagone <a href=\"https:\/\/actu.fr\/economie\/crise-energetique-pourra-t-on-couper-le-gaz-et-l-electricite-dans-les-foyers-cet-hiver_53578853.html\" target=\"_blank\" rel=\"noopener\">craignait des p\u00e9nuries.<\/a><\/p>\n<p class=\" wall-content\">Il y a trois ans, la guerre en Ukraine, mais aussi la s\u00e9cheresse et des probl\u00e8mes de maintenance sur le parc nucl\u00e9aire avaient fait grimper la facture, comme le rappelle \u00e0 actu.fr Carine Sabi, professeure titulaire de la chaire \u00ab\u2009Energy for Society\u2009\u00bb \u00e0 l\u2019\u00e9cole de management de <a href=\"https:\/\/actu.fr\/grenoble\" target=\"_blank\" rel=\"noopener\">Grenoble<\/a>.<\/p>\n<p class=\" wall-content\">Ainsi, la consommation d\u2019\u00e9lectricit\u00e9 avait baiss\u00e9 d\u2019environ 30 TWh (soit \u2013 6\u2009% par rapport \u00e0 la moyenne de la p\u00e9riode 2014-2019), d\u2019apr\u00e8s RTE.<\/p>\n<p class=\" wall-content\">D\u2019apr\u00e8s Carine Sabi, \u00ab\u2009c\u2019est la croissance \u00e9conomique qui ne pousse pas la consommation \u00e9lectrique\u2009\u00bb. De m\u00eame, <a href=\"https:\/\/actu.fr\/economie\/fin-des-voitures-thermiques-en-2035-pourquoi-cette-date-fatidique-pourrait-bien-etre-repoussee_63529801.html\" target=\"_blank\" rel=\"noopener\">la fin des voitures thermiques neuves<\/a> (qui devrait se faire en 2035 en Europe) et la transition vers l\u2019\u00e9lectrique ne se font pas aussi vite qu\u2019esp\u00e9r\u00e9.<\/p>\n<p class=\" wall-content\">Mais, d\u2019un autre c\u00f4t\u00e9, les projets de production d\u2019\u00e9lectricit\u00e9 se sont d\u00e9velopp\u00e9s au rythme pr\u00e9vu.<\/p>\n<p>Votre r\u00e9gion, votre actu !<\/p>\n<p>Recevez chaque jour les infos qui comptent pour vous.<\/p>\n<p>\t<a href=\"https:\/\/actu.fr\/newsletter\" class=\"ac-btn ac-btn--corner ac-btn--medium ac-btn--blue800\" target=\"_blank\" rel=\"noopener\">S&rsquo;incrire<\/a><\/p>\n<blockquote class=\"ac-article-quote wall-content\">\n<p>Le pays se trouve donc dans une situation d\u2019abondance d\u2019\u00e9lectricit\u00e9 d\u00e9carbon\u00e9e, tr\u00e8s favorable \u00e0 l\u2019accueil de nouveaux usages, mais qui doit rester transitoire.<\/p>\n<p>    <strong>Bilan pr\u00e9visionnel RTE<\/strong>\n            <\/p><\/blockquote>\n<p class=\" wall-content\">D\u2019apr\u00e8s le gestionnaire, <strong>la France n\u2019a donc plus \u00e0 craindre les vagues de froid<\/strong> et est pr\u00eate \u00e0<a href=\"https:\/\/actu.fr\/pays-de-la-loire\/neau_53163\/quel-est-ce-projet-denvergure-pour-la-decarbonation-estime-a-25-milliards-de-qui-va-traverser-la-mayenne_63336512.htm\" target=\"_blank\" rel=\"noopener\"> \u00ab\u2009d\u00e9carboner\u2009\u00bb<\/a> son \u00e9conomie, c\u2019est-\u00e0-dire \u00e0 <strong>passer \u00e0 l\u2019\u00e9lectrique de nombreux secteurs<\/strong>, comme les <a href=\"https:\/\/actu.fr\/tag\/transport\" target=\"_blank\" rel=\"noopener\">transports<\/a>.<\/p>\n<p>Une baisse \u00e0 venir sur nos factures<\/p>\n<p class=\" wall-content\">Cette situation de surcapacit\u00e9 a ses avantages, comme l\u2019explique Carine Sabi\u2009\u00ab Il vaut mieux qu\u2019on soit en surplus plut\u00f4t qu\u2019on se retrouve dans une p\u00e9nurie comme en 2022. Cela nous permet d\u2019exporter notre <a href=\"https:\/\/actu.fr\/tag\/electricite\" target=\"_blank\" rel=\"noopener\">\u00e9lectricit\u00e9<\/a> d\u00e9carbon\u00e9e \u00e0 nos pays voisins.\u2009\u00bb<\/p>\n<p class=\" wall-content\">C\u2019est ce que confirme RTE aupr\u00e8s d\u2019actu.fr. \u00ab\u2009C\u2019est \u00e0 ce titre que nous pouvons exporter de l\u2019\u00e9lectricit\u00e9, pour un volume record en 2024, qui a rapport\u00e9 5 milliards d\u2019euros \u00e0 la balance commerciale de la France.\u2009\u00bb<\/p>\n<p class=\" wall-content\">Mais ce n\u2019est pas tout. Cette surproduction permet de r\u00e9duire <strong>les co\u00fbts pour les consommateurs<\/strong>. C\u2019est la loi de l\u2019offre et de la demande\u2009: \u00e9tant donn\u00e9 qu\u2019il y a plus d\u2019offre que de demande, l\u2019\u00e9lectricit\u00e9 est un bien en abondance et donc son prix baisse.<\/p>\n<p class=\" wall-content\">C\u2019est ce que pr\u00e9dit RTE dans son bilan\u2009: \u00ab\u2009La situation d\u2019abondance d\u2019\u00e9lectricit\u00e9 oriente les prix de march\u00e9 actuels et projet\u00e9s de la France <strong>\u00e0 la baisse.<\/strong>\u2009\u00bb<\/p>\n<p class=\" wall-content\">Et cette baisse pourrait survenir prochainement. Pour Carine Sabi, les prix pourraient descendre \u00ab\u2009<strong>dans les mois \u00e0 venir<\/strong>\u2009\u00bb.<\/p>\n<p class=\" wall-content\">D\u2019apr\u00e8s RTE, le prix spot moyen (\u00e0 savoir les prix \u00e9tablis sur le march\u00e9 de l\u2019\u00e9lectricit\u00e9 par les bourses, le jour J pour le lendemain) sera de <strong>35 \u00e0 50\u00a0\u20ac\/MWh<\/strong>. \u00c0 titre de comparaison, le prix spot le plus bas de la journ\u00e9e du samedi 13 d\u00e9cembre \u00e9tait de 50,1 \u20ac\/MWh entre 22h et 22 h 15. Au plus haut, entre 18 h 45 et 19h, il est de 101 \u20ac\/MWh, selon<a href=\"https:\/\/www.services-rte.com\/fr\/visualisez-les-donnees-publiees-par-rte\/bourses-de-lelectricite-spot-france.html\" target=\"_blank\" rel=\"noopener\">\u00a0RTE<\/a>.<\/p>\n<p>Une situation de surproduction qui peut engendrer des co\u00fbts<\/p>\n<p class=\" wall-content\">Mais attention, <strong>cette situation de surproduction ne doit pas dure<\/strong>r. Si la consommation d\u2019\u00e9lectricit\u00e9 n\u2019augmente pas, cela pourrait \u00e0 l\u2019inverse <strong>entra\u00eener des co\u00fbts suppl\u00e9mentaires pour les consommateurs<\/strong>.<\/p>\n<blockquote class=\"ac-article-quote wall-content\">\n<p>En l\u2019occurrence, \u00e0 l\u2019horizon 2030, le co\u00fbt du syst\u00e8me \u00e9lectrique en \u20ac\/MWh serait plus \u00e9lev\u00e9 de +7 % (\u00e9cart entre les trajectoires d\u00e9carbonation rapide et d\u00e9carbonation lente), voire de +10 % en cas de stagnation de la consommation.<\/p>\n<p>    <strong>Bilan pr\u00e9visionnel de RTE<\/strong><br \/>\n        Professeure titulaire de la chaire \u00ab\u00a0Energy for Society\u00a0\u00bb \u00e0 l&rsquo;\u00e9cole de management de Grenoble.\u00a0    <\/p><\/blockquote>\n<p class=\" wall-content\">En effet, le r\u00e9seau \u00e9lectrique, qui s\u2019est bien d\u00e9velopp\u00e9 depuis 2022 pour faire face \u00e0 la d\u00e9carbonation de l\u2019\u00e9conomie, a des co\u00fbts fixes importants.<\/p>\n<p class=\" wall-content\">Bonne nouvelle, RTE estime que <strong>cet \u00e9pisode de surcapacit\u00e9 perdurera seulement deux \u00e0 trois ans<\/strong>. Toutefois, il ne prendrait fin que si la France se pla\u00e7ait \u00ab\u2009sur une trajectoire de d\u00e9carbonation rapide (\u00e9lectrification)\u2009\u00bb.<\/p>\n<p>Quelles solutions\u2009?<\/p>\n<p class=\" wall-content\">La France importe toujours presque 60\u2009% de l\u2019\u00e9nergie finale qu\u2019elle consomme. Et la part des \u00e9nergies fossiles import\u00e9es dans la consommation finale est \u00e9galement d\u2019environ 60\u2009%.<\/p>\n<p class=\" wall-content\">D\u2019apr\u00e8s la professeure sp\u00e9cialiste de l\u2019\u00e9nergie, il ne faut pas arr\u00eater la production d\u2019\u00e9nergies renouvelables, notamment pour \u00eatre en phase avec les objectifs environnementaux de la Commission europ\u00e9enne (le fameux plan Fitfor55 qui veut r\u00e9duire les \u00e9missions de gaz \u00e0 effet de serre de 55\u2009% au moins en 2030).<\/p>\n<p>                \u00c0 lire aussi sur<br \/>\n                    <img decoding=\"async\" src=\"https:\/\/static.actu.fr\/marque\/logo\/planete.svg\" alt=\"actu plan\u00e8te\" height=\"40\" width=\"90\" loading=\"lazy\"\/><\/p>\n<blockquote class=\"ac-article-quote wall-content\">\n<p>Le probl\u00e8me c&rsquo;est pas la production,\u00a0mais c&rsquo;est juste qu&rsquo;on manque de d\u00e9bouch\u00e9s. Il faut \u00e9lectrifier notre mani\u00e8re de consommer.<\/p>\n<p>    <strong>Carine Sabi<\/strong>\n            <\/p><\/blockquote>\n<p class=\" wall-content\">Un constat partag\u00e9 par RTE. \u00ab\u2009Pour \u00e9quilibrer la surcapacit\u00e9 de production d\u2019\u00e9lectricit\u00e9, et faire en sorte qu\u2019elle reste transitoire, le premier levier \u00e0 actionner est celui de <strong>l\u2019\u00e9lectrification des usages<\/strong>. C\u2019est-\u00e0-dire transf\u00e9rer des usages des \u00e9nergies fossiles vers de l\u2019\u00e9lectricit\u00e9\u2009\u00bb, appuie le gestionnaire de r\u00e9seau \u00e0 actu.fr.<\/p>\n<p class=\" wall-content\"><strong>Passer aux voitures \u00e9lectriques, s\u2019\u00e9loigner des \u00e9nergies fossiles, installer des data centers en France<\/strong>\u2026 Toutes ces propositions permettent d\u2019augmenter l\u2019utilisation d\u2019\u00e9lectricit\u00e9 et de d\u00e9carboner les usages. Et ainsi d\u2019\u00e9viter le surco\u00fbt du syst\u00e8me qui se r\u00e9percuterait sur nos factures.<\/p>\n<p class=\" wall-content\">Personnalisez votre actualit\u00e9 en ajoutant vos villes et m\u00e9dias en favori avec <a href=\"https:\/\/moncompte.actu.fr\" title=\"D\u00e9couvez Mon Actu\" rel=\"nofollow noopener\" data-trk=\"{&quot;cta&quot;:{&quot;action&quot;:&quot;https:\\\/\\\/moncompte.actu.fr&quot;,&quot;category&quot;:&quot;mon compte&quot;,&quot;from&quot;:&quot;article footer&quot;,&quot;name&quot;:&quot;Mon actu&quot;,&quot;type&quot;:&quot;cta&quot;}}\" target=\"_blank\">Mon Actu<\/a>.<\/p>\n","protected":false},"excerpt":{"rendered":"Par Jade Lacroix Publi\u00e9 le 15 d\u00e9c. 2025 \u00e0 20h08 Le gestionnaire du r\u00e9seau de transport d\u2019\u00e9lectricit\u00e9, RTE,&hellip;\n","protected":false},"author":2,"featured_media":602281,"comment_status":"","ping_status":"","sticky":false,"template":"","format":"standard","meta":{"footnotes":""},"categories":[6],"tags":[35,33,34,579,4427,1011,27,52,4426],"class_list":{"0":"post-602280","1":"post","2":"type-post","3":"status-publish","4":"format-standard","5":"has-post-thumbnail","7":"category-economie","8":"tag-business","9":"tag-economie","10":"tag-economy","11":"tag-electricite","12":"tag-energies","13":"tag-fr","14":"tag-france","15":"tag-planete","16":"tag-transition-energetique"},"share_on_mastodon":{"url":"https:\/\/pubeurope.com\/@fr\/115727417645601492","error":""},"_links":{"self":[{"href":"https:\/\/www.europesays.com\/fr\/wp-json\/wp\/v2\/posts\/602280","targetHints":{"allow":["GET"]}}],"collection":[{"href":"https:\/\/www.europesays.com\/fr\/wp-json\/wp\/v2\/posts"}],"about":[{"href":"https:\/\/www.europesays.com\/fr\/wp-json\/wp\/v2\/types\/post"}],"author":[{"embeddable":true,"href":"https:\/\/www.europesays.com\/fr\/wp-json\/wp\/v2\/users\/2"}],"replies":[{"embeddable":true,"href":"https:\/\/www.europesays.com\/fr\/wp-json\/wp\/v2\/comments?post=602280"}],"version-history":[{"count":0,"href":"https:\/\/www.europesays.com\/fr\/wp-json\/wp\/v2\/posts\/602280\/revisions"}],"wp:featuredmedia":[{"embeddable":true,"href":"https:\/\/www.europesays.com\/fr\/wp-json\/wp\/v2\/media\/602281"}],"wp:attachment":[{"href":"https:\/\/www.europesays.com\/fr\/wp-json\/wp\/v2\/media?parent=602280"}],"wp:term":[{"taxonomy":"category","embeddable":true,"href":"https:\/\/www.europesays.com\/fr\/wp-json\/wp\/v2\/categories?post=602280"},{"taxonomy":"post_tag","embeddable":true,"href":"https:\/\/www.europesays.com\/fr\/wp-json\/wp\/v2\/tags?post=602280"}],"curies":[{"name":"wp","href":"https:\/\/api.w.org\/{rel}","templated":true}]}}