{"id":602282,"date":"2025-12-16T04:43:10","date_gmt":"2025-12-16T04:43:10","guid":{"rendered":"https:\/\/www.europesays.com\/fr\/602282\/"},"modified":"2025-12-16T04:43:10","modified_gmt":"2025-12-16T04:43:10","slug":"en-direct-guerre-en-ukraine-le-point-sur-les-propositions-des-europeens-en-vue-dun-accord-de-paix-le-monde-fr","status":"publish","type":"post","link":"https:\/\/www.europesays.com\/fr\/602282\/","title":{"rendered":"EN DIRECT, guerre en Ukraine : le point sur les propositions des Europ\u00e9ens en vue d\u2019un accord de paix &#8211; Le Monde.fr"},"content":{"rendered":"<ol>\n<li><a href=\"https:\/\/news.google.com\/rss\/articles\/CBMi_gFBVV95cUxNM1hhMUdvU3RHRGxyY2xNck1teFR0QUdQX1VzVlk4SkxNSWwxOFAzTWg3LTc5eUVkUU91YmI0cFRiQlk5SGh0RVJQSVZfVkJ2MHk2NHRsVENUYndqajc5MmhFMVg0Ty1nUHZZNVZuTjVvR0dHb2RnUHZTZlllQ29DWE92UzlwNUVjMEhqdzJlME1ZTGJhYTI0bnRBX3J5Z25pcFZxa2VhLW5mT2xfbFdSUnpHT0FRLVJpa01lbVZfMHNqaEx0c1ZUcHZTbktaSU1aSEpaSWJoOUx1SGVURWsxNklzMDBmd1o3bXN1dW92TUR2VEx6elQyX0MtUngtZw?oc=5\" target=\"_blank\" rel=\"noopener\">EN DIRECT, guerre en Ukraine : le point sur les propositions des Europ\u00e9ens en vue d\u2019un accord de paix<\/a>&nbsp;&nbsp;Le Monde.fr<\/li>\n<li><a href=\"https:\/\/news.google.com\/rss\/articles\/CBMikAJBVV95cUxQb19xd0lHRDhXNzE0LUVDYkQxaTFseXl0Z0hZQmRRekVVSWdPZVZhRm9jR3FINWFhWXR0WU15cTFzbjl3ZDQ1Y1VKblpzcVFQWFV5RTFfcDNoQWhxenVabmlVNk5NeUhjekVuWFBPZ2pHaGlLbjczc0ZGeEZweUF2SXAwVTFPU3ZzSWNXdVZGWllETk5xN1hnQWs1SjZaTi1oUmhGYWpMWDBXZHVfUkptekt4S1c4MGZxVEpEeWU0MmZLOG9RTzhhZEM0SElIbzk4U2V5cUktV3BIa3BjUXJDU20yNGYxTzZIaGlCTHVtUVBXbXF1N01ONjZBWlpzYmtWeWJkakNDaXBMT25VV2x3UA?oc=5\" target=\"_blank\" rel=\"noopener\">N\u00e9gociations sur l\u2019Ukraine : le sommet de Berlin consacre le r\u00f4le central du chancelier allemand, Friedrich Merz<\/a>&nbsp;&nbsp;Le Monde.fr<\/li>\n<li><a href=\"https:\/\/news.google.com\/rss\/articles\/CBMi0AFBVV95cUxOdzhXeDdhUDNTNnBIaFlIcVhEOEE4ZHp1ZWc4bFJKeUZNT0xKTlhZUUpuS3U4TF9XNXhhNVN5WU5xYVlJMm9hTWg4T0ptaXZtbms2RWNtN3ptWVZDaFBpQ2lMeDlmdVpaQTZXbG41QkpTQm5ZS2thcUVNdkVTUmxlZ2djbW5RbWdndnN5cEFkU3Blbnl5UWMwclh6blFWam9lWjlmS05YeWtyT1h1b05RTVJJUW9WanA5QlRqVHlVN1ZTZktGTXNxdHNmSWtqMGJV?oc=5\" target=\"_blank\" rel=\"noopener\">Trump s\u2019engage \u00e0 garantir la s\u00e9curit\u00e9 de l\u2019Ukraine et un sous-marin russe prend la mar\u00e9e<\/a>&nbsp;&nbsp;20 Minutes<\/li>\n<li><a href=\"https:\/\/news.google.com\/rss\/articles\/CBMipwJBVV95cUxNNUJDbHdsbzdJazJwQUxyUmROSXRGQ1VJdnNncWQ4b05KclhIa25aVHZ1bklTYS15S0VlYTNXTHoyRmltLUFGbDVLZnp5OXpicVlBLXJocFl5OUYtdFNpaFpQME1xQjNwWnJwVmpTckdqZEJRLTE3eUdYaUhOM2Zud3NLUE1sbXJDWTYyQkZVR2RZbmtzVkwyWGw4ZmYzNC1mRUpaRHJKNXAtLTNhWldESUwydE5rOWluc3p1Y1JLaTE0bFo3T0lzZFZlMWZrM0tvREVERG5IdVVlRFFTaEUzbDlLSDEzV2tDWEphNjJILUZDSVJaRTJ3TWVNU3o0cE9hUm4yU05ZN1ZUejd0dWRTanBnZ2hvNFl1QjVmamNlUXRjdFZKWlUw?oc=5\" target=\"_blank\" rel=\"noopener\">\u00ab\u00a0La Russie va accepter l\u2019accord\u00a0\u00bb : pr\u00e9sents \u00e0 Berlin pour des n\u00e9gociations de paix entre l&rsquo;Ukraine et la Russie, les \u00c9tats-Unis se montrent optimistes<\/a>&nbsp;&nbsp;Actualit\u00e9s \u2013 Orange<\/li>\n<li><a href=\"https:\/\/news.google.com\/rss\/articles\/CBMijAJBVV95cUxPdVE0ZlJuSEtmb2YyNjQ4UWxhVkR2UVQtY3VMQXJqXzVRdkFxVV94TFc1TFkzMS1hQW9takVZUUhBdDBvWEtoMkVXTVF3UmlvNkhnc0FSWTVldm15ajNwbFd4ZEgwNHJpcW95LUlqMkRaX3FtUmtVeUVnS3l0T3kwbXRZaHpTRjFTcnFyWVNneVlYc2o0WDJvM2Y2ME90Y2hjQUpKXzh1aXZ1WnUyUUd2YTF2WUlMcnFyQVEwQy1WTlFDcGhJZldWT25WSE5obmtmNFFmR2NKaTV2M2lwcmNscDJoNFl5S21XdFVTaGV2dHVDVWN4RlFvUnE3SGJybkM3V1VLVHFHSGV3T0hM?oc=5\" target=\"_blank\" rel=\"noopener\">\u00ab Une vraie chance pour un processus de paix \u00bb : Merz et Zelensky saluent des progr\u00e8s sur les garanties de s\u00e9curit\u00e9 am\u00e9ricaines pour l&rsquo;Ukraine<\/a>&nbsp;&nbsp;Les Echos<\/li>\n<\/ol>\n","protected":false},"excerpt":{"rendered":"EN DIRECT, guerre en Ukraine : le point sur les propositions des Europ\u00e9ens en vue d\u2019un accord de&hellip;\n","protected":false},"author":2,"featured_media":395849,"comment_status":"","ping_status":"","sticky":false,"template":"","format":"standard","meta":{"footnotes":""},"categories":[5],"tags":[11,1011,27,14,12,28],"class_list":{"0":"post-602282","1":"post","2":"type-post","3":"status-publish","4":"format-standard","5":"has-post-thumbnail","7":"category-international","8":"tag-actualites","9":"tag-fr","10":"tag-france","11":"tag-international","12":"tag-news","13":"tag-world"},"share_on_mastodon":{"url":"https:\/\/pubeurope.com\/@fr\/115727421032277474","error":""},"_links":{"self":[{"href":"https:\/\/www.europesays.com\/fr\/wp-json\/wp\/v2\/posts\/602282","targetHints":{"allow":["GET"]}}],"collection":[{"href":"https:\/\/www.europesays.com\/fr\/wp-json\/wp\/v2\/posts"}],"about":[{"href":"https:\/\/www.europesays.com\/fr\/wp-json\/wp\/v2\/types\/post"}],"author":[{"embeddable":true,"href":"https:\/\/www.europesays.com\/fr\/wp-json\/wp\/v2\/users\/2"}],"replies":[{"embeddable":true,"href":"https:\/\/www.europesays.com\/fr\/wp-json\/wp\/v2\/comments?post=602282"}],"version-history":[{"count":0,"href":"https:\/\/www.europesays.com\/fr\/wp-json\/wp\/v2\/posts\/602282\/revisions"}],"wp:featuredmedia":[{"embeddable":true,"href":"https:\/\/www.europesays.com\/fr\/wp-json\/wp\/v2\/media\/395849"}],"wp:attachment":[{"href":"https:\/\/www.europesays.com\/fr\/wp-json\/wp\/v2\/media?parent=602282"}],"wp:term":[{"taxonomy":"category","embeddable":true,"href":"https:\/\/www.europesays.com\/fr\/wp-json\/wp\/v2\/categories?post=602282"},{"taxonomy":"post_tag","embeddable":true,"href":"https:\/\/www.europesays.com\/fr\/wp-json\/wp\/v2\/tags?post=602282"}],"curies":[{"name":"wp","href":"https:\/\/api.w.org\/{rel}","templated":true}]}}