{"id":602295,"date":"2025-12-16T04:55:19","date_gmt":"2025-12-16T04:55:19","guid":{"rendered":"https:\/\/www.europesays.com\/fr\/602295\/"},"modified":"2025-12-16T04:55:19","modified_gmt":"2025-12-16T04:55:19","slug":"il-nous-a-sorti-une-masterclass-aligne-toute-la-rencontre-sinckler-a-impressionne-tout-le-monde","status":"publish","type":"post","link":"https:\/\/www.europesays.com\/fr\/602295\/","title":{"rendered":"\u00ab Il nous a sorti une masterclass \u00bb, align\u00e9 toute la rencontre, Sinckler a impressionn\u00e9 tout le monde"},"content":{"rendered":"<p>Une prestation de patron. Ce dimanche, Pierre Mignoni avait fait un choix audacieux pour pr\u00e9parer<a href=\"https:\/\/www.quinzemondial.com\/champions-cup\/champions-cup-le-stade-toulousain-decoit-lubb-enchaine-clermont-sombretous-les-resultats-du-week-end-821204\" target=\"_blank\" rel=\"noopener\"> la r\u00e9ception de Bath<\/a>. Le technicien avait d\u00e9cid\u00e9 de titulariser Kyle Sinckler, sans avoir de rempla\u00e7ant attitr\u00e9 sur le banc de touche. L\u2019international anglais devait alors jouer le maximum de minutes possibles, avec la possibilit\u00e9 de faire basculer Dany Priso \u00e0 droite si besoin.<\/p>\n<p>Il n\u2019a pas eu besoin d\u2019\u00eatre supl\u00e9\u00e9 par Priso<\/p>\n<p>Finalement, l\u2019ancien du XV de la Rose a livr\u00e9 une performance h\u00e9ro\u00efque en disputant l\u2019int\u00e9gralit\u00e9 de la rencontre et en aidant son \u00e9quipe \u00e0 l\u2019emporter et \u00e0 se relancer. Un match XXL et une raret\u00e9 \u00e0 ce niveau pour un pilier droit. Au coup de sifflet final, Dany Priso lui a rendu un superbe hommage comme le retranscrit <a href=\"https:\/\/www.nicematin.com\/sports\/quand-il-est-comme-ca-c-est-encore-l-un-des-meilleurs-joueurs-du-monde-kyle-sinckler-le-reveil-d-un-lion-avec-le-rct-10660933\" target=\"_blank\" rel=\"noopener\">Var Matin.<\/a><\/p>\n<blockquote>\n<p>\u00ab En France, c\u2019est rare de voir les piliers jouer tout le match. On avait mis cette strat\u00e9gie en place dans la semaine. L\u2019id\u00e9e, c\u2019\u00e9tait qu\u2019il tire jusqu\u2019au maximum. S\u2019il \u00e9tait trop fatigu\u00e9, j\u2019\u00e9tais l\u00e0 pour combler. Il n\u2019a pas eu besoin de moi et nous a sorti une masterclass. Il a avanc\u00e9 dans le jeu, en m\u00eal\u00e9e, dans les ballons port\u00e9s\u2026 C\u2019est \u00e9norme. \u00bb<\/p>\n<\/blockquote>\n<p>\u00a0<\/p>\n<p>Partagez cette info avec vos amis et vos proches en cliquant ici<br \/>Pour r\u00e9sumer<\/p>\n<p>Titularis\u00e9 face \u00e0 Bath, Kyle Sinckler a disput\u00e9 l\u2019int\u00e9gralit\u00e9 de la rencontre, une raret\u00e9 pour un pilier droit, encore plus pour un match de ce niveau. L\u2019international anglais a impressionn\u00e9 ses co\u00e9quipiers toulonnais.<\/p>\n<p> <img decoding=\"async\" width=\"76\" height=\"76\" loading=\"lazy\" src=\"https:\/\/www.europesays.com\/fr\/wp-content\/uploads\/2025\/04\/avatar-quinze.png\" alt=\"Arnaud D\u00e9chelotte\"\/><\/p>\n","protected":false},"excerpt":{"rendered":"Une prestation de patron. Ce dimanche, Pierre Mignoni avait fait un choix audacieux pour pr\u00e9parer la r\u00e9ception de&hellip;\n","protected":false},"author":2,"featured_media":602296,"comment_status":"","ping_status":"","sticky":false,"template":"","format":"standard","meta":{"footnotes":""},"categories":[9619],"tags":[1111,11,3460,1777,674,1011,27,12,882,25,2310],"class_list":{"0":"post-602295","1":"post","2":"type-post","3":"status-publish","4":"format-standard","5":"has-post-thumbnail","7":"category-toulon","8":"tag-actu","9":"tag-actualites","10":"tag-champions-cup","11":"tag-eu","12":"tag-europe","13":"tag-fr","14":"tag-france","15":"tag-news","16":"tag-provence-alpes-cote-dazur","17":"tag-republique-francaise","18":"tag-toulon"},"share_on_mastodon":{"url":"https:\/\/pubeurope.com\/@fr\/115727468773210610","error":""},"_links":{"self":[{"href":"https:\/\/www.europesays.com\/fr\/wp-json\/wp\/v2\/posts\/602295","targetHints":{"allow":["GET"]}}],"collection":[{"href":"https:\/\/www.europesays.com\/fr\/wp-json\/wp\/v2\/posts"}],"about":[{"href":"https:\/\/www.europesays.com\/fr\/wp-json\/wp\/v2\/types\/post"}],"author":[{"embeddable":true,"href":"https:\/\/www.europesays.com\/fr\/wp-json\/wp\/v2\/users\/2"}],"replies":[{"embeddable":true,"href":"https:\/\/www.europesays.com\/fr\/wp-json\/wp\/v2\/comments?post=602295"}],"version-history":[{"count":0,"href":"https:\/\/www.europesays.com\/fr\/wp-json\/wp\/v2\/posts\/602295\/revisions"}],"wp:featuredmedia":[{"embeddable":true,"href":"https:\/\/www.europesays.com\/fr\/wp-json\/wp\/v2\/media\/602296"}],"wp:attachment":[{"href":"https:\/\/www.europesays.com\/fr\/wp-json\/wp\/v2\/media?parent=602295"}],"wp:term":[{"taxonomy":"category","embeddable":true,"href":"https:\/\/www.europesays.com\/fr\/wp-json\/wp\/v2\/categories?post=602295"},{"taxonomy":"post_tag","embeddable":true,"href":"https:\/\/www.europesays.com\/fr\/wp-json\/wp\/v2\/tags?post=602295"}],"curies":[{"name":"wp","href":"https:\/\/api.w.org\/{rel}","templated":true}]}}