{"id":602305,"date":"2025-12-16T05:03:17","date_gmt":"2025-12-16T05:03:17","guid":{"rendered":"https:\/\/www.europesays.com\/fr\/602305\/"},"modified":"2025-12-16T05:03:17","modified_gmt":"2025-12-16T05:03:17","slug":"a-betton-un-cine-debat-au-triskel-pour-la-journee-internationale-des-migrants","status":"publish","type":"post","link":"https:\/\/www.europesays.com\/fr\/602305\/","title":{"rendered":"\u00c0 Betton, un cin\u00e9-d\u00e9bat au Triskel\u00a0pour la Journ\u00e9e internationale des migrants"},"content":{"rendered":"<p>Le r\u00e9seau Louis-Guilloux intervient \u00e0 Rennes sur le sujet de l\u2019acc\u00e8s aux soins des publics exil\u00e9s. Il organise, jeudi, un cin\u00e9-d\u00e9bat au cin\u00e9ma Le Triskel.<\/p>\n<p>Le film \u00ab\u00a0Carnets de soignants\u00a0\u00bb a \u00e9t\u00e9 r\u00e9alis\u00e9 dans le cadre du programme de recherche Osfosam (pour Outils de sensibilisation et de formation sur la sant\u00e9 en migration).<\/p>\n<p>Des chercheurs associ\u00e9s<\/p>\n<p>\u00a0Ce programme associe des chercheurs issus de diff\u00e9rentes disciplines et des professionnels de sant\u00e9 et du social, m\u00e9decins, sages-femmes, assistantes sociales, intervenant aupr\u00e8s des populations migrantes\u00a0\u00bb, explique Antonin Bravet, coordinateur pour le r\u00e9seau Louis-Guilloux.<\/p>\n<p>Le choix du Triskel, un cin\u00e9ma ind\u00e9pendant qui n\u2019est pas situ\u00e9 dans un lieu de diffusion habituel, n\u2019est pas anodin. \u00a0Nous voulions \u00e9viter l\u2019entre-soi des centres-villes pour aller discuter de ces sujets dans des lieux o\u00f9 il n\u2019y a pas d\u2019autres \u00e9v\u00e8nements sur le sujet. Le Triskel nous semblait parfaitement adapt\u00e9 et nous avons re\u00e7u un bon accueil.\u00a0<\/p>\n<p>De plus, la pr\u00e9sence du Centre d\u2019accueil pour demandeurs d\u2019asile (Cada) dans la ville peut susciter des questions de la part des habitants du territoire. \u00a0Il nous semblait int\u00e9ressant de venir parler de ces sujets avec eux.\u00a0<\/p>\n<p>Le film sera diffus\u00e9 pour la premi\u00e8re fois dans la commune. Il aborde plusieurs\u00a0grands th\u00e8mes\u00a0: l\u2019interpr\u00e9tariat dans les soins, la pr\u00e9vention \u00e0 l\u2019accompagnement dans les soins, l\u2019acc\u00e8s aux droits et l\u2019acc\u00e8s aux soins. \u00a0Le sujet des violences et des discriminations sont \u00e9galement abord\u00e9s. Ces th\u00e9matiques sont trait\u00e9es de fa\u00e7on g\u00e9n\u00e9rale, mais font parfaitement \u00e9cho \u00e0 la r\u00e9alit\u00e9 de ce qui est v\u00e9cu par les personnes exil\u00e9es sur le territoire de Rennes.\u00a0<\/p>\n<p>En pr\u00e9sence de deux m\u00e9decins<\/p>\n<p>Pour cette raison, deux\u00a0m\u00e9decins de l\u2019association r\u00e9seau Louis-Guilloux, qui intervient sur le sujet de l\u2019acc\u00e8s aux soins des publics exil\u00e9s en Bretagne, seront \u00e9galement pr\u00e9sents, ainsi que des coordinatrices du programme Osfosam, Ana\u00efk Pian, Vanessa Thouroude et Anne-C\u00e9cile Hoyez.<\/p>\n<p><strong>Jeudi 18\u00a0d\u00e9cembre 2025,<\/strong> \u00e0 20\u00a0h, au cin\u00e9ma Le Triskel, entr\u00e9e libre dans la limite des places disponibles.<\/p>\n<p>\u00a0<\/p>\n","protected":false},"excerpt":{"rendered":"Le r\u00e9seau Louis-Guilloux intervient \u00e0 Rennes sur le sujet de l\u2019acc\u00e8s aux soins des publics exil\u00e9s. Il organise,&hellip;\n","protected":false},"author":2,"featured_media":602306,"comment_status":"","ping_status":"","sticky":false,"template":"","format":"standard","meta":{"footnotes":""},"categories":[2821],"tags":[1111,11,4395,829,12638,1777,674,1011,27,26529,3465,1251,12,584,25,71489],"class_list":{"0":"post-602305","1":"post","2":"type-post","3":"status-publish","4":"format-standard","5":"has-post-thumbnail","7":"category-rennes","8":"tag-actu","9":"tag-actualites","10":"tag-betton","11":"tag-bretagne","12":"tag-cine-debat","13":"tag-eu","14":"tag-europe","15":"tag-fr","16":"tag-france","17":"tag-internationale","18":"tag-journee","19":"tag-migrants","20":"tag-news","21":"tag-rennes","22":"tag-republique-francaise","23":"tag-triskel"},"share_on_mastodon":{"url":"https:\/\/pubeurope.com\/@fr\/115727499561885099","error":""},"_links":{"self":[{"href":"https:\/\/www.europesays.com\/fr\/wp-json\/wp\/v2\/posts\/602305","targetHints":{"allow":["GET"]}}],"collection":[{"href":"https:\/\/www.europesays.com\/fr\/wp-json\/wp\/v2\/posts"}],"about":[{"href":"https:\/\/www.europesays.com\/fr\/wp-json\/wp\/v2\/types\/post"}],"author":[{"embeddable":true,"href":"https:\/\/www.europesays.com\/fr\/wp-json\/wp\/v2\/users\/2"}],"replies":[{"embeddable":true,"href":"https:\/\/www.europesays.com\/fr\/wp-json\/wp\/v2\/comments?post=602305"}],"version-history":[{"count":0,"href":"https:\/\/www.europesays.com\/fr\/wp-json\/wp\/v2\/posts\/602305\/revisions"}],"wp:featuredmedia":[{"embeddable":true,"href":"https:\/\/www.europesays.com\/fr\/wp-json\/wp\/v2\/media\/602306"}],"wp:attachment":[{"href":"https:\/\/www.europesays.com\/fr\/wp-json\/wp\/v2\/media?parent=602305"}],"wp:term":[{"taxonomy":"category","embeddable":true,"href":"https:\/\/www.europesays.com\/fr\/wp-json\/wp\/v2\/categories?post=602305"},{"taxonomy":"post_tag","embeddable":true,"href":"https:\/\/www.europesays.com\/fr\/wp-json\/wp\/v2\/tags?post=602305"}],"curies":[{"name":"wp","href":"https:\/\/api.w.org\/{rel}","templated":true}]}}