{"id":602307,"date":"2025-12-16T05:04:10","date_gmt":"2025-12-16T05:04:10","guid":{"rendered":"https:\/\/www.europesays.com\/fr\/602307\/"},"modified":"2025-12-16T05:04:10","modified_gmt":"2025-12-16T05:04:10","slug":"nouveaux-vestiaires-et-gradins-isolation-a-rennes-ce-gymnase-va-etre-totalement-renove","status":"publish","type":"post","link":"https:\/\/www.europesays.com\/fr\/602307\/","title":{"rendered":"Nouveaux vestiaires et gradins, isolation&#8230; \u00c0 Rennes, ce gymnase va \u00eatre totalement r\u00e9nov\u00e9"},"content":{"rendered":"<p>                    Par<br \/>\n        <strong><br \/>\n            <a href=\"https:\/\/actu.fr\/auteur\/clemence-pays02-actu-fr\" title=\"Consulter tous les articles de Cl\u00e9mence Pays\" target=\"_blank\" rel=\"noopener\">Cl\u00e9mence Pays<\/a><br \/>\n                    <\/strong><\/p>\n<p>        Publi\u00e9 le<\/p>\n<p>            16 d\u00e9c. 2025 \u00e0 6h02        <\/p>\n<p>Construit en 1977, dans le quartier Sud-Gare \u00e0 <a href=\"https:\/\/actu.fr\/rennes\/\" target=\"_blank\" rel=\"noopener\">Rennes<\/a>, le <strong>gymnase Albert-de-Mun<\/strong> est en mauvais \u00e9tat. \u00ab\u2009Manque de fonctionnalit\u00e9\u2009\u00bb\u2009;<strong> \u00ab\u2009\u00e9tat de v\u00e9tust\u00e9 avanc\u00e9e\u2009\u00bb\u2009;<\/strong> \u00ab\u2009tr\u00e8s faible niveau d\u2019isolation thermique\u2009\u00bb et zone des vestiaires \u00ab d\u00e9grad\u00e9e \u00bb\u2026 Tel est le triste constat dress\u00e9 par Fr\u00e9d\u00e9ric Bourcier, conseiller municipal d\u00e9l\u00e9gu\u00e9 aux sports.<\/p>\n<p class=\" wall-content\">Avec une fr\u00e9quentation annuelle \u00ab\u2009classique\u2009\u00bb d\u2019<strong>\u00ab\u2009environ 100\u2009000 entr\u00e9es\u2009\u00bb<\/strong> chaque ann\u00e9e, l\u2019infrastructure \u2013 d\u2019une capacit\u00e9 d\u2019accueil de 300\u00a0personnes sur 1\u2009500\u00a0m2 \u2013 n\u2019est plus en \u00e9tat de recevoir le public dans de bonnes conditions. Il va donc \u00eatre <strong>enti\u00e8rement r\u00e9nov\u00e9.<\/strong><\/p>\n<p>Vestiaires, luminaires, chauffage\u2026<\/p>\n<p class=\" wall-content\">Lors du conseil municipal du 1er\u00a0d\u00e9cembre, la Ville de Rennes a pr\u00e9sent\u00e9 le programme des travaux qu\u2019elle souhaite d\u00e9ployer.<\/p>\n<p class=\" wall-content\">Ainsi, sont pr\u00e9vus\u2009:<\/p>\n<ul class=\" wall-content\">\n<li>la <strong>reconstruction des espaces vestiaires-sanitaires<\/strong> apr\u00e8s d\u00e9construction, en utilisant des mat\u00e9riaux biosourc\u00e9s\u2009;<\/li>\n<li>le <strong>renforcement de la structure<\/strong> du b\u00e2timent comprenant les deux halles sportives\u2009;<\/li>\n<li>la<strong> r\u00e9novation thermique<\/strong> de l\u2019enveloppe du b\u00e2timent (toitures et fa\u00e7ades des deux halles sportives), favorisant l\u2019emploi d\u2019isolants biosourc\u00e9s\u2009;<\/li>\n<li>l\u2019installation de <strong>panneaux photovolta\u00efques<\/strong> sur la toiture de la halle principale\u2009;<\/li>\n<li>la <strong>r\u00e9novation int\u00e9rieure<\/strong> des deux halles sportives (sols, murs et plafonds)\u2009;<\/li>\n<li>la r\u00e9novation de l\u2019ensemble des r\u00e9seaux de <strong>chauffage,<\/strong> de la <strong>ventilation<\/strong> et de la production d\u2019<strong>eau chaude sanitaire<\/strong>. \u00c0 terme, l\u2019\u00e9quipement sera raccord\u00e9 au r\u00e9seau de chaleur urbain\u2009;<\/li>\n<li>le remplacement de l\u2019ensemble des luminaires par des syst\u00e8mes Leds\u2009;<\/li>\n<li>la mise en place d\u2019un <strong>syst\u00e8me de commande \u00e0 distance<\/strong> pour la maintenance des installations techniques (chauffage, ventilation, acc\u00e8s, etc.)\u2009;<\/li>\n<li>la mise en conformit\u00e9 de l\u2019accessibilit\u00e9 <strong>PMR<\/strong>\u2009;<\/li>\n<li>le <strong>remplacement des gradins fixes<\/strong> par des gradins repliables dans la halle principale\u2009;<\/li>\n<li>la <strong>remise \u00e0 niveau du mobilier sportif<\/strong> (paniers de basket r\u00e9tractables notamment).<\/li>\n<\/ul>\n<p class=\" wall-content\">\u00c0 l\u2019ext\u00e9rieur, des espaces seront am\u00e9nag\u00e9s pour am\u00e9liorer l\u2019accessibilit\u00e9 du site.<\/p>\n<blockquote class=\"ac-article-quote wall-content\">\n<p>Un ouvrage d&rsquo;infiltration et de r\u00e9gulation des eaux pluviales permettra leur gestion \u00e0 la parcelle, et un syst\u00e8me de r\u00e9cup\u00e9ration des eaux pluviales des toitures est \u00e0 l&rsquo;\u00e9tude, en vue d&rsquo;alimenter les sanitaires ou de r\u00e9pondre aux besoins d&rsquo;arrosage et de nettoyage des espaces ext\u00e9rieurs.<\/p>\n<p>    <strong>Ville de Rennes<\/strong>\n            <\/p><\/blockquote>\n<p>Votre r\u00e9gion, votre actu !<\/p>\n<p>Recevez chaque jour les infos qui comptent pour vous.<\/p>\n<p>\t<a href=\"https:\/\/actu.fr\/newsletter\" class=\"ac-btn ac-btn--corner ac-btn--medium ac-btn--blue800\" target=\"_blank\" rel=\"noopener\">S&rsquo;incrire<\/a><\/p>\n<p class=\" wall-content\">La Ville ajoute \u00e9galement que <strong>les arbres existants seront conserv\u00e9s<\/strong> et qu\u2019un emplacement pour le stationnement des v\u00e9los verra le jour.<\/p>\n<p>Plus de 3\u00a0millions d\u2019euros<\/p>\n<p class=\" wall-content\">L\u2019objectif de cette r\u00e9novation et d\u2019<strong>am\u00e9liorer les conditions d\u2019accueil<\/strong> des pratiques sportives propos\u00e9es, mais aussi de <strong>\u00ab\u2009diminuer de 40\u2009% la consommation \u00e9nerg\u00e9tique\u2009\u00bb<\/strong> de l\u2019\u00e9quipement, souligne Fr\u00e9d\u00e9ric Bourcier.<\/p>\n<p class=\" wall-content\">Pour mener \u00e0 bien cette op\u00e9ration, la municipalit\u00e9 va devoir d\u00e9bourser<strong> 3\u2009830\u2009000\u00a0euros.<\/strong><\/p>\n<p class=\" wall-content\">Concernant le calendrier, la ma\u00eetrise d\u2019\u0153uvre sera attribu\u00e9e en mai\u00a02026 pour un d\u00e9but des travaux en septembre\u00a02027, jusqu\u2019en d\u00e9cembre\u00a02028. La<strong> livraison,<\/strong> elle, est pr\u00e9vue pour<strong> janvier\u00a02029.<\/strong><\/p>\n<p class=\" wall-content\">Personnalisez votre actualit\u00e9 en ajoutant vos villes et m\u00e9dias en favori avec <a href=\"https:\/\/moncompte.actu.fr\" title=\"D\u00e9couvez Mon Actu\" rel=\"nofollow noopener\" data-trk=\"{&quot;cta&quot;:{&quot;action&quot;:&quot;https:\\\/\\\/moncompte.actu.fr&quot;,&quot;category&quot;:&quot;mon compte&quot;,&quot;from&quot;:&quot;article footer&quot;,&quot;name&quot;:&quot;Mon actu&quot;,&quot;type&quot;:&quot;cta&quot;}}\" target=\"_blank\">Mon Actu<\/a>.<\/p>\n","protected":false},"excerpt":{"rendered":"Par Cl\u00e9mence Pays Publi\u00e9 le 16 d\u00e9c. 2025 \u00e0 6h02 Construit en 1977, dans le quartier Sud-Gare \u00e0&hellip;\n","protected":false},"author":2,"featured_media":602308,"comment_status":"","ping_status":"","sticky":false,"template":"","format":"standard","meta":{"footnotes":""},"categories":[2821],"tags":[1111,11,829,1777,674,1011,27,12,584,5765,25,60],"class_list":{"0":"post-602307","1":"post","2":"type-post","3":"status-publish","4":"format-standard","5":"has-post-thumbnail","7":"category-rennes","8":"tag-actu","9":"tag-actualites","10":"tag-bretagne","11":"tag-eu","12":"tag-europe","13":"tag-fr","14":"tag-france","15":"tag-news","16":"tag-rennes","17":"tag-renovation-urbaine","18":"tag-republique-francaise","19":"tag-sports"},"share_on_mastodon":{"url":"https:\/\/pubeurope.com\/@fr\/115727503858299311","error":""},"_links":{"self":[{"href":"https:\/\/www.europesays.com\/fr\/wp-json\/wp\/v2\/posts\/602307","targetHints":{"allow":["GET"]}}],"collection":[{"href":"https:\/\/www.europesays.com\/fr\/wp-json\/wp\/v2\/posts"}],"about":[{"href":"https:\/\/www.europesays.com\/fr\/wp-json\/wp\/v2\/types\/post"}],"author":[{"embeddable":true,"href":"https:\/\/www.europesays.com\/fr\/wp-json\/wp\/v2\/users\/2"}],"replies":[{"embeddable":true,"href":"https:\/\/www.europesays.com\/fr\/wp-json\/wp\/v2\/comments?post=602307"}],"version-history":[{"count":0,"href":"https:\/\/www.europesays.com\/fr\/wp-json\/wp\/v2\/posts\/602307\/revisions"}],"wp:featuredmedia":[{"embeddable":true,"href":"https:\/\/www.europesays.com\/fr\/wp-json\/wp\/v2\/media\/602308"}],"wp:attachment":[{"href":"https:\/\/www.europesays.com\/fr\/wp-json\/wp\/v2\/media?parent=602307"}],"wp:term":[{"taxonomy":"category","embeddable":true,"href":"https:\/\/www.europesays.com\/fr\/wp-json\/wp\/v2\/categories?post=602307"},{"taxonomy":"post_tag","embeddable":true,"href":"https:\/\/www.europesays.com\/fr\/wp-json\/wp\/v2\/tags?post=602307"}],"curies":[{"name":"wp","href":"https:\/\/api.w.org\/{rel}","templated":true}]}}