{"id":602311,"date":"2025-12-16T05:06:21","date_gmt":"2025-12-16T05:06:21","guid":{"rendered":"https:\/\/www.europesays.com\/fr\/602311\/"},"modified":"2025-12-16T05:06:21","modified_gmt":"2025-12-16T05:06:21","slug":"chelsea-lui-refourgue-des-flops-strasbourg-se-fache","status":"publish","type":"post","link":"https:\/\/www.europesays.com\/fr\/602311\/","title":{"rendered":"Chelsea lui refourgue des flops, Strasbourg se f\u00e2che"},"content":{"rendered":"<p><b>Accroch\u00e9 par Lorient (0-0) \u00e0 la Meinau dimanche, Strasbourg n\u2019avance plus en <a href=\"https:\/\/www.foot01.com\/ligue1\" title=\"Ligue 1\" target=\"_blank\" rel=\"noopener\">Ligue 1<\/a>. Les jeunes talents recrut\u00e9s cet \u00e9t\u00e9 ne r\u00e9pondent pas aux attentes du coach Liam Rosenior qui menace de les \u00e9carter.<\/b>Deux salles, deux ambiances pour <a href=\"https:\/\/www.foot01.com\/equipe\/strasbourg\/\" target=\"_blank\" rel=\"noopener\">Strasbourg<\/a>. Pendant qu\u2019il domine le classement de la Ligue Europa Conf\u00e9rence, le Racing ne cesse de d\u00e9gringoler en championnat. Le club alsacien occupe seulement la septi\u00e8me place de Ligue 1 apr\u00e8s 16 journ\u00e9es, avec neuf points de retard sur le podium. Un foss\u00e9 creus\u00e9 apr\u00e8s une s\u00e9rie de quatre matchs sans victoire, dont le nul conc\u00e9d\u00e9 \u00e0 domicile face \u00e0 Lorient dimanche. Il faut croire que Liam Rosenior n\u2019y arrive plus, peut-\u00eatre \u00e0 cause d\u2019un calendrier plus charg\u00e9 cette saison.<\/p>\n<p>\u00ab L\u2019an dernier, on connaissait pratiquement le onze. Il y avait des connexions qui se cr\u00e9aient, s\u2019est d\u00e9fendu l\u2019entra\u00eeneur de Strasbourg. Cette ann\u00e9e, nous n\u2019avons pas le m\u00eame nombre d\u2019entra\u00eenements. On voyage, on joue dimanche, jeudi, dimanche. J\u2019ai chang\u00e9 l\u2019\u00e9quipe pour de bonnes raisons, parce que j\u2019ai un bon effectif. Donc il faudra peut-\u00eatre un peu plus de temps, mais cela doit arriver maintenant. Je suis fatigu\u00e9 de venir ici r\u00e9p\u00e9ter toujours les m\u00eames choses. \u00bb<\/p>\n<p>Avec moins de temps pour pr\u00e9parer les rencontres, les jeunes Strasbourgeois ne r\u00e9pondent plus aux attentes. A commencer par les recrues Julio Enciso (environ 10 M\u20ac) et Kendry Paez, pr\u00eat\u00e9 par Chelsea, qui ont pris un gros coup de pression. \u00ab Il n\u2019y a plus d\u2019excuse maintenant qu\u2019ils ont du temps de jeu, a l\u00e2ch\u00e9 Liam Rosenior. On attend plus, clairement. J\u2019en ai marre de donner l\u2019excuse de la jeunesse des joueurs. \u00bb<\/p>\n<p>\u00ab Si les joueurs ne respectent pas les consignes, pas de probl\u00e8me, on en trouvera d\u2019autres qui les respectent, a pr\u00e9venu l\u2019Anglais. A un moment donn\u00e9, il faut \u00eatre plus exigeant sur les performances. Il y a eu plusieurs situations qui auraient d\u00fb nous offrir de belles occasions si chacun avait respect\u00e9 les consignes de placement. C\u2019est inacceptable et \u00e7a doit changer pour la seconde partie de saison. Je veux des joueurs qui font ce qu\u2019on leur demande de faire sur le terrain. \u00bb Le <a href=\"https:\/\/www.foot01.com\/mercato\" title=\"Mercato\" target=\"_blank\" rel=\"noopener\">mercato<\/a> hivernal peut devenir la solution si l\u2019actionnaire BlueCo accepte de remettre la main \u00e0 la poche.<\/p>\n","protected":false},"excerpt":{"rendered":"Accroch\u00e9 par Lorient (0-0) \u00e0 la Meinau dimanche, Strasbourg n\u2019avance plus en Ligue 1. Les jeunes talents recrut\u00e9s&hellip;\n","protected":false},"author":2,"featured_media":602312,"comment_status":"","ping_status":"","sticky":false,"template":"","format":"standard","meta":{"footnotes":""},"categories":[2820],"tags":[1111,11,1777,674,1011,27,775,66,1434,12,24894,25,640],"class_list":{"0":"post-602311","1":"post","2":"type-post","3":"status-publish","4":"format-standard","5":"has-post-thumbnail","7":"category-strasbourg","8":"tag-actu","9":"tag-actualites","10":"tag-eu","11":"tag-europe","12":"tag-fr","13":"tag-france","14":"tag-grand-est","15":"tag-ligue-1","16":"tag-mercato","17":"tag-news","18":"tag-rcsa","19":"tag-republique-francaise","20":"tag-strasbourg"},"share_on_mastodon":{"url":"https:\/\/pubeurope.com\/@fr\/115727511311897703","error":""},"_links":{"self":[{"href":"https:\/\/www.europesays.com\/fr\/wp-json\/wp\/v2\/posts\/602311","targetHints":{"allow":["GET"]}}],"collection":[{"href":"https:\/\/www.europesays.com\/fr\/wp-json\/wp\/v2\/posts"}],"about":[{"href":"https:\/\/www.europesays.com\/fr\/wp-json\/wp\/v2\/types\/post"}],"author":[{"embeddable":true,"href":"https:\/\/www.europesays.com\/fr\/wp-json\/wp\/v2\/users\/2"}],"replies":[{"embeddable":true,"href":"https:\/\/www.europesays.com\/fr\/wp-json\/wp\/v2\/comments?post=602311"}],"version-history":[{"count":0,"href":"https:\/\/www.europesays.com\/fr\/wp-json\/wp\/v2\/posts\/602311\/revisions"}],"wp:featuredmedia":[{"embeddable":true,"href":"https:\/\/www.europesays.com\/fr\/wp-json\/wp\/v2\/media\/602312"}],"wp:attachment":[{"href":"https:\/\/www.europesays.com\/fr\/wp-json\/wp\/v2\/media?parent=602311"}],"wp:term":[{"taxonomy":"category","embeddable":true,"href":"https:\/\/www.europesays.com\/fr\/wp-json\/wp\/v2\/categories?post=602311"},{"taxonomy":"post_tag","embeddable":true,"href":"https:\/\/www.europesays.com\/fr\/wp-json\/wp\/v2\/tags?post=602311"}],"curies":[{"name":"wp","href":"https:\/\/api.w.org\/{rel}","templated":true}]}}