{"id":602318,"date":"2025-12-16T05:10:14","date_gmt":"2025-12-16T05:10:14","guid":{"rendered":"https:\/\/www.europesays.com\/fr\/602318\/"},"modified":"2025-12-16T05:10:14","modified_gmt":"2025-12-16T05:10:14","slug":"une-messe-de-noel-aux-trois-visages-de-la-nativite-actu44-fr","status":"publish","type":"post","link":"https:\/\/www.europesays.com\/fr\/602318\/","title":{"rendered":"une messe de No\u00ebl aux trois visages de la Nativit\u00e9 \u2013 Actu44.fr"},"content":{"rendered":"<p>Musique Sacr\u00e9e \u00e0 la Cath\u00e9drale de Nantes : une messe de No\u00ebl aux trois visages de la Nativit\u00e9.<\/p>\n<p>La Cath\u00e9drale Saint-Pierre-et-Saint-Paul de Nantes s\u2019appr\u00eate \u00e0 accueillir un \u00e9v\u00e9nement musical exceptionnel qui promet de marquer les esprits en cette p\u00e9riode de l\u2019Avent. Le samedi 20 d\u00e9cembre 2025 \u00e0 19 h, un concert de No\u00ebl d\u2019une rare intensit\u00e9 spirituelle r\u00e9unira quelques-unes des plus belles pages de la musique sacr\u00e9e europ\u00e9enne, offrant au public nantais un moment de gr\u00e2ce suspendu entre pri\u00e8re et c\u00e9l\u00e9bration.<\/p>\n<p>Un voyage musical \u00e0 travers l\u2019Europe de la Nativit\u00e9<\/p>\n<p>L\u2019originalit\u00e9 de ce concert r\u00e9side dans son approche triptyque de la Nativit\u00e9, proposant un parcours musical qui traverse les fronti\u00e8res g\u00e9ographiques et linguistiques de l\u2019Europe chr\u00e9tienne. Trois traditions, trois langues, trois sensibilit\u00e9s se rejoignent pour dire l\u2019indicible : l\u2019\u00e9merveillement devant le myst\u00e8re de l\u2019Incarnation.<\/p>\n<p>Le programme s\u2019articule autour d\u2019un dialogue fascinant entre les traditions musicales du Nord et du Sud de l\u2019Europe. Les No\u00ebls d\u2019Europe du Nord apporteront leur gr\u00e2ce dansante et leur luminosit\u00e9 caract\u00e9ristique, \u00e9voquant la puret\u00e9 des nuits d\u2019hiver et la clart\u00e9 des \u00e9toiles sur la neige. La Renaissance ib\u00e9rique, quant \u00e0 elle, d\u00e9ploiera toute sa profondeur mystique, cette int\u00e9riorit\u00e9 contemplative qui caract\u00e9rise les grands ma\u00eetres espagnols et portugais de l\u2019\u00e2ge d\u2019or polyphonique. Enfin, les traditions populaires fran\u00e7aises viendront r\u00e9chauffer l\u2019ensemble de leur all\u00e9gresse chaleureuse, cette joie simple et communicative qui a travers\u00e9 les si\u00e8cles dans nos campagnes et nos provinces.<\/p>\n<p>Un \u00e9crin architectural d\u2019exception<\/p>\n<p>Impossible d\u2019\u00e9voquer cet \u00e9v\u00e9nement sans mentionner le cadre incomparable qui l\u2019accueillera. La Cath\u00e9drale de Nantes, chef-d\u2019\u0153uvre gothique dont la construction s\u2019est \u00e9tal\u00e9e sur plusieurs si\u00e8cles, offre une acoustique naturelle remarquable, particuli\u00e8rement propice \u00e0 la musique sacr\u00e9e. Ses vo\u00fbtes \u00e9lanc\u00e9es, culminant \u00e0 pr\u00e8s de 38 m\u00e8tres de hauteur, cr\u00e9ent une r\u00e9verb\u00e9ration qui magnifie les voix et fait vibrer l\u2019orgue dans toute sa splendeur. En cette soir\u00e9e de d\u00e9cembre, la pierre s\u00e9culaire r\u00e9sonnera une fois encore des chants qui ont berc\u00e9 la chr\u00e9tient\u00e9 depuis des g\u00e9n\u00e9rations.<\/p>\n<p>Des interpr\u00e8tes au service de l\u2019excellence<\/p>\n<p>Ce concert r\u00e9unit des forces musicales de premier plan, t\u00e9moignant de la vitalit\u00e9 de la vie musicale liturgique nantaise.<\/p>\n<p><strong>Le Jeune Ch\u0153ur et Schola de la Cath\u00e9drale de Nantes<\/strong> repr\u00e9sente l\u2019excellence de la formation chorale dans la tradition fran\u00e7aise. Ces jeunes chanteurs, form\u00e9s aux exigences de la musique sacr\u00e9e, apportent fra\u00eecheur et puret\u00e9 vocale aux r\u00e9pertoires qu\u2019ils abordent. Leur pr\u00e9sence symbolise \u00e9galement la transmission d\u2019un patrimoine musical s\u00e9culaire aux nouvelles g\u00e9n\u00e9rations.<\/p>\n<p><strong>Les Cantates spirituelles<\/strong> enrichissent la palette sonore de l\u2019\u00e9v\u00e9nement, apportant leur exp\u00e9rience du r\u00e9pertoire sacr\u00e9 et leur sensibilit\u00e9 particuli\u00e8re aux \u0153uvres baroques et classiques. Cet ensemble vocal compl\u00e8te harmonieusement les effectifs pour aborder les grandes pi\u00e8ces polyphoniques du programme.<\/p>\n<p><img loading=\"lazy\" decoding=\"async\" class=\"wp-image-97142 size-full\" src=\"data:image\/svg+xml,%3Csvg%20xmlns=\" https:=\"\" alt=\"Musique Sacr\u00e9e \u00e0 la Cath\u00e9drale de Nantes : une messe de No\u00ebl aux trois visages de la Nativit\u00e9\" width=\"800\" height=\"501\" data-lazy- data-lazy- data-lazy-src=\"https:\/\/www.europesays.com\/fr\/wp-content\/uploads\/2025\/12\/Mickael-Durand-reveil-orgue.jpg\"\/>Micka\u00ebl Durand sur la console de l\u2019orgue de ch\u0153ur, lors de son r\u00e9veil, le 27 septembre 2025.<\/p>\n<p><strong>Micka\u00ebl Durand<\/strong>, \u00e0 l\u2019orgue de choeur de la cath\u00e9drale, tiendra un r\u00f4le essentiel dans cette soir\u00e9e. L\u2019orgue, consid\u00e9r\u00e9 comme le roi des instruments dans la tradition liturgique catholique, dialogue avec les voix, les soutient, les commente, et d\u00e9ploie aussi sa propre voix dans des pi\u00e8ces solistes qui ponctueront le concert. Les grandes orgues de Nantes, r\u00e9cemment restaur\u00e9es apr\u00e8s l\u2019incendie de 2020, retrouvent ainsi leur pleine fonction dans la c\u00e9l\u00e9bration musicale des myst\u00e8res chr\u00e9tiens.<\/p>\n<p><strong>Julien Buis<\/strong>, \u00e0 la direction musicale, orchestre cet ensemble avec une vision d\u2019ensemble qui promet coh\u00e9rence et \u00e9motion. Sa responsabilit\u00e9 est de cr\u00e9er ce fil conducteur invisible qui transformera une succession de pi\u00e8ces en un v\u00e9ritable parcours spirituel et artistique.<\/p>\n<p>Entre pri\u00e8re et f\u00eate : la double nature de la Musique Sacr\u00e9e<\/p>\n<p>Le concept m\u00eame de ce concert illustre parfaitement la double nature de la musique sacr\u00e9e de No\u00ebl : elle est \u00e0 la fois pri\u00e8re et f\u00eate, silence et lumi\u00e8re, recueillement et exultation. Cette dualit\u00e9 traverse toute l\u2019histoire de la musique liturgique de No\u00ebl, depuis les antiennes gr\u00e9goriennes m\u00e9ditatives jusqu\u2019aux jubilants Te Deum baroques.<\/p>\n<p>La musique devient ici un langage qui transcende les mots, capable d\u2019exprimer simultan\u00e9ment la paix de la nuit de Bethl\u00e9em et la joie de l\u2019annonce aux bergers, l\u2019humilit\u00e9 de la cr\u00e8che et la gloire c\u00e9leste du Gloria in excelsis Deo. Dans la p\u00e9nombre de la cath\u00e9drale \u00e9clair\u00e9e aux bougies, chaque note r\u00e9sonnera comme une invitation \u00e0 l\u2019int\u00e9riorit\u00e9 et \u00e0 la c\u00e9l\u00e9bration partag\u00e9e.<\/p>\n<p>Une Messe de No\u00ebl aux trois visages de la Nativit\u00e9<\/p>\n<p><strong>Charpentier, Praetorius, Victoria<\/strong><\/p>\n<p>Jeune Ch\u0153ur et Schola de la Cath\u00e9drale de Nantes.<br \/>Les Cantates Spirituelles.<br \/>Micka\u00ebl Durand, orgue.<br \/>Julien Buis, direction musicale.<\/p>\n<p>Le concert se d\u00e9roulera le 20 d\u00e9cembre, \u00e0 19 h.<\/p>\n<p>Participation libre (dans la limite des places disponibles).<br \/>R\u00e9servations : www.musiquesacree-nantes.fr<\/p>\n<p>Visuels vid\u00e9o et photo : \u00a9 Jean-Fran\u00e7ois Mousseau.<\/p>\n","protected":false},"excerpt":{"rendered":"Musique Sacr\u00e9e \u00e0 la Cath\u00e9drale de Nantes : une messe de No\u00ebl aux trois visages de la Nativit\u00e9.&hellip;\n","protected":false},"author":2,"featured_media":602319,"comment_status":"","ping_status":"","sticky":false,"template":"","format":"standard","meta":{"footnotes":""},"categories":[2818],"tags":[1111,11,1777,674,1011,27,766,12,2636,25],"class_list":{"0":"post-602318","1":"post","2":"type-post","3":"status-publish","4":"format-standard","5":"has-post-thumbnail","7":"category-nantes","8":"tag-actu","9":"tag-actualites","10":"tag-eu","11":"tag-europe","12":"tag-fr","13":"tag-france","14":"tag-nantes","15":"tag-news","16":"tag-pays-de-la-loire","17":"tag-republique-francaise"},"share_on_mastodon":{"url":"https:\/\/pubeurope.com\/@fr\/115727527088477379","error":""},"_links":{"self":[{"href":"https:\/\/www.europesays.com\/fr\/wp-json\/wp\/v2\/posts\/602318","targetHints":{"allow":["GET"]}}],"collection":[{"href":"https:\/\/www.europesays.com\/fr\/wp-json\/wp\/v2\/posts"}],"about":[{"href":"https:\/\/www.europesays.com\/fr\/wp-json\/wp\/v2\/types\/post"}],"author":[{"embeddable":true,"href":"https:\/\/www.europesays.com\/fr\/wp-json\/wp\/v2\/users\/2"}],"replies":[{"embeddable":true,"href":"https:\/\/www.europesays.com\/fr\/wp-json\/wp\/v2\/comments?post=602318"}],"version-history":[{"count":0,"href":"https:\/\/www.europesays.com\/fr\/wp-json\/wp\/v2\/posts\/602318\/revisions"}],"wp:featuredmedia":[{"embeddable":true,"href":"https:\/\/www.europesays.com\/fr\/wp-json\/wp\/v2\/media\/602319"}],"wp:attachment":[{"href":"https:\/\/www.europesays.com\/fr\/wp-json\/wp\/v2\/media?parent=602318"}],"wp:term":[{"taxonomy":"category","embeddable":true,"href":"https:\/\/www.europesays.com\/fr\/wp-json\/wp\/v2\/categories?post=602318"},{"taxonomy":"post_tag","embeddable":true,"href":"https:\/\/www.europesays.com\/fr\/wp-json\/wp\/v2\/tags?post=602318"}],"curies":[{"name":"wp","href":"https:\/\/api.w.org\/{rel}","templated":true}]}}