{"id":602323,"date":"2025-12-16T05:13:11","date_gmt":"2025-12-16T05:13:11","guid":{"rendered":"https:\/\/www.europesays.com\/fr\/602323\/"},"modified":"2025-12-16T05:13:11","modified_gmt":"2025-12-16T05:13:11","slug":"a-toulouse-ca-se-dit-comme-ca-un-livre-sur-le-parler-toulousain-decrypte-par-son-auteur","status":"publish","type":"post","link":"https:\/\/www.europesays.com\/fr\/602323\/","title":{"rendered":"\u00ab\u00a0A Toulouse, \u00e7a se dit comme \u00e7a\u00a0!\u00a0\u00bb, un livre sur le parler toulousain d\u00e9crypt\u00e9 par son auteur"},"content":{"rendered":"<p>\n                                                                    l&rsquo;essentiel<br \/>\n                                                                La richesse linguistique de Toulouse est \u00e0 l\u2019honneur dans \u00ab\u00a0\u00c0 Toulouse, \u00e7a se dit comme \u00e7a\u00a0!\u00a0\u00bb. Pierre Escud\u00e9 explore 150 expressions locales. Une causerie promet d\u2019amuser et d\u2019instruire sur ce patrimoine vivant.\n                            <\/p>\n<p>Pierre Escud\u00e9, professeur d\u2019universit\u00e9 en didactique des langues et responsable des fili\u00e8res bilingues fran\u00e7ais-occitan des acad\u00e9mies de Bordeaux et Toulouse, pr\u00e9sentera \u00ab\u00a0\u00c0 Toulouse, \u00e7a se dit comme \u00e7a\u00a0!\u00a0\u00bb au d\u00e9cours d\u2019une soir\u00e9e \u00e0 la Maison du Quartier le jeudi 18\u00a0d\u00e9cembre \u00e0 20\u00a0h\u00a030.<\/p>\n<p>Ce livre r\u00e9cemment \u00e9dit\u00e9 par les \u00e9ditions Le Robert est un ouvrage de 144 pages dans lequel l\u2019auteur rapporte 150 mots ou expressions employ\u00e9s \u00e0 Toulouse. Au cours de la causerie anim\u00e9e par Bertrand Verdier, vice-pr\u00e9sident de l\u2019association du quartier, l\u2019auteur rendra un vibrant hommage \u00e0 la richesse linguistique de Toulouse, ville o\u00f9 les mots, porteurs d\u2019histoire, continuent de r\u00e9sonner avec force. Ainsi, pour Pierre Escud\u00e9, peu importe que l\u2019on dise \u00ab\u00a0taquet\u00a0\u00bb, \u00ab\u00a0poche\u00a0\u00bb ou \u00ab\u00a0gav\u00e9\u00a0\u00bb, la compr\u00e9hension entre francophones ne fait pour lui aucun doute. Et il insistera sur la richesse d\u2019un patrimoine linguistique \u00e0 valoriser en rappelant que \u00ab\u00a0\u00catre Toulousain, c\u2019est employer les termes et expressions qui font vivre ce territoire\u00a0\u00bb.<\/p>\n<p>Et comme l\u2019a si bien chant\u00e9 Claude Nougaro, il rajoute \u00ab\u00a0\u00c0 Toulouse, \u2018con\u2019n\u2019est pas forc\u00e9ment une injure et est m\u00eame devenu une v\u00e9ritable \u2018virgule toulousaine\u2019\u00a0\u00bb. Assur\u00e9ment, cette causerie, tout comme le livre, ne manquera pas d\u2019amuser autant qu\u2019elle instruira.<\/p>\n<p>Maison de Quartier, 7, bd Matabiau \u2013 31000 Toulouse \u2013 entr\u00e9e libre et gratuite<\/p>\n","protected":false},"excerpt":{"rendered":"l&rsquo;essentiel La richesse linguistique de Toulouse est \u00e0 l\u2019honneur dans \u00ab\u00a0\u00c0 Toulouse, \u00e7a se dit comme \u00e7a\u00a0!\u00a0\u00bb. Pierre&hellip;\n","protected":false},"author":2,"featured_media":602324,"comment_status":"","ping_status":"","sticky":false,"template":"","format":"standard","meta":{"footnotes":""},"categories":[2816],"tags":[1111,11,71303,872,1777,674,1011,27,2722,12,2680,25,2312],"class_list":{"0":"post-602323","1":"post","2":"type-post","3":"status-publish","4":"format-standard","5":"has-post-thumbnail","7":"category-toulouse","8":"tag-actu","9":"tag-actualites","10":"tag-colloques-et-confu00e9rences","11":"tag-culture-et-loisirs","12":"tag-eu","13":"tag-europe","14":"tag-fr","15":"tag-france","16":"tag-haute-garonne","17":"tag-news","18":"tag-occitanie","19":"tag-republique-francaise","20":"tag-toulouse"},"share_on_mastodon":{"url":"https:\/\/pubeurope.com\/@fr\/115727538870006054","error":""},"_links":{"self":[{"href":"https:\/\/www.europesays.com\/fr\/wp-json\/wp\/v2\/posts\/602323","targetHints":{"allow":["GET"]}}],"collection":[{"href":"https:\/\/www.europesays.com\/fr\/wp-json\/wp\/v2\/posts"}],"about":[{"href":"https:\/\/www.europesays.com\/fr\/wp-json\/wp\/v2\/types\/post"}],"author":[{"embeddable":true,"href":"https:\/\/www.europesays.com\/fr\/wp-json\/wp\/v2\/users\/2"}],"replies":[{"embeddable":true,"href":"https:\/\/www.europesays.com\/fr\/wp-json\/wp\/v2\/comments?post=602323"}],"version-history":[{"count":0,"href":"https:\/\/www.europesays.com\/fr\/wp-json\/wp\/v2\/posts\/602323\/revisions"}],"wp:featuredmedia":[{"embeddable":true,"href":"https:\/\/www.europesays.com\/fr\/wp-json\/wp\/v2\/media\/602324"}],"wp:attachment":[{"href":"https:\/\/www.europesays.com\/fr\/wp-json\/wp\/v2\/media?parent=602323"}],"wp:term":[{"taxonomy":"category","embeddable":true,"href":"https:\/\/www.europesays.com\/fr\/wp-json\/wp\/v2\/categories?post=602323"},{"taxonomy":"post_tag","embeddable":true,"href":"https:\/\/www.europesays.com\/fr\/wp-json\/wp\/v2\/tags?post=602323"}],"curies":[{"name":"wp","href":"https:\/\/api.w.org\/{rel}","templated":true}]}}