{"id":602327,"date":"2025-12-16T05:15:22","date_gmt":"2025-12-16T05:15:22","guid":{"rendered":"https:\/\/www.europesays.com\/fr\/602327\/"},"modified":"2025-12-16T05:15:22","modified_gmt":"2025-12-16T05:15:22","slug":"en-images-la-belle-boucle-le-temple-des-cheveux-ondules-boucles-et-crepus-a-ouvert-a-lille","status":"publish","type":"post","link":"https:\/\/www.europesays.com\/fr\/602327\/","title":{"rendered":"EN IMAGES. La Belle Boucle, le temple des cheveux ondul\u00e9s, boucl\u00e9s et cr\u00e9pus, a ouvert \u00e0 Lille"},"content":{"rendered":"<p>                    Par<br \/>\n        <strong><br \/>\n            <a href=\"https:\/\/actu.fr\/auteur\/margot-nicodeme\" title=\"Consulter tous les articles de Margot Nicod\u00e8me\" target=\"_blank\" rel=\"noopener\">Margot Nicod\u00e8me<\/a><br \/>\n                    <\/strong><\/p>\n<p>        Publi\u00e9 le<\/p>\n<p>            16 d\u00e9c. 2025 \u00e0 6h08        <\/p>\n<p>Le lieu est ouvert depuis le 13 d\u00e9cembre 2025, et d\u00e9j\u00e0 <b>le carnet de rendez-vous affiche complet jusqu\u2019\u00e0 d\u00e9but janvier 2026<\/b>. Un <b>salon de coiffure<\/b> <b>La Belle Boucle<\/b>, le 9e en France, a pris ses quartiers dans le Vieux-<a href=\"https:\/\/actu.fr\/hauts-de-france\/lille_59350\" target=\"_blank\" rel=\"noopener\">Lille<\/a>, r\u00e9pondant \u00e0 une demande bel et bien pr\u00e9sente. Trois coiffeuses y officient du lundi au samedi, et elles seront bient\u00f4t rejointes par trois autres, tant le succ\u00e8s de l\u2019enseigne s\u2019annonce grandissant. Dans un cadre totalement neuf, avec des coloris doux et de la d\u00e9co comme \u00e0 la maison, les clients \u2013 parce que les hommes sont les bienvenus ! \u2013 sont invit\u00e9s \u00e0 sublimer <b>leurs chevelures ondul\u00e9es, boucl\u00e9es, cr\u00e9pues<\/b>. Les t\u00eates sont confi\u00e9es aux mains expertes de coiffeuses form\u00e9es \u00e0 toutes les textures. Visite guid\u00e9e avec M\u00e9lissa.<\/p>\n<p>    <img   decoding=\"async\" loading=\"lazy\" class=\"size-large\" src=\"https:\/\/www.europesays.com\/fr\/wp-content\/uploads\/2025\/12\/349c28d91049641ac28d910495fcc2v-960x640.jpg\" alt=\"Rendez-vous au 21, rue Bartholom\u00e9-Masurel dans le Vieux-Lille.\" width=\"960\" height=\"640\"\/><br \/>\n    Rendez-vous au 21, rue Bartholom\u00e9-Masurel dans le Vieux-Lille. \u00a9Margot Nicod\u00e8me450 produits coiffants en boutique, une expertise en salon : La Belle Boucle a ouvert \u00e0 Lille<\/p>\n<p class=\" wall-content\">Le concept de La Belle Boucle est n\u00e9 \u00e0 <a href=\"https:\/\/actu.fr\/auvergne-rhone-alpes\/lyon_69123\" target=\"_blank\" rel=\"noopener\">Lyon<\/a>, o\u00f9 sont install\u00e9s deux salons. C\u2019est<b> Laureen Schein, 30 ans<\/b>, qui l\u2019a fond\u00e9 en 2019, et depuis l\u2019entreprise n\u2019a cess\u00e9 de cro\u00eetre. Nantes, Toulouse, Paris, Bordeaux\u2026 et maintenant Lille ont leur salon, avec boutique comprise. \u00ab\u00a0[Laureen] a s\u00e9lectionn\u00e9 les meilleurs produits pour les clients, et les plus naturels possible\u00a0\u00bb, dit M\u00e9lissa, coiffeuse dans le salon lillois, \u00e0 deux pas de <a href=\"https:\/\/actu.fr\/tag\/notre-dame-de-la-treille\" target=\"_blank\" rel=\"noopener\">Notre-Dame de la Treille<\/a>.<\/p>\n<p class=\" wall-content\">Ce sont en effet <b>450 produits coiffants<\/b>, de la marque La Belle Boucle mais aussi concurrentes (Cut by Fred, Centifolia\u2026), qui sont entrepos\u00e9s sur les \u00e9tag\u00e8res.\u00a0<\/p>\n<p>    <img   decoding=\"async\" loading=\"lazy\" class=\"size-large\" src=\"https:\/\/www.europesays.com\/fr\/wp-content\/uploads\/2025\/12\/0f6918d910496cb7918d910498f9b1v-960x640.jpg\" alt=\"Dans la boutique accol\u00e9e au salon, pas moins de 450 produits coiffants.\" width=\"960\" height=\"640\"\/><br \/>\n    Dans la boutique accol\u00e9e au salon, pas moins de 450 produits coiffants. \u00a9Margot Nicod\u00e8me<br \/>\n    <img   decoding=\"async\" loading=\"lazy\" class=\"size-large\" src=\"https:\/\/www.europesays.com\/fr\/wp-content\/uploads\/2025\/12\/ab3b18d910496104b18d91049e34b1v-960x640.jpg\" alt=\"La fiche diagnostic \u00e9tablie pour chaque client le guide dans l'achat de produits adapt\u00e9s \u00e0 sa chevelure.\" width=\"960\" height=\"640\"\/><br \/>\n    La fiche diagnostic \u00e9tablie pour chaque client le guide dans l\u2019achat de produits adapt\u00e9s \u00e0 sa chevelure. \u00a9Margot Nicod\u00e8me<\/p>\n<p class=\" wall-content\">Votre cheveu ondule-t-il ? Ou peut-\u00eatre boucle-t-il, m\u00eame ? Pour le savoir, l\u2019\u00e9quipe du salon propose <b>\u00ab\u00a0la m\u00e8che test\u00a0\u00bb<\/b> : un produit propos\u00e9 \u00e0 la vente peut \u00eatre essay\u00e9 sur une m\u00e8che, pour constater en direct son effet sur un type de cheveu en particulier. Mais le diagnostic pouss\u00e9 est \u00e9tabli par l\u2019une des trois coiffeuses pr\u00e9sentes, dont M\u00e9lissa fait partie.<\/p>\n<p>Votre r\u00e9gion, votre actu !<\/p>\n<p>Recevez chaque jour les infos qui comptent pour vous.<\/p>\n<p>\t<a href=\"https:\/\/actu.fr\/newsletter\" class=\"ac-btn ac-btn--corner ac-btn--medium ac-btn--blue800\" target=\"_blank\" rel=\"noopener\">S&rsquo;incrire<\/a><\/p>\n<p class=\" wall-content\">Professionnelle depuis 20 ans, elle observe d\u2019abord minutieusement la nature des cheveux, avant de passer \u00e0 <b>la coupe \u00e0 sec<\/b>. \u00ab\u00a0On recommande en effet de venir avec les cheveux propres, pour voir leur texture brute.\u00a0\u00bb\u00a0<\/p>\n<p>    <img   decoding=\"async\" loading=\"lazy\" class=\"size-large\" src=\"https:\/\/www.europesays.com\/fr\/wp-content\/uploads\/2025\/12\/be0828d9104967e7828d91049e2882v-960x640.jpg\" alt=\"Un salon flambant neuf, dans des coloris chaleureux, accueillent les clients d\u00e9j\u00e0 nombreux.\" width=\"960\" height=\"640\"\/><br \/>\n    Un salon flambant neuf, dans des coloris chaleureux, accueillent les clients d\u00e9j\u00e0 nombreux. \u00a9Margot Nicod\u00e8meUne fiche diagnostic \u00e0 emporter chez soi<\/p>\n<p class=\" wall-content\">Les observations de l\u2019experte sont not\u00e9es sur <b>une fiche diagnostic, avec laquelle la cliente repart<\/b>. \u00ab\u00a0Objectif de coupe\u00a0\u00bb, \u00ab\u00a0objectif de coiffage\u00a0\u00bb, routines conseill\u00e9es en mati\u00e8re de lavage, soin, s\u00e9chage\u2026 Les informations y sont nombreuses et compl\u00e8tes. <b>Les produits utilis\u00e9s lors de la prestation y sont syst\u00e9matiquement indiqu\u00e9s<\/b>, pour qui voudrait repartir avec toute ou une partie de la gamme au moment de passer en caisse.\u00a0<\/p>\n<p>    <img   decoding=\"async\" loading=\"lazy\" class=\"size-large\" src=\"https:\/\/www.europesays.com\/fr\/wp-content\/uploads\/2025\/12\/c7cc18d910496bbcc18d91049afcc1v-960x640.jpg\" alt=\"Le carnet de rendez-vous affiche d\u00e9j\u00e0 complet jusqu'\u00e0 d\u00e9but janvier 2026 !\" width=\"960\" height=\"640\"\/><br \/>\n    Le carnet de rendez-vous affiche d\u00e9j\u00e0 complet jusqu\u2019\u00e0 d\u00e9but janvier 2026 ! \u00a9Margot Nicod\u00e8me<\/p>\n<p class=\" wall-content\">Le plus : si des odeurs de produits ne plaisent pas au moment de l\u2019application, il existe forc\u00e9ment un autre produit aux m\u00eames effets mais avec une composition diff\u00e9rente. En bref, chacun devrait y trouver son bonheur.<\/p>\n<p class=\" wall-content\">Pour prendre rendez-vous, c\u2019est <a href=\"https:\/\/www.planity.com\/la-belle-boucle-studio-lille-59000\" target=\"_blank\" rel=\"noopener\">sur le site Planity<\/a> que \u00e7a se passe. Puis direction le 21, rue Bartholom\u00e9-Masurel \u00e0 Lille, pour <b>1h30 de prestation<\/b>. Car c\u2019est aussi l\u2019un des atouts de la marque : dans ce temple de la d\u00e9tente, entre le diagnostic, la coupe, le coiffage et les conseils en boutique, <b>la politique est de consacrer tout le temps n\u00e9cessaire pour chaque client<\/b>. Comptez 95 \u20ac la prestation.<\/p>\n<p class=\" wall-content\">Personnalisez votre actualit\u00e9 en ajoutant vos villes et m\u00e9dias en favori avec <a href=\"https:\/\/moncompte.actu.fr\" title=\"D\u00e9couvez Mon Actu\" rel=\"nofollow noopener\" data-trk=\"{&quot;cta&quot;:{&quot;action&quot;:&quot;https:\\\/\\\/moncompte.actu.fr&quot;,&quot;category&quot;:&quot;mon compte&quot;,&quot;from&quot;:&quot;article footer&quot;,&quot;name&quot;:&quot;Mon actu&quot;,&quot;type&quot;:&quot;cta&quot;}}\" target=\"_blank\">Mon Actu<\/a>.<\/p>\n","protected":false},"excerpt":{"rendered":"Par Margot Nicod\u00e8me Publi\u00e9 le 16 d\u00e9c. 2025 \u00e0 6h08 Le lieu est ouvert depuis le 13 d\u00e9cembre&hellip;\n","protected":false},"author":2,"featured_media":602328,"comment_status":"","ping_status":"","sticky":false,"template":"","format":"standard","meta":{"footnotes":""},"categories":[2815],"tags":[1111,11,215,33,1777,674,1011,27,811,1307,12,3147,25],"class_list":{"0":"post-602327","1":"post","2":"type-post","3":"status-publish","4":"format-standard","5":"has-post-thumbnail","7":"category-lille","8":"tag-actu","9":"tag-actualites","10":"tag-commerce","11":"tag-economie","12":"tag-eu","13":"tag-europe","14":"tag-fr","15":"tag-france","16":"tag-hauts-de-france","17":"tag-lille","18":"tag-news","19":"tag-nouveaux-commerces","20":"tag-republique-francaise"},"share_on_mastodon":{"url":"https:\/\/pubeurope.com\/@fr\/115727547748432059","error":""},"_links":{"self":[{"href":"https:\/\/www.europesays.com\/fr\/wp-json\/wp\/v2\/posts\/602327","targetHints":{"allow":["GET"]}}],"collection":[{"href":"https:\/\/www.europesays.com\/fr\/wp-json\/wp\/v2\/posts"}],"about":[{"href":"https:\/\/www.europesays.com\/fr\/wp-json\/wp\/v2\/types\/post"}],"author":[{"embeddable":true,"href":"https:\/\/www.europesays.com\/fr\/wp-json\/wp\/v2\/users\/2"}],"replies":[{"embeddable":true,"href":"https:\/\/www.europesays.com\/fr\/wp-json\/wp\/v2\/comments?post=602327"}],"version-history":[{"count":0,"href":"https:\/\/www.europesays.com\/fr\/wp-json\/wp\/v2\/posts\/602327\/revisions"}],"wp:featuredmedia":[{"embeddable":true,"href":"https:\/\/www.europesays.com\/fr\/wp-json\/wp\/v2\/media\/602328"}],"wp:attachment":[{"href":"https:\/\/www.europesays.com\/fr\/wp-json\/wp\/v2\/media?parent=602327"}],"wp:term":[{"taxonomy":"category","embeddable":true,"href":"https:\/\/www.europesays.com\/fr\/wp-json\/wp\/v2\/categories?post=602327"},{"taxonomy":"post_tag","embeddable":true,"href":"https:\/\/www.europesays.com\/fr\/wp-json\/wp\/v2\/tags?post=602327"}],"curies":[{"name":"wp","href":"https:\/\/api.w.org\/{rel}","templated":true}]}}