{"id":602334,"date":"2025-12-16T05:19:19","date_gmt":"2025-12-16T05:19:19","guid":{"rendered":"https:\/\/www.europesays.com\/fr\/602334\/"},"modified":"2025-12-16T05:19:19","modified_gmt":"2025-12-16T05:19:19","slug":"metropole-de-lyon-il-y-a-trois-ans-un-incendie-dix-victimes-et-pas-de-coupables","status":"publish","type":"post","link":"https:\/\/www.europesays.com\/fr\/602334\/","title":{"rendered":"M\u00e9tropole de Lyon. Il y a trois ans, un incendie, dix victimes et pas de coupables"},"content":{"rendered":"<p>\u00ab\u00a0Nous voil\u00e0 trois ans apr\u00e8s et nous souhaitons \u00eatre entendus\u00a0! Le silence est le pire complice de l\u2019injustice\u00a0\u00bb. C\u2019est par ces mots que l\u2019association des victimes de l\u2019incendie mortel du chemin des Barques \u00e0 Vaulx-en-Velin <a href=\"https:\/\/www.leprogres.fr\/faits-divers-justice\/2024\/12\/08\/deux-ans-apres-l-incendie-mortel-du-chemin-des-barques-a-vaulx-en-velin-un-moment-de-recueillement-prevu-le-16-decembre\" target=\"_blank\" rel=\"noopener\">lance un appel au rassemblement<\/a>.<\/p>\n<p>Le 16\u00a0d\u00e9cembre 2022, dix personnes, quatre adultes et six enfants, avaient succomb\u00e9 dans l\u2019immeuble du n\u00b0\u00a012. Le feu d\u2019origine humaine \u00e9tait parti d\u2019un des canap\u00e9s install\u00e9s par les dealers dans le hall et s\u2019\u00e9tait propag\u00e9 rapidement. Les expertises n\u2019avaient pas permis de d\u00e9terminer si le canap\u00e9 avait \u00e9t\u00e9 incendi\u00e9 volontairement ou involontairement.<\/p>\n<p>Les organisateurs pr\u00e9voient, dans un premier temps, un rassemblement ce mardi \u00e0 13\u00a0h\u00a030 devant le tribunal judiciaire \u00e0 Lyon 3e  puis, dans un second temps, \u00e0 19 heures, un moment de recueillement sur le lieu du drame.<\/p>\n<p><a href=\"https:\/\/www.leprogres.fr\/faits-divers-justice\/2024\/12\/17\/dix-morts-il-y-a-deux-ans-dans-un-incendie-a-vaulx-en-velin-aucune-lecon-n-a-ete-tiree\" target=\"_blank\" rel=\"noopener\">L\u2019an dernier, un hommage s\u2019\u00e9tait \u00e9galement tenu<\/a> o\u00f9, malheureusement, le discours \u00e9tait d\u00e9j\u00e0 le m\u00eame. L\u2019association Victimes de l\u2019incendie des Barques d\u00e9non\u00e7ait un manque d\u2019\u00e9coute et de prise en consid\u00e9ration des pouvoirs publics dans leur parcours de reconstruction. Les participants se plaignaient \u00e9galement que la \u00ab\u00a0situation judiciaire n\u2019ait pas boug\u00e9 non plus malgr\u00e9 deux ans d\u2019instruction\u00a0\u00bb.<\/p>\n<p>Les auteurs n\u2019ont jamais \u00e9t\u00e9 retrouv\u00e9s. <a href=\"https:\/\/www.leprogres.fr\/faits-divers-justice\/2023\/12\/06\/incendie-mortel-de-vaulx-en-velin-les-huit-suspects-arretes-ont-ete-remis-en-liberte\" target=\"_blank\" rel=\"noopener\">Huit individus avaient \u00e9t\u00e9 interpell\u00e9s<\/a> en d\u00e9cembre\u00a02023, mais ces arrestations n\u2019avaient pas abouti \u00e0 des mises en cause.<\/p>\n","protected":false},"excerpt":{"rendered":"\u00ab\u00a0Nous voil\u00e0 trois ans apr\u00e8s et nous souhaitons \u00eatre entendus\u00a0! Le silence est le pire complice de l\u2019injustice\u00a0\u00bb.&hellip;\n","protected":false},"author":2,"featured_media":602335,"comment_status":"","ping_status":"","sticky":false,"template":"","format":"standard","meta":{"footnotes":""},"categories":[1889],"tags":[1111,11,2430,3152,2757,1777,674,274,107,1011,27,2428,2756,12,25,2429,5070],"class_list":{"0":"post-602334","1":"post","2":"type-post","3":"status-publish","4":"format-standard","5":"has-post-thumbnail","7":"category-lyon","8":"tag-actu","9":"tag-actualites","10":"tag-auvergne-rhone-alpes","11":"tag-edition-est-lyonnais","12":"tag-edition-lyon-villeurbanne","13":"tag-eu","14":"tag-europe","15":"tag-faits-divers-justice","16":"tag-fil-info","17":"tag-fr","18":"tag-france","19":"tag-lyon","20":"tag-lyon-bassin","21":"tag-news","22":"tag-republique-francaise","23":"tag-rhone","24":"tag-vaulx-en-velin"},"share_on_mastodon":{"url":"https:\/\/pubeurope.com\/@fr\/115727562475452284","error":""},"_links":{"self":[{"href":"https:\/\/www.europesays.com\/fr\/wp-json\/wp\/v2\/posts\/602334","targetHints":{"allow":["GET"]}}],"collection":[{"href":"https:\/\/www.europesays.com\/fr\/wp-json\/wp\/v2\/posts"}],"about":[{"href":"https:\/\/www.europesays.com\/fr\/wp-json\/wp\/v2\/types\/post"}],"author":[{"embeddable":true,"href":"https:\/\/www.europesays.com\/fr\/wp-json\/wp\/v2\/users\/2"}],"replies":[{"embeddable":true,"href":"https:\/\/www.europesays.com\/fr\/wp-json\/wp\/v2\/comments?post=602334"}],"version-history":[{"count":0,"href":"https:\/\/www.europesays.com\/fr\/wp-json\/wp\/v2\/posts\/602334\/revisions"}],"wp:featuredmedia":[{"embeddable":true,"href":"https:\/\/www.europesays.com\/fr\/wp-json\/wp\/v2\/media\/602335"}],"wp:attachment":[{"href":"https:\/\/www.europesays.com\/fr\/wp-json\/wp\/v2\/media?parent=602334"}],"wp:term":[{"taxonomy":"category","embeddable":true,"href":"https:\/\/www.europesays.com\/fr\/wp-json\/wp\/v2\/categories?post=602334"},{"taxonomy":"post_tag","embeddable":true,"href":"https:\/\/www.europesays.com\/fr\/wp-json\/wp\/v2\/tags?post=602334"}],"curies":[{"name":"wp","href":"https:\/\/api.w.org\/{rel}","templated":true}]}}