{"id":602338,"date":"2025-12-16T05:22:28","date_gmt":"2025-12-16T05:22:28","guid":{"rendered":"https:\/\/www.europesays.com\/fr\/602338\/"},"modified":"2025-12-16T05:22:28","modified_gmt":"2025-12-16T05:22:28","slug":"le-bruit-perturbe-le-sommeil-de-milliers-de-franciliens-confirme-une-etude","status":"publish","type":"post","link":"https:\/\/www.europesays.com\/fr\/602338\/","title":{"rendered":"Le bruit perturbe le sommeil de milliers de Franciliens, confirme une \u00e9tude"},"content":{"rendered":"<p>&#13;<br \/>\n                        Le bruit perturbe le sommeil de milliers de Franciliens, confirme une \u00e9tude&#13;\n                    <\/p>\n<p style=\"text-align:\">Entre le trafic routier, les terrasses de bars et les avions, le bruit perturbe le sommeil de milliers de Franciliens, selon une \u00e9tude rendue publique lundi 15 d\u00e9cembre par l&rsquo;observatoire du bruit en Ile-de-France, Bruitparif, et l&rsquo;observatoire r\u00e9gional de sant\u00e9.<\/p>\n<p><a href=\"https:\/\/lecourrier.vn\/un-titre-sur-dix-livre-sur-deezer-est-du-bruit-genere-par-ia\/1276576.html\" title=\"Un titre sur dix livr\u00e9 sur Deezer est du bruit g\u00e9n\u00e9r\u00e9 par IA\" target=\"_blank\" rel=\"noopener\">&gt;&gt; Un titre sur dix livr\u00e9 sur Deezer est du bruit g\u00e9n\u00e9r\u00e9 par IA<\/a><\/p>\n<p><a href=\"https:\/\/lecourrier.vn\/plus-de-cinq-millions-de-travailleurs-exposes-a-un-niveau-de-bruit-nocif\/1280373.html\" title=\"Plus de cinq millions de travailleurs expos\u00e9s \u00e0 un niveau de bruit nocif\" target=\"_blank\" rel=\"noopener\">&gt;&gt; Plus de cinq millions de travailleurs expos\u00e9s \u00e0 un niveau de bruit nocif<\/a><\/p>\n<tr>\n<td class=\"pic\"><img decoding=\"async\" class=\"lazyload\" src=\"https:\/\/www.europesays.com\/fr\/wp-content\/uploads\/2025\/12\/090043-field_media_image-2975046-ecc0c8ab0bab0f0fab014d70e24fde3870680ea3.webp.webp\" alt=\"\"\/><\/td>\n<\/tr>\n<tr>\n<td class=\"caption\">Entre le trafic routier, les terrasses de bars et les avions, le bruit perturbe le sommeil de milliers de Franciliens, ici dans le centre de Paris le 26 octobre 2020.<\/td>\n<\/tr>\n<tr align=\"right\">\n<td class=\"author\">Photo : AFP\/VNA\/CVN<\/td>\n<\/tr>\n<p style=\"text-align:left\">\u00catre expos\u00e9 \u00ab\u00a0au bruit environnemental la nuit est associ\u00e9 \u00e0 une augmentation des remboursements de m\u00e9dicaments pour lutter contre l&rsquo;insomnie\u00a0\u00bb, selon l&rsquo;\u00e9tude \u00ab\u00a0Somnibruit\u00a0\u00bb, men\u00e9e conjointement avec l&rsquo;unit\u00e9 de recherche sommeil-vigilance-fatigue (VIFASOM) et l&rsquo;universit\u00e9 Paris Cit\u00e9.<\/p>\n<p style=\"text-align:left\">Elle a \u00e9t\u00e9 men\u00e9e entre 2017 et 2019 sur Paris et 432 communes qui regroupent plus de 10 millions d&rsquo;habitants.<\/p>\n<p style=\"text-align:left\">Les chercheurs ont notamment analys\u00e9 les donn\u00e9es de remboursement de m\u00e9dicaments \u00e0 vis\u00e9e hypnotique par commune ou arrondissement, ainsi que les niveaux de bruit nocturne g\u00e9n\u00e9r\u00e9s par le trafic routier, ferroviaire, a\u00e9rien ou encore les terrasses de bars ou restaurants.<\/p>\n<p style=\"text-align:left\">Selon le communiqu\u00e9 diffus\u00e9 lundi, environ 510.000 personnes sont concern\u00e9es chaque ann\u00e9es par un remboursement de m\u00e9dicaments pour troubles chronique du sommeil et pr\u00e8s de 76% de la population (soit environ 8 millions d&rsquo;habitants dans le cadre de l&rsquo;\u00e9tude) est expos\u00e9e \u00e0 un niveau de bruit routier qui d\u00e9passe la recommandation de l&rsquo;OMS (45 dB maximum entre 22H00 et 06H00).<\/p>\n<p style=\"text-align:left\">\u00ab\u00a0C&rsquo;est la premi\u00e8re fois en France qu&rsquo;une \u00e9tude met en \u00e9vidence un lien entre remboursement d&rsquo;hypnotiques et exposition au bruit la nuit\u00a0\u00bb, affirme Nathalie Beltzer, directrice de l&rsquo;ORS Ile-de-France, cit\u00e9e dans le communiqu\u00e9.<\/p>\n<p style=\"text-align:left\">\u00ab\u00a0Si les valeurs guides de l&rsquo;OMS relatives au bruit nocturne \u00e9taient respect\u00e9es, ce serait pr\u00e8s de 15.000 personnes qui pourraient se passer de m\u00e9dicaments pour lutter contre l&rsquo;insomnie chronique\u00a0\u00bb, estime-t-elle.<\/p>\n<p style=\"text-align:left\">L&rsquo;\u00e9tude d\u00e9montre que \u00ab\u00a0diff\u00e9rents types de bruits peuvent avoir un effet d\u00e9l\u00e9t\u00e8re: ceux li\u00e9s aux transports mais aussi ceux li\u00e9s aux activit\u00e9s r\u00e9cr\u00e9atives nocturnes ext\u00e9rieures\u00a0\u00bb, abonde Olivier Blond, pr\u00e9sident de Bruitparif, qui esp\u00e8re que ces travaux \u00ab\u00a0vont inciter les collectivit\u00e9s \u00e0 faire \u00e9voluer leurs politiques de pr\u00e9vention du bruit dans l&rsquo;environnement\u00a0\u00bb.<\/p>\n<p style=\"text-align:right\"><b>AFP\/VNA\/CVN<\/b><\/p>\n","protected":false},"excerpt":{"rendered":"&#13; Le bruit perturbe le sommeil de milliers de Franciliens, confirme une \u00e9tude&#13; Entre le trafic routier, les&hellip;\n","protected":false},"author":2,"featured_media":602339,"comment_status":"","ping_status":"","sticky":false,"template":"","format":"standard","meta":{"footnotes":""},"categories":[1592],"tags":[1111,11,9372,1777,674,1011,27,27857,662,12,626,25,279],"class_list":{"0":"post-602338","1":"post","2":"type-post","3":"status-publish","4":"format-standard","5":"has-post-thumbnail","7":"category-ile-de-france","8":"tag-actu","9":"tag-actualites","10":"tag-bruit","11":"tag-eu","12":"tag-europe","13":"tag-fr","14":"tag-france","15":"tag-franciliens","16":"tag-ile-de-france","17":"tag-news","18":"tag-paris","19":"tag-republique-francaise","20":"tag-sommeil"},"share_on_mastodon":{"url":"https:\/\/pubeurope.com\/@fr\/115727575646921525","error":""},"_links":{"self":[{"href":"https:\/\/www.europesays.com\/fr\/wp-json\/wp\/v2\/posts\/602338","targetHints":{"allow":["GET"]}}],"collection":[{"href":"https:\/\/www.europesays.com\/fr\/wp-json\/wp\/v2\/posts"}],"about":[{"href":"https:\/\/www.europesays.com\/fr\/wp-json\/wp\/v2\/types\/post"}],"author":[{"embeddable":true,"href":"https:\/\/www.europesays.com\/fr\/wp-json\/wp\/v2\/users\/2"}],"replies":[{"embeddable":true,"href":"https:\/\/www.europesays.com\/fr\/wp-json\/wp\/v2\/comments?post=602338"}],"version-history":[{"count":0,"href":"https:\/\/www.europesays.com\/fr\/wp-json\/wp\/v2\/posts\/602338\/revisions"}],"wp:featuredmedia":[{"embeddable":true,"href":"https:\/\/www.europesays.com\/fr\/wp-json\/wp\/v2\/media\/602339"}],"wp:attachment":[{"href":"https:\/\/www.europesays.com\/fr\/wp-json\/wp\/v2\/media?parent=602338"}],"wp:term":[{"taxonomy":"category","embeddable":true,"href":"https:\/\/www.europesays.com\/fr\/wp-json\/wp\/v2\/categories?post=602338"},{"taxonomy":"post_tag","embeddable":true,"href":"https:\/\/www.europesays.com\/fr\/wp-json\/wp\/v2\/tags?post=602338"}],"curies":[{"name":"wp","href":"https:\/\/api.w.org\/{rel}","templated":true}]}}