{"id":602340,"date":"2025-12-16T05:23:20","date_gmt":"2025-12-16T05:23:20","guid":{"rendered":"https:\/\/www.europesays.com\/fr\/602340\/"},"modified":"2025-12-16T05:23:20","modified_gmt":"2025-12-16T05:23:20","slug":"pourquoi-le-youtubeur-inoxtag-neuf-millions-dabonnes-a-t-il-choisi-monpazier-village-de-400-habitants-pour-ses-dedicaces","status":"publish","type":"post","link":"https:\/\/www.europesays.com\/fr\/602340\/","title":{"rendered":"Pourquoi le youtubeur Inoxtag, neuf millions d&rsquo;abonn\u00e9s, a-t-il choisi Monpazier, village de 400 habitants, pour ses d\u00e9dicaces ?"},"content":{"rendered":"<p class=\"article__intro\">Inoxtag, l&rsquo;un des youtubeurs les plus c\u00e9l\u00e8bres en France, est venu d\u00e9dicacer le dernier tome de son manga au march\u00e9 de No\u00ebl de Monpazier, petit village de 400 habitants en Dordogne. Une op\u00e9ration marketing chapeaut\u00e9e par l&rsquo;entreprise Celio, permettant de toucher un public plus excentr\u00e9.<\/p>\n<p>\n      L\u2019actu des r\u00e9gions\n    <\/p>\n<p>\n      Chaque jour, un tour d\u2019horizon des principales infos de toutes les r\u00e9gions.\n    <\/p>\n<p>    France T\u00e9l\u00e9visions utilise votre adresse e-mail afin de vous envoyer la newsletter \u00ab\u00a0L\u2019actu des r\u00e9gions\u00a0\u00bb. Vous pouvez vous d\u00e9sinscrire \u00e0 tout moment via le lien en bas de cette newsletter. <a target=\"_blank\" href=\"https:\/\/www.francetelevisions.fr\/groupe\/confidentialite\/politique-de-confidentialite\/politique-de-confidentialite-de-france-televisions-6503\" rel=\"noopener\">Notre politique de confidentialit\u00e9<\/a><\/p>\n<p>Inoxtag, <a href=\"https:\/\/www.franceinfo.fr\/replay-radio\/dans-la-peau-de-l-info\/l-influenceur-de-22-ans-inoxtag-a-gravi-l-everest-quel-message-pour-les-jeunes_6757576.html#:~:text=De%20son%20vrai%20nom%20In%C3%A8s,5%2C6%20millions%20sur%20Instagram.\" target=\"_blank\" rel=\"noopener noreferrer nofollow\" data-tooltip-url=\"https:\/\/www.franceinfo.fr\/replay-radio\/dans-la-peau-de-l-info\/l-influenceur-de-22-ans-inoxtag-a-gravi-l-everest-quel-message-pour-les-jeunes_6757576.html#:~:text=De%20son%20vrai%20nom%20In%C3%A8s,5%2C6%20millions%20sur%20Instagram.\">cr\u00e9ateur de vid\u00e9os sur YouTube aux neuf millions d&rsquo;abonn\u00e9s,<\/a> en d\u00e9dicace \u00e0 Monpazier, village p\u00e9rigourdin de 400 habitants. Telle \u00e9tait l&rsquo;affiche des festivit\u00e9s ce dimanche 4 d\u00e9cembre, alors que pr\u00e8s de 7000 personnes se sont press\u00e9es pour esp\u00e9rer apercevoir le vid\u00e9aste. Devant les yeux \u00e9bahis des locaux. \u00ab\u00a0Inoxtag \u00e0 Monpazier, je croyais presque que c&rsquo;\u00e9tait une arnaque, mais c&rsquo;\u00e9tait r\u00e9el\u00a0\u00bb, t\u00e9moigne Romain Fonteneau, p\u00e8re de cinq enfants tir\u00e9s au sort parmi des milliers d&rsquo;inscrits pour obtenir une d\u00e9dicace. \u00ab\u00a0C&rsquo;est une chance pour les enfants, et ils vont \u00eatre \u00e9merveill\u00e9s aujourd&rsquo;hui\u00a0\u00bb, se r\u00e9jouit-il.<\/p>\n<p><a data-article-figure=\"\" href=\"https:\/\/france3-regions.franceinfo.fr\/image\/3im3J88x6S1qsCTLUlUNiSBPPBE\/1920x1080\/regions\/2025\/12\/15\/ftvhd-9541-00-00-21-20-69403ffe65ab2730469038.jpg\" data-pswp-width=\"1920\" data-pswp-height=\"1080\" target=\"_blank\" rel=\"noopener\"><\/p>\n<p>          <img width=\"600\" height=\"400\" class=\"article-image lazy\" data-src=\"https:\/\/www.europesays.com\/fr\/wp-content\/uploads\/2025\/12\/ftvhd-9541-00-00-21-20-69403ffe65ab2730469038.jpg\" alt=\"Inoxtag est venu \u00e0 la rencontre de ses fans de Dordogne.\" fetchpriority=\"high\" as=\"image\"\/><\/p>\n<p>\n            Inoxtag est venu \u00e0 la rencontre de ses fans de Dordogne.<br \/>\n                           \u2022<br \/>\n                                      \u00a9 France 3 Nouvelle-Aquitaine\n                      <\/p>\n<p><\/a><\/p>\n<p>\u00ab\u00a0Je suis tr\u00e8s impressionn\u00e9 de voir autant de personnes qui viennent pour quelqu&rsquo;un que je ne connais pas\u00a0\u00bb, s&rsquo;amuse Michel Gaillard, habitant retrait\u00e9 du village : \u00ab\u00a0je pense que ce n&rsquo;est pas ma g\u00e9n\u00e9ration ou j&rsquo;ai d\u00fb louper quelques informations quelque part.\u00a0\u00bb<\/p>\n<p>Quel int\u00e9r\u00eat pour le ph\u00e9nom\u00e8ne de YouTube de venir dans ce village\u00a0? Vendre et d\u00e9dicacer le deuxi\u00e8me tome de son manga \u00ab\u00a0Instinct\u00a0\u00bb qu&rsquo;il cosc\u00e9narise, sorti en novembre dernier et tir\u00e9 \u00e0 538 000 exemplaires selon <a href=\"https:\/\/www.liberation.fr\/culture\/livres\/top-des-ventes-de-livres-inoxtag-le-retour-du-grimpeur-20251129_YZPYPHMTNVA67JUVM6VUH2HAMM\/\" target=\"_blank\" rel=\"noopener noreferrer nofollow\" data-tooltip-url=\"https:\/\/www.liberation.fr\/culture\/livres\/top-des-ventes-de-livres-inoxtag-le-retour-du-grimpeur-20251129_YZPYPHMTNVA67JUVM6VUH2HAMM\/\">Lib\u00e9ration.<\/a> Et toucher un public plus excentr\u00e9 que les grandes m\u00e9tropoles o\u00f9 il est habituellement invit\u00e9. \u00ab\u00a0C&rsquo;est ma premi\u00e8re fois en Dordogne et c&rsquo;est rare que je vienne dans des villages un peu enfouis comme celui-ci dans la France\u00a0\u00bb, explique In\u00e8s \u00ab\u00a0Inoxtag\u00a0\u00bb Benazzouz. \u00ab\u00a0Et rencontrer la communaut\u00e9, \u00e7a fait plaisir.\u00a0\u00bb <br \/>La visite du vid\u00e9aste a ainsi \u00e9t\u00e9 organis\u00e9e par la marque de pr\u00eat-\u00e0-porter Celio, qui a cr\u00e9\u00e9 une collection de v\u00eatements d\u00e9riv\u00e9e du manga d&rsquo;Inoxtag avant les f\u00eates. La marque a fait le pari cette ann\u00e9e d&rsquo;installer des stands imposants dans plusieurs march\u00e9s de No\u00ebl de villages fran\u00e7ais et belges, et d&rsquo;y faire venir des cr\u00e9ateurs de contenus populaires.<\/p>\n<blockquote class=\"ftvi_content_quote\">\n<p class=\"ftvi_citation_quote\">En campagne, nous n&rsquo;avons pas l&rsquo;habitude d&rsquo;avoir ce genre d&rsquo;\u00e9v\u00e9nements et on est contents qu&rsquo;une star vienne \u00e0 Monpazier.<\/p>\n<p>Louna<\/p>\n<p class=\"ftvi_citation_source\">Jeune fan de Inoxtag<\/p>\n<\/blockquote>\n<p>\u00ab\u00a0\u00c7a fait huit ans que je te suis, t&rsquo;es incroyable, et mon plus grand r\u00eave c&rsquo;est de devenir youtubeur\u00a0\u00bb, confie un fan tandis qu&rsquo;Inoxtag d\u00e9dicace son manga. Pour les jeunes de la g\u00e9n\u00e9ration Z, n\u00e9s de 1996 \u00e0 2010, le vid\u00e9aste est incontournable.<\/p>\n<blockquote class=\"ftvi_content_quote\">\n<p class=\"ftvi_citation_quote\">Dans les personnes qui viennent me voir, il y a de tout : de tous petits, des gens de mon \u00e2ge ou m\u00eame des darons.<\/p>\n<\/blockquote>\n<p>Son documentaire Ka\u00efzen, retra\u00e7ant son ascension de l&rsquo;Everest et centr\u00e9 autour de la th\u00e9matique du d\u00e9passement de soi, <a href=\"https:\/\/www.franceinfo.fr\/culture\/cinema\/documentaires\/plus-de-11-millions-de-vues-en-24-heures-pour-le-documentaire-d-inoxtag-sur-l-everest_6782998.html\" target=\"_blank\" rel=\"noopener noreferrer nofollow\" data-tooltip-url=\"https:\/\/www.franceinfo.fr\/culture\/cinema\/documentaires\/plus-de-11-millions-de-vues-en-24-heures-pour-le-documentaire-d-inoxtag-sur-l-everest_6782998.html\">a battu tous les records<\/a> en \u00e9tant la vid\u00e9o la plus vue de 2024 en France, cumulant aujourd&rsquo;hui 46 millions de visionnages. Au point d&rsquo;inspirer de nombreux jeunes. \u00ab\u00a0Kaizen c&rsquo;est un exemple, \u00e7a donne envie de faire la m\u00eame chose, \u00e7a pousse \u00e0 d\u00e9passer ses limites et \u00e7a rassemble\u00a0\u00bb, lance Louna, 22 ans, qui a fait une heure de route pour venir. \u00ab\u00a0Depuis qu&rsquo;on a vu cette vid\u00e9o, on fait des randonn\u00e9es \u00e0 plusieurs. On monte souvent des petits sommets pour passer le temps quand on s&rsquo;ennuie, plut\u00f4t que d&rsquo;\u00eatre sur nos t\u00e9l\u00e9phones\u00a0\u00bb, t\u00e9moigne Arthur, venu d&rsquo;un village alentour et adepte de toutes les vid\u00e9os du vid\u00e9aste.<\/p>\n<p>    dur\u00e9e de la vid\u00e9o : 00h01mn50s<\/p>\n<p>        <img decoding=\"async\" width=\"640\" height=\"426\" class=\"article-image not-lazy\" src=\"https:\/\/www.europesays.com\/fr\/wp-content\/uploads\/2025\/12\/1159bb78-7e1e-46ea-a4d0-f993dd128901.jpg\" alt=\"\" fetchpriority=\"high\"\/><\/p>\n<p>              Voir la video\u00a0(1 minutes 50 secondes).\u00a0<br \/>\n                  1 min 50 s<\/p>\n<p>\n          Inoxtag, l&rsquo;un des youtubeurs les plus c\u00e9l\u00e8bres en France, est venu d\u00e9dicacer le dernier tome de son manga au march\u00e9 de No\u00ebl de Monpazier, petit village de 400 habitants. Une op\u00e9ration marketing chapeaut\u00e9e par l&rsquo;entreprise Celio, permettant de toucher un public plus excentr\u00e9.<\/p>\n<p>        \u2022<\/p>\n<p>              \u00a9France 3 Nouvelle-Aquitaine\n      <\/p>\n<p>Une rencontre qui a donc \u00e9t\u00e9 couronn\u00e9e de succ\u00e8s pour la municipalit\u00e9 de Monpazier. Seuls regrets du c\u00f4t\u00e9 des commer\u00e7ants : un stand Celio \u00ab\u00a0monopolisant la place principale\u00a0\u00bb, ayant diminu\u00e9 le nombre d&rsquo;exposants locaux pr\u00e9sents au march\u00e9 de No\u00ebl.<\/p>\n","protected":false},"excerpt":{"rendered":"Inoxtag, l&rsquo;un des youtubeurs les plus c\u00e9l\u00e8bres en France, est venu d\u00e9dicacer le dernier tome de son manga&hellip;\n","protected":false},"author":2,"featured_media":602341,"comment_status":"","ping_status":"","sticky":false,"template":"","format":"standard","meta":{"footnotes":""},"categories":[1888],"tags":[1111,1928,11,1927,1777,674,1011,27,12,1926,626,1925,25],"class_list":{"0":"post-602340","1":"post","2":"type-post","3":"status-publish","4":"format-standard","5":"has-post-thumbnail","7":"category-paris","8":"tag-actu","9":"tag-actu-paris","10":"tag-actualites","11":"tag-actualites-paris","12":"tag-eu","13":"tag-europe","14":"tag-fr","15":"tag-france","16":"tag-news","17":"tag-news-paris","18":"tag-paris","19":"tag-paris-news","20":"tag-republique-francaise"},"share_on_mastodon":{"url":"https:\/\/pubeurope.com\/@fr\/115727579168950496","error":""},"_links":{"self":[{"href":"https:\/\/www.europesays.com\/fr\/wp-json\/wp\/v2\/posts\/602340","targetHints":{"allow":["GET"]}}],"collection":[{"href":"https:\/\/www.europesays.com\/fr\/wp-json\/wp\/v2\/posts"}],"about":[{"href":"https:\/\/www.europesays.com\/fr\/wp-json\/wp\/v2\/types\/post"}],"author":[{"embeddable":true,"href":"https:\/\/www.europesays.com\/fr\/wp-json\/wp\/v2\/users\/2"}],"replies":[{"embeddable":true,"href":"https:\/\/www.europesays.com\/fr\/wp-json\/wp\/v2\/comments?post=602340"}],"version-history":[{"count":0,"href":"https:\/\/www.europesays.com\/fr\/wp-json\/wp\/v2\/posts\/602340\/revisions"}],"wp:featuredmedia":[{"embeddable":true,"href":"https:\/\/www.europesays.com\/fr\/wp-json\/wp\/v2\/media\/602341"}],"wp:attachment":[{"href":"https:\/\/www.europesays.com\/fr\/wp-json\/wp\/v2\/media?parent=602340"}],"wp:term":[{"taxonomy":"category","embeddable":true,"href":"https:\/\/www.europesays.com\/fr\/wp-json\/wp\/v2\/categories?post=602340"},{"taxonomy":"post_tag","embeddable":true,"href":"https:\/\/www.europesays.com\/fr\/wp-json\/wp\/v2\/tags?post=602340"}],"curies":[{"name":"wp","href":"https:\/\/api.w.org\/{rel}","templated":true}]}}