{"id":602342,"date":"2025-12-16T05:24:20","date_gmt":"2025-12-16T05:24:20","guid":{"rendered":"https:\/\/www.europesays.com\/fr\/602342\/"},"modified":"2025-12-16T05:24:20","modified_gmt":"2025-12-16T05:24:20","slug":"7-cours-de-sport-feel-good-a-paris","status":"publish","type":"post","link":"https:\/\/www.europesays.com\/fr\/602342\/","title":{"rendered":"7 cours de sport Feel Good \u00e0 Paris"},"content":{"rendered":"<p><strong>Le truc en plus :<\/strong> C&rsquo;est entre les pierres naturelles de la cave r\u00e9habilit\u00e9 que se d\u00e9roulent les s\u00e9ances, \u00e9clair\u00e9es \u00e0 la (fausse) bougie et par des lumi\u00e8res de sol. Une v\u00e9ritable safe place.<\/p>\n<p><strong>L\u2019\u00e9nergie :<\/strong> Chaque cours de hot yoga est construit de la m\u00eame mani\u00e8re, \u00e0 travers trois flows r\u00e9alis\u00e9s trois fois de suite. La chaleur, quant \u00e0 elle, facilite l&rsquo;\u00e9vacuation des m\u00e9taux lourds, des toxines et de rel\u00e2cher les muscles en douceur.<\/p>\n<p><strong>Le prix :<\/strong> 42 euros la s\u00e9ance, ou 160 euros les cinq.<\/p>\n<p><strong>L\u2019adresse :<\/strong> Not Yoga, 13 rue des Tournelles (Paris 4).<\/p>\n<p><strong>A.B.<\/strong><\/p>\n<p>Encore plus x BlackRoc (Lagree), le plus moderne<\/p>\n<p><strong>On adore :<\/strong> La pr\u00e9cision chirurgicale de la m\u00e9thode, les sensations profondes qu\u2019elle procure et surtout l\u2019accompagnement privil\u00e9gi\u00e9 de No\u00e9mie \u2014 un coaching qui fr\u00f4le l\u2019exp\u00e9rience sur mesure.<\/p>\n<p><img decoding=\"async\" alt=\"7 cours de sport Feel Good \u00e0 Paris\" loading=\"lazy\" class=\"ResponsiveImageContainer-eNxvmU cfBbTk responsive-image__image\"   src=\"https:\/\/www.europesays.com\/fr\/wp-content\/uploads\/2025\/12\/BlackRock.jpg\"\/><\/p>\n<p><strong>Le truc en plus :<\/strong> Un cours particulier de Lagree dans la salle ultra-moderne de BlackRoc : le summum du premium. Lumi\u00e8res, machines, ambiance\u2026 tout respire l\u2019exigence contemporaine. Pour un moment encore plus exclusif, le duo est \u00e9galement possible.<\/p>\n<p><strong>L\u2019\u00e9nergie :<\/strong> Ici, on oublie la pr\u00e9cipitation. Pendant cinquante minutes, on avance en lenteur contr\u00f4l\u00e9e, concentr\u00e9 sur le souffle et sur la pr\u00e9cision millim\u00e9tr\u00e9e des mouvements. Une souffrance ma\u00eetris\u00e9e, intense mais gratifiante.<\/p>\n<p><strong>Le prix :<\/strong> 70 euros le cours priv\u00e9, 100 euros en duo.<\/p>\n<p><strong>L\u2019adresse :<\/strong> 50 avenue Foch, 75116 Paris<\/p>\n<p><strong>B.M.<\/strong><\/p>\n<p>NGR, le plus personnalis\u00e9<\/p>\n<p><strong>On adore :<\/strong> Le combo parfait entre l\u2019EMS et un coaching personnalis\u00e9, qui permet de gagner en muscle, de perdre du gras ou simplement de se tonifier, sans les contraintes d\u2019une salle de sport classique. Dans ce studio, 20 minutes d\u2019entra\u00eenement \u00e9quivalent \u00e0 4 heures gr\u00e2ce \u00e0 la technologie d\u2019\u00e9lectrostimulation Miha Bodytec.<\/p>\n","protected":false},"excerpt":{"rendered":"Le truc en plus : C&rsquo;est entre les pierres naturelles de la cave r\u00e9habilit\u00e9 que se d\u00e9roulent les&hellip;\n","protected":false},"author":2,"featured_media":602343,"comment_status":"","ping_status":"","sticky":false,"template":"","format":"standard","meta":{"footnotes":""},"categories":[1888],"tags":[1111,1928,11,1927,1777,674,1011,27,1305,12,1926,626,1925,25,6747,721],"class_list":{"0":"post-602342","1":"post","2":"type-post","3":"status-publish","4":"format-standard","5":"has-post-thumbnail","7":"category-paris","8":"tag-actu","9":"tag-actu-paris","10":"tag-actualites","11":"tag-actualites-paris","12":"tag-eu","13":"tag-europe","14":"tag-fr","15":"tag-france","16":"tag-lifestyle","17":"tag-news","18":"tag-news-paris","19":"tag-paris","20":"tag-paris-news","21":"tag-republique-francaise","22":"tag-textabovecentergridwidth","23":"tag-web"},"share_on_mastodon":{"url":"https:\/\/pubeurope.com\/@fr\/115727582810879344","error":""},"_links":{"self":[{"href":"https:\/\/www.europesays.com\/fr\/wp-json\/wp\/v2\/posts\/602342","targetHints":{"allow":["GET"]}}],"collection":[{"href":"https:\/\/www.europesays.com\/fr\/wp-json\/wp\/v2\/posts"}],"about":[{"href":"https:\/\/www.europesays.com\/fr\/wp-json\/wp\/v2\/types\/post"}],"author":[{"embeddable":true,"href":"https:\/\/www.europesays.com\/fr\/wp-json\/wp\/v2\/users\/2"}],"replies":[{"embeddable":true,"href":"https:\/\/www.europesays.com\/fr\/wp-json\/wp\/v2\/comments?post=602342"}],"version-history":[{"count":0,"href":"https:\/\/www.europesays.com\/fr\/wp-json\/wp\/v2\/posts\/602342\/revisions"}],"wp:featuredmedia":[{"embeddable":true,"href":"https:\/\/www.europesays.com\/fr\/wp-json\/wp\/v2\/media\/602343"}],"wp:attachment":[{"href":"https:\/\/www.europesays.com\/fr\/wp-json\/wp\/v2\/media?parent=602342"}],"wp:term":[{"taxonomy":"category","embeddable":true,"href":"https:\/\/www.europesays.com\/fr\/wp-json\/wp\/v2\/categories?post=602342"},{"taxonomy":"post_tag","embeddable":true,"href":"https:\/\/www.europesays.com\/fr\/wp-json\/wp\/v2\/tags?post=602342"}],"curies":[{"name":"wp","href":"https:\/\/api.w.org\/{rel}","templated":true}]}}