{"id":602350,"date":"2025-12-16T05:28:16","date_gmt":"2025-12-16T05:28:16","guid":{"rendered":"https:\/\/www.europesays.com\/fr\/602350\/"},"modified":"2025-12-16T05:28:16","modified_gmt":"2025-12-16T05:28:16","slug":"a-berlin-une-perspective-de-paix-se-profile","status":"publish","type":"post","link":"https:\/\/www.europesays.com\/fr\/602350\/","title":{"rendered":"\u00c0 Berlin, \u201cune perspective de paix se profile\u201d"},"content":{"rendered":"\n<p>\u201cLes choses commencent \u00e0 bouger\u201d, <a class=\"ithalc\" data-ithal=\"lien_externe\" data-ithalc=\"[nav_article]\" target=\"_blank\" href=\"https:\/\/www.zeit.de\/politik\/ausland\/2025-12\/ukraine-verhandlungen-berlin-wolodymyr-selenskyj-sicherheitsgarantien\/komplettansicht\" rel=\"noopener\">r\u00e9sume l\u2019hebdomadaire allemand <strong>Die Zeit<\/strong><\/a>. Le pr\u00e9sident ukrainien Volodymyr Zelensky, qui n\u00e9gocie depuis dimanche \u00e0 Berlin avec les \u00e9missaires am\u00e9ricains Steve Witkoff et Jared Kushner, s\u2019est f\u00e9licit\u00e9 lundi 15\u00a0d\u00e9cembre de \u201cprogr\u00e8s\u201d dans les n\u00e9gociations avec Washington pour mettre fin \u00e0 la guerre avec la Russie. \u201cNous avons \u00e9t\u00e9 entendus\u201d, a-t-il d\u00e9clar\u00e9 tout en pr\u00e9cisant que certaines questions restaient en suspens, notamment celles relatives aux revendications territoriales de la Russie.<\/p>\n<p>Les n\u00e9gociations se sont donc \u201capparemment mieux d\u00e9roul\u00e9es que ne le craignaient les Ukrainiens\u201d, souligne Die Zeit. Lorsque Zelensky est apparu devant la presse avec le chancelier allemand Friedrich Merz en d\u00e9but de soir\u00e9e, on aurait toutefois pu \u201ccraindre le pire\u201d, <a class=\"ithalc\" data-ithal=\"lien_externe\" data-ithalc=\"[nav_article]\" target=\"_blank\" href=\"https:\/\/www.sueddeutsche.de\/projekte\/artikel\/politik\/ukraine-russland-krieg-kushner-merz-berlin-witkoff-e357231\/\" rel=\"noopener\">souligne <strong>Die S\u00fcddeutsche Zeitung<\/strong><\/a>. \u201cLe pr\u00e9sident ukrainien, v\u00eatu de noir de la t\u00eate aux pieds, paraissait \u00e9puis\u00e9. Il semblait absent, le regard perdu dans le vide, ce qui contrastait fortement avec le message optimiste que Friedrich Merz s\u2019est efforc\u00e9 de transmettre\u201d. \u201cNous avons constat\u00e9 une forte dynamique diplomatique ces derniers jours\u201d, a notamment soulign\u00e9 le chancelier, \u201cpeut-\u00eatre la plus importante\u201d depuis le d\u00e9but de la guerre.<\/p>\n<p>\u201cPour la premi\u00e8re fois, une perspective de paix se profile\u201d donc, note le quotidien bavarois. Merz a pr\u00e9cis\u00e9 que les discussions \u00e0 la Chancellerie avaient port\u00e9 leurs fruits. Ce que les \u00c9tats-Unis ont propos\u00e9 en termes de \u201cgaranties juridiques et mat\u00e9rielles\u201d est \u201cv\u00e9ritablement remarquable\u201d, a-t-il insist\u00e9.<\/p>\n<p>Les \u00c9tats-Unis seraient pr\u00eats \u00e0 s\u2019engager en mati\u00e8re de s\u00e9curit\u00e9 envers l\u2019Ukraine, \u00ab\u00a0non seulement sur le papier, mais aussi par des mesures militaires\u00a0\u00bb, rapporte la S\u00fcddeutsche Zeitung. Zelensky a \u00e9voqu\u00e9 des garanties semblables \u00e0 celles de \u201cl\u2019article\u00a05 du trait\u00e9 de l\u2019Otan\u201d, qui pr\u00e9voit une assistance militaire des alli\u00e9s. Mais l\u2019Ukraine ne rejoindrait pas l\u2019Alliance, conform\u00e9ment \u00e0 ce que r\u00e9clame Moscou depuis des ann\u00e9es.<\/p>\n<p>\u201cZelensky avait d\u00e9j\u00e0 d\u00e9clar\u00e9 avant la r\u00e9union que son pays pourrait temporairement s\u2019abstenir d\u2019adh\u00e9rer \u00e0 l\u2019OTAN, mais que cela n\u00e9cessitait des garanties similaires \u00e0 la clause de d\u00e9fense mutuelle de l\u2019Alliance\u201d, <a class=\"ithalc\" data-ithal=\"lien_externe\" data-ithalc=\"[nav_article]\" target=\"_blank\" href=\"https:\/\/www.faz.net\/aktuell\/politik\/ukraine\/ukraine-gespraeche-in-berlin-zeichen-der-hoffnung-110803720.html\" rel=\"noopener\">rappelle la <strong>Frankfurter Allgemeine Zeitung<\/strong><\/a>. \u201cPoint crucial, ces garanties devaient \u00eatre ratifi\u00e9es par le Congr\u00e8s am\u00e9ricain\u201d. Or, \u201ccela semble d\u00e9sormais possible\u201d, selon le quotidien allemand <a class=\"ithalc\" data-ithal=\"lien_externe\" data-ithalc=\"[nav_article]\" target=\"_blank\" href=\"https:\/\/www.axios.com\/2025\/12\/13\/zelensky-witkoff-kushner-trump-ukraine-plan\" rel=\"noopener\">qui cite <strong>Axios<\/strong><\/a><strong>. <\/strong>Le site d\u2019information s\u2019est entretenu avec un responsable du gouvernement am\u00e9ricain qui lui a affirm\u00e9 que Washington \u00e9tait \u201cpr\u00eat \u00e0 soumettre le projet de loi au Congr\u00e8s pour un vote\u201d.<\/p>\n<p>               \u201cB\u00e9tonner des garanties de s\u00e9curit\u00e9\u201d       <\/p>\n<p>Les dirigeants des principaux pays europ\u00e9ens \u2013 notamment l\u2019Allemagne, la France et la Grande-Bretagne \u2013 et de l\u2019UE ont de leur c\u00f4t\u00e9 fait part dans la soir\u00e9e de leur proposition d\u2019une \u201cforce multinationale pour l\u2019Ukraine\u201d qui serait \u201ccompos\u00e9e de contributions de nations volontaires, et soutenue par les \u00c9tats-Unis\u201d, et de soutenir de mani\u00e8re \u201cdurable\u201d une arm\u00e9e ukrainienne de 800\u00a0000 hommes, selon une d\u00e9claration transmise par le gouvernement allemand. Ils \u00e9voquent aussi \u201cun m\u00e9canisme de surveillance et de v\u00e9rification du cessez-le-feu dirig\u00e9 par les \u00c9tats-Unis\u201d. \u201cAucun document conjoint avec les Am\u00e9ricains n\u2019a toutefois \u00e9t\u00e9 publi\u00e9\u201d, remarque Die Zeit.<\/p>\n<p>\u201cLes Europ\u00e9ens cherchent \u00e0 b\u00e9tonner des garanties de s\u00e9curit\u00e9 avant toute concession territoriale\u201d, <a class=\"ithalc\" data-ithal=\"lien_externe\" data-ithalc=\"[nav_article]\" target=\"_blank\" href=\"https:\/\/www.lesoir.be\/717077\/article\/2025-12-15\/guerre-en-ukraine-les-europeens-cherchent-betonner-des-garanties-de-securite\" rel=\"noopener\">analyse <strong>Le Soir<\/strong><\/a>.<\/p>\n<p>Un responsable au fait des discussions a affirm\u00e9 lundi \u00e0 l\u2019agence Reuters que les \u00e9missaires am\u00e9ricains avaient pos\u00e9 comme condition pour parvenir \u00e0 un accord de paix avec la Russie le retrait des forces de Kiev de la totalit\u00e9 de la r\u00e9gion de Donetsk, une revendication russe de longue date. La source a ajout\u00e9 que les n\u00e9gociateurs ukrainiens avaient demand\u00e9 \u00e0 poursuivre les discussions sur cette question tr\u00e8s sensible pour Kiev. \u201cLe Donetsk reste un point de blocage, Kiev cherchant \u00e0 r\u00e9sister aux concessions territoriales\u201d en faveur de la Russie, <a class=\"ithalc\" data-ithal=\"lien_externe\" data-ithalc=\"[nav_article]\" target=\"_blank\" href=\"https:\/\/www.rferl.org\/a\/trump-ukraine-deal-security-guarantees-russia\/33623937.html\" rel=\"noopener\">rappelait lundi soir <strong>Radio Free Europe<\/strong><\/a>.<\/p>\n","protected":false},"excerpt":{"rendered":"\u201cLes choses commencent \u00e0 bouger\u201d, r\u00e9sume l\u2019hebdomadaire allemand Die Zeit. Le pr\u00e9sident ukrainien Volodymyr Zelensky, qui n\u00e9gocie depuis&hellip;\n","protected":false},"author":2,"featured_media":602351,"comment_status":"","ping_status":"","sticky":false,"template":"","format":"standard","meta":{"footnotes":""},"categories":[1590],"tags":[11,672,3822,75,1777,674,1892,131,12,4409,132,770,220,134],"class_list":{"0":"post-602350","1":"post","2":"type-post","3":"status-publish","4":"format-standard","5":"has-post-thumbnail","7":"category-ukraine","8":"tag-actualites","9":"tag-allemagne","10":"tag-amu00e9riques","11":"tag-donald-trump","12":"tag-eu","13":"tag-europe","14":"tag-gu00e9opolitique","15":"tag-guerre-en-ukraine","16":"tag-news","17":"tag-ru00e9veil","18":"tag-russie","19":"tag-u00e9tats-unis","20":"tag-ukraine","21":"tag-volodymyr-zelensky"},"share_on_mastodon":{"url":"https:\/\/pubeurope.com\/@fr\/115727597797123014","error":""},"_links":{"self":[{"href":"https:\/\/www.europesays.com\/fr\/wp-json\/wp\/v2\/posts\/602350","targetHints":{"allow":["GET"]}}],"collection":[{"href":"https:\/\/www.europesays.com\/fr\/wp-json\/wp\/v2\/posts"}],"about":[{"href":"https:\/\/www.europesays.com\/fr\/wp-json\/wp\/v2\/types\/post"}],"author":[{"embeddable":true,"href":"https:\/\/www.europesays.com\/fr\/wp-json\/wp\/v2\/users\/2"}],"replies":[{"embeddable":true,"href":"https:\/\/www.europesays.com\/fr\/wp-json\/wp\/v2\/comments?post=602350"}],"version-history":[{"count":0,"href":"https:\/\/www.europesays.com\/fr\/wp-json\/wp\/v2\/posts\/602350\/revisions"}],"wp:featuredmedia":[{"embeddable":true,"href":"https:\/\/www.europesays.com\/fr\/wp-json\/wp\/v2\/media\/602351"}],"wp:attachment":[{"href":"https:\/\/www.europesays.com\/fr\/wp-json\/wp\/v2\/media?parent=602350"}],"wp:term":[{"taxonomy":"category","embeddable":true,"href":"https:\/\/www.europesays.com\/fr\/wp-json\/wp\/v2\/categories?post=602350"},{"taxonomy":"post_tag","embeddable":true,"href":"https:\/\/www.europesays.com\/fr\/wp-json\/wp\/v2\/tags?post=602350"}],"curies":[{"name":"wp","href":"https:\/\/api.w.org\/{rel}","templated":true}]}}