{"id":602357,"date":"2025-12-16T05:32:19","date_gmt":"2025-12-16T05:32:19","guid":{"rendered":"https:\/\/www.europesays.com\/fr\/602357\/"},"modified":"2025-12-16T05:32:19","modified_gmt":"2025-12-16T05:32:19","slug":"ledito-leurope-au-defi-du-mercosur","status":"publish","type":"post","link":"https:\/\/www.europesays.com\/fr\/602357\/","title":{"rendered":"L\u2019\u00e9dito. L\u2019Europe au d\u00e9fi du Mercosur"},"content":{"rendered":"<p>Quand un projet d\u2019accord commercial devient un d\u00e9fi politique et m\u00eame soci\u00e9tal\u2026 La Commission europ\u00e9enne a rejet\u00e9, ce lundi, la demande des autorit\u00e9s fran\u00e7aises. Lesquelles souhaitaient le report du vote du conseil de l\u2019Union europ\u00e9enne, en fin de semaine \u00e0 Bruxelles, sur l\u2019accord de libre-\u00e9change avec les pays du Mercosur. Un vote des chefs d\u2019\u00c9tat et de gouvernement au cours duquel sera requise la majorit\u00e9 des voix, et non l\u2019unanimit\u00e9, organis\u00e9e \u00e0 la veille d\u2019un sommet des pays du Mercosur, en Uruguay, au cours duquel la pr\u00e9sidente de la Commission, <a href=\"https:\/\/www.lalsace.fr\/p\/ursula-von-der-leyen\" target=\"_blank\" rel=\"noopener\">Ursula von der Leyen<\/a>, esp\u00e8re se rendre avec un accord en poche. Celui-ci devra encore \u00eatre adopt\u00e9 par les eurod\u00e9put\u00e9s, d\u00e9but 2026. Mais un vote favorable du conseil de l\u2019UE serait une nouvelle \u00e9tape dans un processus que la France et d\u2019autres pays ne parviennent pas \u00e0 stopper. Le retard \u00e0 l\u2019allumage ne pardonne plus\u2026<\/p>\n<p>En jugeant les clauses de sauvegarde insuffisantes, le Premier ministre, <a href=\"https:\/\/www.lalsace.fr\/p\/sebastien-lecornu\" target=\"_blank\" rel=\"noopener\">S\u00e9bastien Lecornu<\/a>, r\u00e9pond, sur le fond comme sur la forme, \u00e0 l\u2019attente des agriculteurs fran\u00e7ais mais aussi d\u2019une grande majorit\u00e9 de Fran\u00e7ais. Les premiers sont d\u00e9j\u00e0 vent debout contre la strat\u00e9gie sanitaire d\u2019abattage de l\u2019ensemble des troupeaux d\u00e8s lors qu\u2019une b\u00eate contracte la maladie de la dermatose nodulaire contagieuse. Dans ces conditions, y ajouter l\u2019accord de libre-\u00e9change passerait pour une provocation.<\/p>\n<p>Ce projet d\u2019accord \u00e9conomique entre l\u2019UE et les pays du Mercosur (Argentine, Bolivie, Br\u00e9sil, Paraguay et Uruguay) est une bombe \u00e0 retardement. En cas d\u2019adoption contre l\u2019avis de l\u2019ensemble des partis politiques fran\u00e7ais, il aura des cons\u00e9quences aussi graves et durables que la non-prise en compte du vote des Fran\u00e7ais au r\u00e9f\u00e9rendum sur la Constitution europ\u00e9enne en 2025. La France a besoin de l\u2019Europe et l\u2019Europe a besoin de la France. Dans une relation o\u00f9 chacun y trouve son int\u00e9r\u00eat, pas dans un bras de fer permanent. La partie n\u2019est pas totalement perdue s\u2019agissant du Mercosur puisque ce sont les d\u00e9put\u00e9s europ\u00e9ens qui, in fine, d\u00e9cideront. Il n\u2019emp\u00eache qu\u2019une grave crise existentielle, une de plus, se profile pour l\u2019UE.<\/p>\n","protected":false},"excerpt":{"rendered":"Quand un projet d\u2019accord commercial devient un d\u00e9fi politique et m\u00eame soci\u00e9tal\u2026 La Commission europ\u00e9enne a rejet\u00e9, ce&hellip;\n","protected":false},"author":2,"featured_media":602358,"comment_status":"","ping_status":"","sticky":false,"template":"","format":"standard","meta":{"footnotes":""},"categories":[1586],"tags":[11,327,4406,33,1777,674,107,3183,1011,27,329,9933,12,316,25],"class_list":{"0":"post-602357","1":"post","2":"type-post","3":"status-publish","4":"format-standard","5":"has-post-thumbnail","7":"category-europe","8":"tag-actualites","9":"tag-agriculture","10":"tag-commerce-et-services","11":"tag-economie","12":"tag-eu","13":"tag-europe","14":"tag-fil-info","15":"tag-finance-et-fiscalite","16":"tag-fr","17":"tag-france","18":"tag-france-monde","19":"tag-leditorial","20":"tag-news","21":"tag-politique","22":"tag-republique-francaise"},"share_on_mastodon":{"url":"https:\/\/pubeurope.com\/@fr\/115727613553758421","error":""},"_links":{"self":[{"href":"https:\/\/www.europesays.com\/fr\/wp-json\/wp\/v2\/posts\/602357","targetHints":{"allow":["GET"]}}],"collection":[{"href":"https:\/\/www.europesays.com\/fr\/wp-json\/wp\/v2\/posts"}],"about":[{"href":"https:\/\/www.europesays.com\/fr\/wp-json\/wp\/v2\/types\/post"}],"author":[{"embeddable":true,"href":"https:\/\/www.europesays.com\/fr\/wp-json\/wp\/v2\/users\/2"}],"replies":[{"embeddable":true,"href":"https:\/\/www.europesays.com\/fr\/wp-json\/wp\/v2\/comments?post=602357"}],"version-history":[{"count":0,"href":"https:\/\/www.europesays.com\/fr\/wp-json\/wp\/v2\/posts\/602357\/revisions"}],"wp:featuredmedia":[{"embeddable":true,"href":"https:\/\/www.europesays.com\/fr\/wp-json\/wp\/v2\/media\/602358"}],"wp:attachment":[{"href":"https:\/\/www.europesays.com\/fr\/wp-json\/wp\/v2\/media?parent=602357"}],"wp:term":[{"taxonomy":"category","embeddable":true,"href":"https:\/\/www.europesays.com\/fr\/wp-json\/wp\/v2\/categories?post=602357"},{"taxonomy":"post_tag","embeddable":true,"href":"https:\/\/www.europesays.com\/fr\/wp-json\/wp\/v2\/tags?post=602357"}],"curies":[{"name":"wp","href":"https:\/\/api.w.org\/{rel}","templated":true}]}}