{"id":602368,"date":"2025-12-16T05:40:16","date_gmt":"2025-12-16T05:40:16","guid":{"rendered":"https:\/\/www.europesays.com\/fr\/602368\/"},"modified":"2025-12-16T05:40:16","modified_gmt":"2025-12-16T05:40:16","slug":"wta-economie-gros-changement-a-venir-pour-emma-raducanu-en-2026","status":"publish","type":"post","link":"https:\/\/www.europesays.com\/fr\/602368\/","title":{"rendered":"WTA, Economie > Gros changement \u00e0 venir pour Emma Raducanu en 2026"},"content":{"rendered":"<p>Consid\u00e9r\u00e9e comme l\u2019une des joueuses rappor\u00adtant le plus d\u2019argent sur le circuit f\u00e9minin, Emma Raducanu s\u2019ap\u00adpr\u00ea\u00adte\u00adrait \u00e0 r\u00e9aliser un chan\u00adge\u00adment impor\u00adtant concer\u00adnant son \u00e9quipementier.<\/p>\n<p>En effet, la joueuse britan\u00adnique, qui figu\u00adrait au septi\u00e8me rang des athl\u00e8tes f\u00e9mi\u00adnines les mieux pay\u00e9es au monde en 2024 gr\u00e2ce notam\u00adment \u00e0 ses spon\u00adsors, quit\u00adte\u00adrait Nike pour Uniqlo en 2026, d\u2019apr\u00e8s les infor\u00adma\u00adtions de Craig Shapiro, souvent bien inform\u00e9.\u00a0<\/p>\n<blockquote class=\"twitter-tweet\">\n<p lang=\"en\" dir=\"ltr\">Just hearing Raducanu to <a href=\"https:\/\/twitter.com\/UniqloUSA?ref_src=twsrc%5Etfw\" data-wpel-link=\"external\" target=\"_blank\" rel=\"nofollow external noopener\">@UniqloUSA<\/a> for\u00a02026<\/p>\n<p>\u2014 The Craig Shapiro Tennis Podcast (@shaptennispod) <a href=\"https:\/\/twitter.com\/shaptennispod\/status\/1998870076716626320?ref_src=twsrc%5Etfw\" data-wpel-link=\"external\" target=\"_blank\" rel=\"nofollow external noopener\">December 10,\u00a02025<\/a><\/p><\/blockquote>\n<p>Et comme le rappelle le tweet ci\u2010dessous, la marque \u00e0 la virgule perdrait un huiti\u00e8me vain\u00adqueur de Grand Chelem depuis 2018\u202fen cas de d\u00e9part confirm\u00e9 de l\u2019ac\u00adtuelle 29e mondiale.\u00a0<\/p>\n<blockquote class=\"twitter-tweet\">\n<p lang=\"en\" dir=\"ltr\">Grand Slam cham\u00adpions, past or future, dropped by or having moved on from Nike in last 10\u202fyears\u00a0:<\/p>\n<p>2018 \u2013 Federer (UNIQLO), Gauff (New Balance)<br \/>2019 \u2013 Kenin (FILA)<br \/>2020 \u2013 Swiatek (ASICS), Rybakina (adidas)<br \/>2022 \u2013 Vondrousova<br \/>2023 \u2013 Stephens (FP Movement)<br \/>2026 \u2013 Raducanu (UNIQLO) <a href=\"https:\/\/t.co\/jzVLv8J8zX\" data-wpel-link=\"external\" target=\"_blank\" rel=\"nofollow external noopener\">https:\/\/t.co\/jzVLv8J8zX<\/a><\/p>\n<p>\u2014 Bastien Fachan (@BastienFachan) <a href=\"https:\/\/twitter.com\/BastienFachan\/status\/2000572312643670252?ref_src=twsrc%5Etfw\" data-wpel-link=\"external\" target=\"_blank\" rel=\"nofollow external noopener\">December 15,\u00a02025<\/a><\/p><\/blockquote>\n<p>Un d\u00e9part qui ferait partie d\u2019une stra\u00adt\u00e9gie claire de la firme am\u00e9ri\u00adcaine en misant prin\u00adci\u00adpa\u00adle\u00adment sur les stars comme Carlos Alcaraz, Jannik Sinner et Aryna Sabalenka, vain\u00adqueurs de 11 des 16 derniers tour\u00adnois du Grand Chelem.\u00a0<\/p>\n<p class=\"post-published-date\" style=\"color: silver; font-size: 75%; text-align: left;\">Publi\u00e9 le lundi 15 d\u00e9cembre 2025 \u00e0 17:49<\/p>\n<p>  <script async src=\"https:\/\/platform.twitter.com\/widgets.js\" charset=\"utf-8\"><\/script><\/p>\n","protected":false},"excerpt":{"rendered":"Consid\u00e9r\u00e9e comme l\u2019une des joueuses rappor\u00adtant le plus d\u2019argent sur le circuit f\u00e9minin, Emma Raducanu s\u2019ap\u00adpr\u00ea\u00adte\u00adrait \u00e0 r\u00e9aliser&hellip;\n","protected":false},"author":2,"featured_media":602369,"comment_status":"","ping_status":"","sticky":false,"template":"","format":"standard","meta":{"footnotes":""},"categories":[1415],"tags":[1744,7615,6903,2199,1011,27,2200,2127,60,28442,1467],"class_list":{"0":"post-602368","1":"post","2":"type-post","3":"status-publish","4":"format-standard","5":"has-post-thumbnail","7":"category-tennis","8":"tag-alcaraz","9":"tag-aryna-sabalenka","10":"tag-elena-rybakina","11":"tag-federer","12":"tag-fr","13":"tag-france","14":"tag-iga-swiatek","15":"tag-sinner","16":"tag-sports","17":"tag-stephens","18":"tag-tennis"},"share_on_mastodon":{"url":"https:\/\/pubeurope.com\/@fr\/115727644929109410","error":""},"_links":{"self":[{"href":"https:\/\/www.europesays.com\/fr\/wp-json\/wp\/v2\/posts\/602368","targetHints":{"allow":["GET"]}}],"collection":[{"href":"https:\/\/www.europesays.com\/fr\/wp-json\/wp\/v2\/posts"}],"about":[{"href":"https:\/\/www.europesays.com\/fr\/wp-json\/wp\/v2\/types\/post"}],"author":[{"embeddable":true,"href":"https:\/\/www.europesays.com\/fr\/wp-json\/wp\/v2\/users\/2"}],"replies":[{"embeddable":true,"href":"https:\/\/www.europesays.com\/fr\/wp-json\/wp\/v2\/comments?post=602368"}],"version-history":[{"count":0,"href":"https:\/\/www.europesays.com\/fr\/wp-json\/wp\/v2\/posts\/602368\/revisions"}],"wp:featuredmedia":[{"embeddable":true,"href":"https:\/\/www.europesays.com\/fr\/wp-json\/wp\/v2\/media\/602369"}],"wp:attachment":[{"href":"https:\/\/www.europesays.com\/fr\/wp-json\/wp\/v2\/media?parent=602368"}],"wp:term":[{"taxonomy":"category","embeddable":true,"href":"https:\/\/www.europesays.com\/fr\/wp-json\/wp\/v2\/categories?post=602368"},{"taxonomy":"post_tag","embeddable":true,"href":"https:\/\/www.europesays.com\/fr\/wp-json\/wp\/v2\/tags?post=602368"}],"curies":[{"name":"wp","href":"https:\/\/api.w.org\/{rel}","templated":true}]}}