{"id":602370,"date":"2025-12-16T05:44:16","date_gmt":"2025-12-16T05:44:16","guid":{"rendered":"https:\/\/www.europesays.com\/fr\/602370\/"},"modified":"2025-12-16T05:44:16","modified_gmt":"2025-12-16T05:44:16","slug":"cc-coxyde-les-elites-francais-engages-actualite","status":"publish","type":"post","link":"https:\/\/www.europesays.com\/fr\/602370\/","title":{"rendered":"CC &#8211; Coxyde : Les \u00c9lites fran\u00e7ais engag\u00e9s &#8211; Actualit\u00e9"},"content":{"rendered":"<p style=\"text-align: justify;\">La sixi\u00e8me manche de la Coupe du Monde de cyclo-cross 2025-2026 se disputera ce dimanche 21 d\u00e9cembre \u00e0 Coxyde, en Belgique. Pour les jeunes cat\u00e9gories, il s&rsquo;agira de la troisi\u00e8me manche. Voici la liste des\u00a0\u00c9lites fran\u00e7ais engag\u00e9s.<\/p>\n<p style=\"text-align: justify;\"><strong>Les \u00c9lites fran\u00e7ais engag\u00e9s :<br \/><\/strong><strong>Femmes<br \/><\/strong><a class=\"rider-link mention\" href=\"https:\/\/www.directvelo.com\/coureur\/18316\/helene-clauzel\" rel=\"external noopener\" data-rider=\"18316\" target=\"_blank\">H\u00e9l\u00e8ne CLAUZEL<\/a>\u00a0<br \/><a class=\"rider-link mention\" href=\"https:\/\/www.directvelo.com\/coureur\/18310\/perrine-clauzel\" rel=\"external noopener\" data-rider=\"18310\" target=\"_blank\">Perrine CLAUZEL<\/a>\u00a0(Sebmotobikes CX Team)<br \/><a class=\"rider-link mention\" href=\"https:\/\/www.directvelo.com\/coureur\/47395\/lison-desprez\" rel=\"external noopener\" data-rider=\"47395\" target=\"_blank\">Lison DESPREZ<\/a> (ACT Cycling) *<br \/><a class=\"rider-link mention\" href=\"https:\/\/www.directvelo.com\/coureur\/25212\/amandine-fouquenet\" rel=\"external noopener\" data-rider=\"25212\" target=\"_blank\">Amandine FOUQUENET<\/a>\u00a0(Ark\u00e9a-B&amp;B H\u00f4tels)\u00a0<br \/><a class=\"rider-link mention\" href=\"https:\/\/www.directvelo.com\/coureur\/36918\/electa-gallezot\" rel=\"external noopener\" data-rider=\"36918\" target=\"_blank\">Electa GALLEZOT<\/a>\u00a0(Sebmotobikes CX Team)<br \/><a class=\"rider-link mention\" href=\"https:\/\/www.directvelo.com\/coureur\/30222\/noemie-garnier\" rel=\"external noopener\" data-rider=\"30222\" target=\"_blank\">No\u00e9mie GARNIER<\/a>\u00a0(Team Guevel Roadborn)<br \/><a class=\"rider-link mention\" href=\"https:\/\/www.directvelo.com\/coureur\/36873\/celia-gery\" rel=\"external noopener\" data-rider=\"36873\" target=\"_blank\">C\u00e9lia GERY<\/a>\u00a0(AS Bike Racing-France Literie)<br \/><a class=\"rider-link mention\" href=\"https:\/\/www.directvelo.com\/coureur\/18324\/anais-morichon\" rel=\"external noopener\" data-rider=\"18324\" target=\"_blank\">Ana\u00efs MORICHON<\/a>\u00a0(Team Guevel Roadborn)<br \/><a class=\"rider-link mention\" href=\"https:\/\/www.directvelo.com\/coureur\/43366\/amandine-muller\" rel=\"external noopener\" data-rider=\"43366\" target=\"_blank\">Amandine MULLER<\/a>\u00a0(AS Bike Racing-France Literie)<\/p>\n<p>Rempla\u00e7antes<br \/><a class=\"rider-link mention\" href=\"https:\/\/www.directvelo.com\/coureur\/30708\/lauriane-duraffourg\" rel=\"external noopener\" data-rider=\"30708\" target=\"_blank\">Lauriane DURAFFOURG<\/a>\u00a0(VC Ornans)<br \/><a class=\"rider-link mention\" href=\"https:\/\/www.directvelo.com\/coureur\/30782\/camille-devigne\" rel=\"external noopener\" data-rider=\"30782\" target=\"_blank\">Camille DEVIGNE<\/a> (<a class=\"team-link mention\" href=\"https:\/\/www.directvelo.com\/equipe\/6405\/cj-oshea-racing-team\" rel=\"external noopener\" target=\"_blank\">CJ O&rsquo;Shea Racing Team<\/a>)\u00a0<\/p>\n<p><strong>Hommes<br \/><\/strong><a class=\"rider-link mention\" href=\"https:\/\/www.directvelo.com\/coureur\/37495\/nathan-bommenel\" rel=\"external noopener\" data-rider=\"37495\" target=\"_blank\">Nathan BOMMENEL<\/a>\u00a0\u00a0(ACT Cycling)\u00a0&#8211; notre photo\u00a0<br \/><a class=\"rider-link mention\" href=\"https:\/\/www.directvelo.com\/coureur\/29349\/timothe-gabriel\" rel=\"external noopener\" data-rider=\"29349\" target=\"_blank\">Timoth\u00e9 GABRIEL<\/a>\u00a0(Team CX TPM)<br \/><a class=\"rider-link mention\" href=\"https:\/\/www.directvelo.com\/coureur\/30796\/martin-groslambert\" rel=\"external noopener\" data-rider=\"30796\" target=\"_blank\">Martin GROSLAMBERT<\/a>\u00a0(Sebmotobikes CX Team)<br \/><a class=\"rider-link mention\" href=\"https:\/\/www.directvelo.com\/coureur\/4395\/david-menut\" rel=\"external noopener\" data-rider=\"4395\" target=\"_blank\">David MENUT<\/a> (AS Bike Racing-France Literie)<br \/><a class=\"rider-link mention\" href=\"https:\/\/www.directvelo.com\/coureur\/24644\/theo-thomas\" rel=\"external noopener\" data-rider=\"24644\" target=\"_blank\">Th\u00e9o THOMAS<\/a> (Sebmotobikes CX Team)\u00a0<br \/><a class=\"rider-link mention\" href=\"https:\/\/www.directvelo.com\/coureur\/37500\/tristan-verrier\" rel=\"external noopener\" data-rider=\"37500\" target=\"_blank\">Tristan VERRIER<\/a>\u00a0(Team Guevel Roadborn)<\/p>\n<p>Rempla\u00e7ant<br \/><a class=\"rider-link mention\" href=\"https:\/\/www.directvelo.com\/coureur\/30794\/remi-lelandais\" rel=\"external noopener\" data-rider=\"30794\" target=\"_blank\">R\u00e9mi LELANDAIS<\/a>\u00a0(Ark\u00e9a-B&amp;B H\u00f4tels Continentale)<\/p>\n<p>(*) Avec l&rsquo;\u00e9quipe de France.<\/p>\n","protected":false},"excerpt":{"rendered":"La sixi\u00e8me manche de la Coupe du Monde de cyclo-cross 2025-2026 se disputera ce dimanche 21 d\u00e9cembre \u00e0&hellip;\n","protected":false},"author":2,"featured_media":602371,"comment_status":"","ping_status":"","sticky":false,"template":"","format":"standard","meta":{"footnotes":""},"categories":[1411],"tags":[834,828,836,829,837,827,83,826,824,823,1154,207,814,817,815,816,822,821,832,211,839,1011,27,820,818,819,835,831,830,833,838,60,212,208,825],"class_list":{"0":"post-602370","1":"post","2":"type-post","3":"status-publish","4":"format-standard","5":"has-post-thumbnail","7":"category-cyclisme","8":"tag-attaque","9":"tag-belgique","10":"tag-braquet","11":"tag-bretagne","12":"tag-chute","13":"tag-competition","14":"tag-coupe-de-france","15":"tag-coureur","16":"tag-course-cyclisme","17":"tag-course-cycliste","18":"tag-cycling","19":"tag-cyclisme","20":"tag-direct","21":"tag-direct-velo","22":"tag-directvelo","23":"tag-directvelo-com","24":"tag-epreuve","25":"tag-epreuve-cycliste","26":"tag-federation-francaise-de-cyclisme","27":"tag-ffc","28":"tag-flandres","29":"tag-fr","30":"tag-france","31":"tag-live","32":"tag-live-course","33":"tag-live-epreuve","34":"tag-peloton","35":"tag-radio-peloton","36":"tag-radio-tour","37":"tag-ravitaillement","38":"tag-relance","39":"tag-sports","40":"tag-uci","41":"tag-velo","42":"tag-velos"},"share_on_mastodon":{"url":"https:\/\/pubeurope.com\/@fr\/115727660771155933","error":""},"_links":{"self":[{"href":"https:\/\/www.europesays.com\/fr\/wp-json\/wp\/v2\/posts\/602370","targetHints":{"allow":["GET"]}}],"collection":[{"href":"https:\/\/www.europesays.com\/fr\/wp-json\/wp\/v2\/posts"}],"about":[{"href":"https:\/\/www.europesays.com\/fr\/wp-json\/wp\/v2\/types\/post"}],"author":[{"embeddable":true,"href":"https:\/\/www.europesays.com\/fr\/wp-json\/wp\/v2\/users\/2"}],"replies":[{"embeddable":true,"href":"https:\/\/www.europesays.com\/fr\/wp-json\/wp\/v2\/comments?post=602370"}],"version-history":[{"count":0,"href":"https:\/\/www.europesays.com\/fr\/wp-json\/wp\/v2\/posts\/602370\/revisions"}],"wp:featuredmedia":[{"embeddable":true,"href":"https:\/\/www.europesays.com\/fr\/wp-json\/wp\/v2\/media\/602371"}],"wp:attachment":[{"href":"https:\/\/www.europesays.com\/fr\/wp-json\/wp\/v2\/media?parent=602370"}],"wp:term":[{"taxonomy":"category","embeddable":true,"href":"https:\/\/www.europesays.com\/fr\/wp-json\/wp\/v2\/categories?post=602370"},{"taxonomy":"post_tag","embeddable":true,"href":"https:\/\/www.europesays.com\/fr\/wp-json\/wp\/v2\/tags?post=602370"}],"curies":[{"name":"wp","href":"https:\/\/api.w.org\/{rel}","templated":true}]}}