{"id":602374,"date":"2025-12-16T05:46:14","date_gmt":"2025-12-16T05:46:14","guid":{"rendered":"https:\/\/www.europesays.com\/fr\/602374\/"},"modified":"2025-12-16T05:46:14","modified_gmt":"2025-12-16T05:46:14","slug":"arnaud-ducret-combien-lacteur-a-t-il-denfants","status":"publish","type":"post","link":"https:\/\/www.europesays.com\/fr\/602374\/","title":{"rendered":"Arnaud Ducret : combien l\u2019acteur a-t-il d\u2019enfants ?"},"content":{"rendered":"<p>Arnaud Ducret n\u2019est pas du registre des confidences \u00e0 tout-va.<br \/>\nSur sc\u00e8ne, il explose de rire ; en priv\u00e9, il choisit la pudeur.<br \/>\nPourtant, au fil des ann\u00e9es, quelques morceaux de son intimit\u00e9 ont<br \/>\nfini par \u00e9merger. Sa vie amoureuse est aujourd\u2019hui li\u00e9e \u00e0 <a href=\"https:\/\/www.closermag.fr\/people\/on-est-tombes-amoureux-arnaud-ducret-raconte-sa-rencontre-avec-claire-francisci-904920\" target=\"_blank\" rel=\"noopener\"><br \/>\nClaire Francisci, ancienne danseuse<\/a> (notamment rep\u00e9r\u00e9e pour ses<br \/>\npassages au Crazy Horse). Le couple s\u2019est rencontr\u00e9 sur des<br \/>\nplateaux et s\u2019est rapproch\u00e9 plusieurs ann\u00e9es avant de sceller son<br \/>\nunion.<\/p>\n<p>C&rsquo;est en effet en juillet 2021 qu&rsquo;ils se sont dit \u00ab\u00a0oui\u00a0\u00bb lors<br \/>\nd&rsquo;une c\u00e9r\u00e9monie discr\u00e8te et romantique au Mont-Saint-Michel. Un<br \/>\nacte qui a scell\u00e9 un engagement d\u00e9j\u00e0 solide apr\u00e8s des ann\u00e9es de vie<br \/>\ncommune. Selon nos confr\u00e8res de Gala qui y \u00e9taient, plusieurs<br \/>\ninvit\u00e9s de marque \u00e9taient pr\u00e9sents dont l&rsquo;humoriste <strong>Micha\u00ebl<br \/>\nYoun ou Franck Dubosc<\/strong>. Pour ce beau mariage, Arnaud Ducret<br \/>\nportait un costume gris \u00e9l\u00e9gant tandis que la mari\u00e9e arborait une<br \/>\nlongue robe blanche d\u00e9nud\u00e9e dans le dos. C&rsquo;est entour\u00e9s de leurs<br \/>\nproches qu&rsquo;Arnaud Ducret et Claire Francisci se sont pass\u00e9s la<br \/>\nbague au doigt. \u00ab\u00a0Mes grands-parents comme mes parents se sont<br \/>\nmari\u00e9s ici, dans la m\u00eame mairie\u00a0\u00bb confiait-elle \u00e0 Gala.<\/p>\n<p>Arnaud Ducret mari\u00e9 deux fois \u00e0 Claire<\/p>\n<p>A noter que les amoureux se sont jur\u00e9 amour et fid\u00e9lit\u00e9 une<br \/>\nseconde fois ! Arnaud Ducret a pass\u00e9 la bague au doigt \u00e0 sa<br \/>\ncompagne Claire Francisci lors d\u2019une c\u00e9r\u00e9monie intime organis\u00e9e le<br \/>\nsamedi 28 mai 2022, en Provence. Pour c\u00e9l\u00e9brer ce moment fort, le<br \/>\ncom\u00e9dien et la professionnelle de pole dance avaient r\u00e9uni leurs<br \/>\nproches ainsi que quelques amis c\u00e9l\u00e8bres. Radieuse dans une robe<br \/>\nblanche bustier, Claire Francisci, 45 ans, a fait sensation, tandis<br \/>\nqu\u2019Arnaud Ducret, 42 ans, avait opt\u00e9 pour un \u00e9l\u00e9gant costume noir<br \/>\nrehauss\u00e9 d\u2019une chemise blanche. C&rsquo;est leur amie <a href=\"https:\/\/www.closermag.fr\/people\/carnet-blanc-arnaud-ducret-et-sa-femme-claire-francisci-se-re-disent-oui-!-ophelie-meunier-balance-des-photos-1582228\" target=\"_blank\" rel=\"noopener\"><br \/>\nOph\u00e9lie Meunier qui avait balanc\u00e9 des photos<\/a>.<\/p>\n<p>Leur premier croisement a eu lieu lors de l\u2019\u00e9mission<br \/>\nRock&rsquo;N&rsquo;Roll Circus diffus\u00e9e<br \/>\nen 2015, mais rien ne s\u2019\u00e9tait alors pass\u00e9 entre eux. Quelques<br \/>\nann\u00e9es plus tard, le destin les a r\u00e9unis \u00e0 une soir\u00e9e, et c\u2019est l\u00e0<br \/>\nque tout a bascul\u00e9. <strong>\u00ab\u00a0Au moment o\u00f9 elle est entr\u00e9e dans<br \/>\nla salle, je l&rsquo;ai tout de suite reconnue. On s&rsquo;est regard\u00e9s<br \/>\nfixement. Le temps s&rsquo;est arr\u00eat\u00e9\u00a0\u00bb<\/strong>, a confi\u00e9 Arnaud<br \/>\nDucret \u00e0 Purepeople.<\/p>\n<p>Arnaud Ducret \u00e0 la t\u00eate d&rsquo;une famille<br \/>\nrecompos\u00e9e<\/p>\n<p>C\u00f4t\u00e9 enfants, <a href=\"https:\/\/www.closermag.fr\/people\/deux-appartements-separes-le-secret-dune-vie-heureuse-arnaud-ducret-detaille-sa-vie-de-papa-remarie-3502910\" target=\"_blank\" rel=\"noopener\"><br \/>\nArnaud Ducret est papa remari\u00e9<\/a> d\u2019un petit gar\u00e7on, Oscar, n\u00e9 en<br \/>\njuillet 2013 de sa relation avec Maurine Nicot. Depuis leur<br \/>\ns\u00e9paration en 2018, l&rsquo;humoriste a refait sa vie avec Claire qui,<br \/>\nelle, est d\u00e9j\u00e0 m\u00e8re de trois adolescents : des tripl\u00e9s nomm\u00e9s<br \/>\nAng\u00e9lique, Florian et L\u00e9o. Ensemble, ils forment une famille<br \/>\nrecompos\u00e9e et nombreuse, souvent \u00e9voqu\u00e9e par l\u2019acteur avec humour<br \/>\net tendresse : \u00ab\u00a0Il faut un sapin XXL, une table XXL\u00a0\u00bb,<br \/>\na-t-il plaisant\u00e9 lors d\u2019interviews.<\/p>\n","protected":false},"excerpt":{"rendered":"Arnaud Ducret n\u2019est pas du registre des confidences \u00e0 tout-va. Sur sc\u00e8ne, il explose de rire ; en&hellip;\n","protected":false},"author":2,"featured_media":602375,"comment_status":"","ping_status":"","sticky":false,"template":"","format":"standard","meta":{"footnotes":""},"categories":[1359],"tags":[26783,21303,58,59,1011,27,70541,973],"class_list":{"0":"post-602374","1":"post","2":"type-post","3":"status-publish","4":"format-standard","5":"has-post-thumbnail","7":"category-people","8":"tag-arnaud-ducret","9":"tag-buzz_nonli","10":"tag-divertissement","11":"tag-entertainment","12":"tag-fr","13":"tag-france","14":"tag-marfeel_froid","15":"tag-people"},"share_on_mastodon":{"url":"https:\/\/pubeurope.com\/@fr\/115727668569411136","error":""},"_links":{"self":[{"href":"https:\/\/www.europesays.com\/fr\/wp-json\/wp\/v2\/posts\/602374","targetHints":{"allow":["GET"]}}],"collection":[{"href":"https:\/\/www.europesays.com\/fr\/wp-json\/wp\/v2\/posts"}],"about":[{"href":"https:\/\/www.europesays.com\/fr\/wp-json\/wp\/v2\/types\/post"}],"author":[{"embeddable":true,"href":"https:\/\/www.europesays.com\/fr\/wp-json\/wp\/v2\/users\/2"}],"replies":[{"embeddable":true,"href":"https:\/\/www.europesays.com\/fr\/wp-json\/wp\/v2\/comments?post=602374"}],"version-history":[{"count":0,"href":"https:\/\/www.europesays.com\/fr\/wp-json\/wp\/v2\/posts\/602374\/revisions"}],"wp:featuredmedia":[{"embeddable":true,"href":"https:\/\/www.europesays.com\/fr\/wp-json\/wp\/v2\/media\/602375"}],"wp:attachment":[{"href":"https:\/\/www.europesays.com\/fr\/wp-json\/wp\/v2\/media?parent=602374"}],"wp:term":[{"taxonomy":"category","embeddable":true,"href":"https:\/\/www.europesays.com\/fr\/wp-json\/wp\/v2\/categories?post=602374"},{"taxonomy":"post_tag","embeddable":true,"href":"https:\/\/www.europesays.com\/fr\/wp-json\/wp\/v2\/tags?post=602374"}],"curies":[{"name":"wp","href":"https:\/\/api.w.org\/{rel}","templated":true}]}}