{"id":602376,"date":"2025-12-16T05:47:44","date_gmt":"2025-12-16T05:47:44","guid":{"rendered":"https:\/\/www.europesays.com\/fr\/602376\/"},"modified":"2025-12-16T05:47:44","modified_gmt":"2025-12-16T05:47:44","slug":"le-chateau-de-versailles-a-la-recherche-des-proprietaires-dune-oeuvre-spoliee","status":"publish","type":"post","link":"https:\/\/www.europesays.com\/fr\/602376\/","title":{"rendered":"Le ch\u00e2teau de Versailles \u00e0 la recherche des propri\u00e9taires d&rsquo;une \u0153uvre spoli\u00e9e"},"content":{"rendered":"<p class=\"editor-content__paragraph\">Lundi 8\u00a0d\u00e9cembre, le minist\u00e8re de la Culture a d\u00e9clar\u00e9 qu\u2019un \u00ab\u00a0faisceau d\u2019indices importants\u00a0\u00bb d\u00e9montrait que le <strong>carnet de dessins <\/strong>du peintre n\u00e9oclassique <strong><a href=\"https:\/\/www.beauxarts.com\/encyclo\/jacques-louis-david-en-2-minutes\/\" target=\"_blank\" rel=\"noopener\">Jacques-Louis David<\/a><\/strong> (1748\u20131825) conserv\u00e9 au ch\u00e2teau de Versailles avait <strong>probablement \u00e9t\u00e9 confisqu\u00e9 par les nazis \u00e0 une famille juive<\/strong> pendant l\u2019Occupation, confirmant les <a href=\"https:\/\/www.radiofrance.fr\/franceinter\/podcasts\/l-info-de-france-inter\/l-info-de-france-inter-7428000\" target=\"_blank\" rel=\"noopener\">d\u00e9couvertes faites par la cellule investigation de Radio France qui a retrac\u00e9 le parcours du document<\/a>. Le ch\u00e2teau appelle les<strong> descendants des propri\u00e9taires spoli\u00e9s<\/strong> \u00e0 se manifester afin de pouvoir le confirmer et proc\u00e9der \u00e0 une indemnisation ou une restitution.<\/p>\n<p class=\"editor-content__paragraph\">Ce carnet contient des<strong> esquisses destin\u00e9es \u00e0 la r\u00e9alisation du Serment du Jeu de paume<\/strong>, monumental tableau inachev\u00e9 de l\u2019artiste consacr\u00e9 \u00e0 cet \u00e9pisode important de la R\u00e9volution fran\u00e7aise \u2013 et dont une immense \u00e9bauche grandeur nature est pr\u00e9sent\u00e9e en ce moment au sein de la <a href=\"https:\/\/www.beauxarts.com\/expos\/jacques-louis-david-peintre-heroique-et-politique-dans-une-magistrale-retrospective-au-louvre\/\" target=\"_blank\" rel=\"noopener\">r\u00e9trospective \u00e9v\u00e9nement qui lui est consacr\u00e9e au mus\u00e9e du Louvre<\/a>, o\u00f9 un<strong> autre carnet de dessins<\/strong> de David relatif \u00e0 cette \u0153uvre est \u00e9galement conserv\u00e9.<\/p>\n<p>        \u00c0 lire aussi :<br \/>\n        <a class=\"renvoi-explicite__link\" href=\"https:\/\/www.beauxarts.com\/expos\/jacques-louis-david-peintre-heroique-et-politique-dans-une-magistrale-retrospective-au-louvre\/\" target=\"_blank\" rel=\"noopener\">Jacques-Louis David, peintre h\u00e9ro\u00efque et politique dans une magistrale r\u00e9trospective au Louvre<\/a><\/p>\n<p>Des recherches men\u00e9es avant une possible restitution<\/p>\n<p class=\"editor-content__paragraph\">Ayant<strong> acquis le carnet en 1951<\/strong> aupr\u00e8s d\u2019un \u00ab\u00a0marchand s\u00e9rieux\u00a0\u00bb, le <strong>ch\u00e2teau de Versailles<\/strong> dit n\u2019avoir eu au moment de l\u2019achat \u00ab\u00a0aucun doute sur sa provenance\u00a0\u00bb. Celle-ci n\u2019avait donc \u00ab\u00a0pas encore \u00e9t\u00e9 examin\u00e9e\u00a0\u00bb, mais \u00ab\u00a0allait l\u2019\u00eatre\u00a0\u00bb, dans le cadre des <strong>recherches relatives aux spoliations<\/strong>, men\u00e9es avec de plus en plus d\u2019attention ces derni\u00e8res ann\u00e9es.<\/p>\n<p>    <img loading=\"lazy\" decoding=\"async\" class=\"image__img\" src=\"https:\/\/www.europesays.com\/fr\/wp-content\/uploads\/2025\/12\/webvms-114_004r-964x1458.jpg\" alt=\"Jacques-Louis David, \u00c9tude pour le serment du Jeu de Paume\" width=\"964\" height=\"1458\"\/><\/p>\n<p>Jacques-Louis David, \u00c9tude pour le serment du Jeu de Paume, 1790\u20131791<\/p>\n<p>    i<\/p>\n<p class=\"legende__cartel\">Mine de plomb et crayon noir \u2022 19,8 \u00d7 13,2\u00a0cm \u2022 \u00a9 ch\u00e2teau de Versailles, Dist.RMN presse \/ \u00a9 Christophe Fouin<\/p>\n<p class=\"editor-content__paragraph\">De son c\u00f4t\u00e9, un <strong>descendant du propri\u00e9taire d\u2019un carnet de dessins<\/strong> de David, dont la confiscation avait \u00e9t\u00e9 <strong>signal\u00e9e \u00e0 l\u2019\u00c9tat en 1945<\/strong>, a d\u00e9couvert l\u2019existence de celui conserv\u00e9 dans l\u2019ancienne demeure du Roi-Soleil. Or il est \u00ab\u00a0assez probable\u00a0\u00bb qu\u2019il s\u2019agisse du <strong>m\u00eame carnet<\/strong>, a d\u00e9clar\u00e9 \u00e0 l\u2019AFP Laurent Salom\u00e9, directeur du mus\u00e9e national des ch\u00e2teaux de Versailles et du Trianon. Mais celui-ci n\u2019a pas encore eu de contact avec la famille concern\u00e9e, des<strong> \u00ab\u00a0recherches compl\u00e9mentaires\u00a0\u00bb<\/strong> devant \u00eatre men\u00e9es pour d\u00e9clencher une <strong>proc\u00e9dure de restitution<\/strong>. \u00ab\u00a0On ne demande qu\u2019\u00e0 faire avancer les recherches et \u00e0 prendre les mesures qu\u2019il faut\u00a0\u00bb, a-t-il pr\u00e9cis\u00e9.<\/p>\n<p>Un tableau spoli\u00e9 au c\u0153ur\u00a0d\u2019une controverse en Belgique<\/p>\n<p class=\"editor-content__paragraph\">Depuis fin novembre, le <strong>mus\u00e9e des Beaux-Arts de Gand<\/strong> fait, quant \u00e0 lui, pol\u00e9mique en <strong>refusant de restituer le Portrait de l\u2019\u00e9v\u00eaque Antonius Triest<\/strong> de Gaspar De Crayer (apr\u00e8s 1630), non expos\u00e9 dans ses salles, aux h\u00e9ritiers du marchand d\u2019art <strong>Samuel Hartveld<\/strong>, forc\u00e9 d\u2019abandonner ses biens en 1940\u00a0en fuyant les nazis, qui s\u2019en \u00e9taient alors empar\u00e9s pour les revendre. Le mus\u00e9e argue que la famille a <strong>d\u00e9j\u00e0 \u00e9t\u00e9 indemnis\u00e9e<\/strong> quelques ann\u00e9es apr\u00e8s la guerre, quand la peinture n\u2019avait pas encore \u00e9t\u00e9 localis\u00e9e. Face \u00e0 ce refus qui est une premi\u00e8re en Europe, et <strong>\u00e0 contre-courant de la tendance actuelle<\/strong>, plusieurs institutions et associations ont exprim\u00e9 leur <strong>\u00ab\u00a0profonde indignation\u00a0\u00bb<\/strong>, estimant que cela prolongeait les souffrances des victimes et minimisait la gravit\u00e9 de la spoliation, geste d\u2019effacement pr\u00e9liminaire \u00e0 l\u2019extermination physique.<\/p>\n<p>        \u00c0 lire aussi :<br \/>\n        <a class=\"renvoi-explicite__link\" href=\"https:\/\/www.beauxarts.com\/grand-format\/le-tableau-spolie-par-un-nazi-retrouve-par-hasard-sur-une-annonce-immobiliere-de-nouveau-perdu-la-fille-du-ss-assignee-a-residence\/\" target=\"_blank\" rel=\"noopener\">Le tableau spoli\u00e9 par un nazi, rep\u00e9r\u00e9 par hasard sur une annonce immobili\u00e8re en Argentine, a \u00e9t\u00e9 retrouv\u00e9<\/a><\/p>\n","protected":false},"excerpt":{"rendered":"Lundi 8\u00a0d\u00e9cembre, le minist\u00e8re de la Culture a d\u00e9clar\u00e9 qu\u2019un \u00ab\u00a0faisceau d\u2019indices importants\u00a0\u00bb d\u00e9montrait que le carnet de&hellip;\n","protected":false},"author":2,"featured_media":602377,"comment_status":"","ping_status":"","sticky":false,"template":"","format":"standard","meta":{"footnotes":""},"categories":[1358],"tags":[14535,1348,1384,1385,1386,5804,58,59,1011,27,71503],"class_list":{"0":"post-602376","1":"post","2":"type-post","3":"status-publish","4":"format-standard","5":"has-post-thumbnail","7":"category-arts-et-design","8":"tag-art-ancien","9":"tag-arts","10":"tag-arts-and-design","11":"tag-arts-et-design","12":"tag-design","13":"tag-dessin","14":"tag-divertissement","15":"tag-entertainment","16":"tag-fr","17":"tag-france","18":"tag-spoliation"},"share_on_mastodon":{"url":"https:\/\/pubeurope.com\/@fr\/115727673191730144","error":""},"_links":{"self":[{"href":"https:\/\/www.europesays.com\/fr\/wp-json\/wp\/v2\/posts\/602376","targetHints":{"allow":["GET"]}}],"collection":[{"href":"https:\/\/www.europesays.com\/fr\/wp-json\/wp\/v2\/posts"}],"about":[{"href":"https:\/\/www.europesays.com\/fr\/wp-json\/wp\/v2\/types\/post"}],"author":[{"embeddable":true,"href":"https:\/\/www.europesays.com\/fr\/wp-json\/wp\/v2\/users\/2"}],"replies":[{"embeddable":true,"href":"https:\/\/www.europesays.com\/fr\/wp-json\/wp\/v2\/comments?post=602376"}],"version-history":[{"count":0,"href":"https:\/\/www.europesays.com\/fr\/wp-json\/wp\/v2\/posts\/602376\/revisions"}],"wp:featuredmedia":[{"embeddable":true,"href":"https:\/\/www.europesays.com\/fr\/wp-json\/wp\/v2\/media\/602377"}],"wp:attachment":[{"href":"https:\/\/www.europesays.com\/fr\/wp-json\/wp\/v2\/media?parent=602376"}],"wp:term":[{"taxonomy":"category","embeddable":true,"href":"https:\/\/www.europesays.com\/fr\/wp-json\/wp\/v2\/categories?post=602376"},{"taxonomy":"post_tag","embeddable":true,"href":"https:\/\/www.europesays.com\/fr\/wp-json\/wp\/v2\/tags?post=602376"}],"curies":[{"name":"wp","href":"https:\/\/api.w.org\/{rel}","templated":true}]}}