{"id":602389,"date":"2025-12-16T05:55:17","date_gmt":"2025-12-16T05:55:17","guid":{"rendered":"https:\/\/www.europesays.com\/fr\/602389\/"},"modified":"2025-12-16T05:55:17","modified_gmt":"2025-12-16T05:55:17","slug":"premiere-beta-pour-ios-26-3-ipados-26-3-macos-26-3-watchos-26-3-tvos-26-3-et-visionos-26-3","status":"publish","type":"post","link":"https:\/\/www.europesays.com\/fr\/602389\/","title":{"rendered":"Premi\u00e8re B\u00eata pour iOS 26.3, iPadOS 26.3, macOS 26.3, watchOS 26.3, tvOS 26.3 et visionOS 26.3"},"content":{"rendered":"<p>                    <b>A quelques jours de la tr\u00eave hivernale, Apple ose en profite pour sortir la premi\u00e8re b\u00eata d&rsquo;iOS 26.3, iPadOS 26.3, macOS 26.3, watchOS 26.3, tvOS 26.3 et visionOS 26.3\u00a0!<\/b><\/p>\n<p>Comme d&rsquo;habitude, il faudra faire preuve d&rsquo;un peu de patience car ces mises \u00e0 jour ne seront pas accessibles en m\u00eame temps et pour tout le monde. De plus, la vitesse de t\u00e9l\u00e9chargement pourra varier en fonction des utilisateurs\u2026<\/p>\n<p>                                                                                                                                                        <img decoding=\"async\" src=\"https:\/\/www.europesays.com\/fr\/wp-content\/uploads\/2025\/12\/ce3bacda60_premiere-beta-pour-ios-26-3-ipados-26-3-macos-26-3-watchos-26-3-tvos-26-3-et-visionos-26-.webp\" alt=\"b\u00eata iOS 26.3 iPadOS 26.3 macOS 26.3 watchOS 26.3\" width=\"1200\" height=\"686\" loading=\"lazy\"\/>        <\/p>\n<p>Comment installer les b\u00eatas\u00a0?<\/p>\n<p>Comme d&rsquo;habitude, <b>ces versions b\u00eatas sont accessibles \u00e0 l&rsquo;ensemble des d\u00e9veloppeurs enregistr\u00e9s chez Apple<\/b>. Cela comprend \u00e9galement ceux qui disposent d\u2019un compte gratuit, \u00e0 la condition toutefois d\u2019avoir activ\u00e9 un profil d\u00e9veloppeur sur leur appareil. Elles peuvent \u00eatre install\u00e9es directement via la section Mise \u00e0 jour logicielle de l\u2019app R\u00e9glages ou R\u00e9glages Syst\u00e8me.<\/p>\n<p>Avant de partir \u00e0 l&rsquo;aventure, <b>il ne faudra point oublier d&rsquo;effectuer une sauvegarde<\/b>\u00a0\u2014 surtout s&rsquo;il s&rsquo;agit de votre appareil principal (en fait il faut \u00e9viter d&rsquo;utiliser ce dernier). On ne saurait que trop vous rappeler \u00e0 quel point les b\u00eatas sont instables et peuvent faire planter\u00a0\u2014 temporairement ou d\u00e9finitivement\u00a0\u2014votre smartphone, votre tablette, votre montre ou votre ordinateur. \u00a0<\/p>\n<p>                                                                                                                                                        <img decoding=\"async\" src=\"https:\/\/www.europesays.com\/fr\/wp-content\/uploads\/2025\/12\/eed685bbbc_premiere-beta-pour-ios-26-3-ipados-26-3-macos-26-3-watchos-26-3-tvos-26-3-et-visionos-26-.webp\" alt=\"Premi\u00e8re B\u00eata pour iOS 26.3, iPadOS 26.3, macOS 26.3, watchOS 26.3, tvOS 26.3 et visionOS 26.3\" width=\"885\" height=\"1920\" loading=\"lazy\"\/>        <\/p>\n","protected":false},"excerpt":{"rendered":"A quelques jours de la tr\u00eave hivernale, Apple ose en profite pour sortir la premi\u00e8re b\u00eata d&rsquo;iOS 26.3,&hellip;\n","protected":false},"author":2,"featured_media":602390,"comment_status":"","ping_status":"","sticky":false,"template":"","format":"standard","meta":{"footnotes":""},"categories":[7],"tags":[733,41105,1011,27,43,40,41,39,42,44],"class_list":{"0":"post-602389","1":"post","2":"type-post","3":"status-publish","4":"format-standard","5":"has-post-thumbnail","7":"category-sciences-et-technologies","8":"tag-apple","9":"tag-beta","10":"tag-fr","11":"tag-france","12":"tag-science","13":"tag-science-and-technology","14":"tag-sciences","15":"tag-sciences-et-technologies","16":"tag-technologies","17":"tag-technology"},"share_on_mastodon":{"url":"https:\/\/pubeurope.com\/@fr\/115727704502572476","error":""},"_links":{"self":[{"href":"https:\/\/www.europesays.com\/fr\/wp-json\/wp\/v2\/posts\/602389","targetHints":{"allow":["GET"]}}],"collection":[{"href":"https:\/\/www.europesays.com\/fr\/wp-json\/wp\/v2\/posts"}],"about":[{"href":"https:\/\/www.europesays.com\/fr\/wp-json\/wp\/v2\/types\/post"}],"author":[{"embeddable":true,"href":"https:\/\/www.europesays.com\/fr\/wp-json\/wp\/v2\/users\/2"}],"replies":[{"embeddable":true,"href":"https:\/\/www.europesays.com\/fr\/wp-json\/wp\/v2\/comments?post=602389"}],"version-history":[{"count":0,"href":"https:\/\/www.europesays.com\/fr\/wp-json\/wp\/v2\/posts\/602389\/revisions"}],"wp:featuredmedia":[{"embeddable":true,"href":"https:\/\/www.europesays.com\/fr\/wp-json\/wp\/v2\/media\/602390"}],"wp:attachment":[{"href":"https:\/\/www.europesays.com\/fr\/wp-json\/wp\/v2\/media?parent=602389"}],"wp:term":[{"taxonomy":"category","embeddable":true,"href":"https:\/\/www.europesays.com\/fr\/wp-json\/wp\/v2\/categories?post=602389"},{"taxonomy":"post_tag","embeddable":true,"href":"https:\/\/www.europesays.com\/fr\/wp-json\/wp\/v2\/tags?post=602389"}],"curies":[{"name":"wp","href":"https:\/\/api.w.org\/{rel}","templated":true}]}}