{"id":602391,"date":"2025-12-16T05:56:14","date_gmt":"2025-12-16T05:56:14","guid":{"rendered":"https:\/\/www.europesays.com\/fr\/602391\/"},"modified":"2025-12-16T05:56:14","modified_gmt":"2025-12-16T05:56:14","slug":"en-pleine-cure-dausterite-edf-confirme-envisager-deventuelles-cessions-totales-ou-partielles","status":"publish","type":"post","link":"https:\/\/www.europesays.com\/fr\/602391\/","title":{"rendered":"En pleine cure d\u2019aust\u00e9rit\u00e9, EDF confirme envisager \u00abd\u2019\u00e9ventuelles cessions\u00bb totales ou partielles"},"content":{"rendered":"<p>\n    Engag\u00e9 dans un plan d\u2019\u00e9conomies de 5 milliards d\u2019euros sur cinq ans, le groupe \u00e9voque une \u00abrevue de portefeuille pour proc\u00e9der \u00e0 d\u2019\u00e9ventuelles cessions\u00bb.<\/p>\n<p class=\"fig-paragraph\">EDF s\u2019appr\u00eate \u00e0 se serrer la ceinture. L\u2019<a href=\"http:\/\/www.lefigaro.fr\/societes\/edf-le-ce-le-plus-riche-de-france-pourrait-il-echapper-a-la-mainmise-de-la-cgt-20251118\" data-fig-type=\"Article\" data-gtm-custom-categorie=\"navigation\" data-gtm-custom-action=\"crossclick\" data-gtm-custom-label=\"Contextuel\" data-gtm-event=\"customEventSPE\" data-fig-domain=\"LEFIGARO\" target=\"_blank\" rel=\"noopener\">\u00e9nerg\u00e9ticien fran\u00e7ais\u00a0<\/a>a confirm\u00e9 lundi envisager \u00abd\u2019\u00e9ventuelles cessions\u00bb totales ou partielles en parall\u00e8le de son\u00a0<a href=\"http:\/\/www.lefigaro.fr\/societes\/pourquoi-edf-est-moins-allant-sur-le-solaire-et-l-eolien-20251017\" data-fig-type=\"Article\" data-gtm-custom-categorie=\"navigation\" data-gtm-custom-action=\"crossclick\" data-gtm-custom-label=\"Contextuel\" data-gtm-event=\"customEventSPE\" data-fig-domain=\"LEFIGARO\" target=\"_blank\" rel=\"noopener\">plan d\u2019\u00e9conomies de 5 milliards d\u2019euros<\/a>\u00a0sur cinq ans, en r\u00e9action \u00e0 des informations des \u00c9chos. Le groupe \u00abfait une revue de portefeuille pour proc\u00e9der \u00e0 d\u2019\u00e9ventuelles cessions\u00bb, a indiqu\u00e9 EDF dans un message \u00e0 l\u2019AFP, pr\u00e9cisant que \u00abl\u2019ouverture du capital d\u2019Edison\u00bb, une filiale italienne, \u00abainsi qu\u2019une cession partielle ou compl\u00e8te de la plateforme renouvelable aux \u00c9tats-Unis ont \u00e9t\u00e9 \u00e9voqu\u00e9es\u00bb.<\/p>\n<p class=\"fig-paragraph\">Des rumeurs de presse avaient pr\u00e9c\u00e9demment \u00e9voqu\u00e9 une possible cession de sa filiale italienne Edison, et la recherche de partenaires pour les activit\u00e9s d\u2019EDF Power solutions (renouvelables) aux \u00c9tats-Unis. Cette d\u00e9claration intervient alors que le quotidien \u00e9conomique Les \u00c9chos \u00e9voque lundi soir, sur la base de sources non sp\u00e9cifi\u00e9es, un \u00abplan d\u2019adaptation\u00bb pr\u00e9voyant des \u00abventes et ouvertures de capital de filiales (pouvant) rapporter jusqu\u2019\u00e0 17 milliards d\u2019euros\u00bb.<\/p>\n<p>                                            <a class=\"fig-a11y-skip\" href=\"#fig-a11y-skip-main-inarticle\" data-module=\"a11y-skip\" data-context=\"was @visible\"><br \/>\n    Passer la publicit\u00e9<br \/>\n<\/a>            <\/p>\n<p>                                            Dette abyssale<\/p>\n<p class=\"fig-paragraph\">EDF, qui a une dette abyssale de 54,3 milliards d\u2019euros \u00e0 fin 2024, n\u2019a pas fait davantage de commentaires lundi. La Cour des comptes s\u2019est inqui\u00e9t\u00e9e dans un rapport du 23 septembre des perspectives financi\u00e8res d\u2019EDF, \u00abconfront\u00e9 \u00e0 d\u2019importantes incertitudes sur sa capacit\u00e9 de financement \u00e0 long terme\u00bb, alors que le groupe fait face \u00e0 des besoins d\u2019investissement atteignant 460 milliards d\u2019euros entre 2025 et 2040.<\/p>\n<p class=\"fig-paragraph\">Mi-octobre, le nouveau PDG d\u2019EDF Bernard Fontana avait soulign\u00e9 la n\u00e9cessit\u00e9 de \u00abprioriser\u00bb les investissements et disait \u00e9tudier des \u00abouvertures de capital\u00bb afin de retrouver \u00abdes marges de man\u0153uvre financi\u00e8res\u00bb, dans un message interne adress\u00e9 aux principaux cadres du groupe public.<\/p>\n<p>                                            Les salaires dans le viseur\u00a0?<\/p>\n<p class=\"fig-paragraph\">Concernant le plan d\u2019\u00e9conomies, Am\u00e9lie Henri, d\u00e9l\u00e9gu\u00e9e syndicale centrale CFE-CGC, avait d\u00e9clar\u00e9 d\u00e9but d\u00e9cembre \u00e0 l\u2019AFP: \u00abon sent que les salaires sont finalement une nouvelle cible\u00bb du plan d\u2019\u00e9conomies d\u2019un milliard d\u2019euros par an d\u2019ici 2030, repr\u00e9sentant pr\u00e8s d\u2019un tiers d\u2019\u00e9conomies sur les charges de fonctionnement. L\u2019AFP l\u2019avait interrog\u00e9e dans un contexte de n\u00e9gociations salariales annuelles semblant patiner et alors que les relations se sont tendues entre la direction et les syndicats chez EDF. Ces derniers mettent en cause les m\u00e9thodes du nouveau PDG, Bernard Fontana, estimant qu\u2019elles ont entra\u00een\u00e9 une d\u00e9gradation du climat social.<\/p>\n","protected":false},"excerpt":{"rendered":"Engag\u00e9 dans un plan d\u2019\u00e9conomies de 5 milliards d\u2019euros sur cinq ans, le groupe \u00e9voque une \u00abrevue de&hellip;\n","protected":false},"author":2,"featured_media":602392,"comment_status":"","ping_status":"","sticky":false,"template":"","format":"standard","meta":{"footnotes":""},"categories":[6],"tags":[35,33,34,1647,1011,27],"class_list":{"0":"post-602391","1":"post","2":"type-post","3":"status-publish","4":"format-standard","5":"has-post-thumbnail","7":"category-economie","8":"tag-business","9":"tag-economie","10":"tag-economy","11":"tag-edf","12":"tag-fr","13":"tag-france"},"share_on_mastodon":{"url":"","error":""},"_links":{"self":[{"href":"https:\/\/www.europesays.com\/fr\/wp-json\/wp\/v2\/posts\/602391","targetHints":{"allow":["GET"]}}],"collection":[{"href":"https:\/\/www.europesays.com\/fr\/wp-json\/wp\/v2\/posts"}],"about":[{"href":"https:\/\/www.europesays.com\/fr\/wp-json\/wp\/v2\/types\/post"}],"author":[{"embeddable":true,"href":"https:\/\/www.europesays.com\/fr\/wp-json\/wp\/v2\/users\/2"}],"replies":[{"embeddable":true,"href":"https:\/\/www.europesays.com\/fr\/wp-json\/wp\/v2\/comments?post=602391"}],"version-history":[{"count":0,"href":"https:\/\/www.europesays.com\/fr\/wp-json\/wp\/v2\/posts\/602391\/revisions"}],"wp:featuredmedia":[{"embeddable":true,"href":"https:\/\/www.europesays.com\/fr\/wp-json\/wp\/v2\/media\/602392"}],"wp:attachment":[{"href":"https:\/\/www.europesays.com\/fr\/wp-json\/wp\/v2\/media?parent=602391"}],"wp:term":[{"taxonomy":"category","embeddable":true,"href":"https:\/\/www.europesays.com\/fr\/wp-json\/wp\/v2\/categories?post=602391"},{"taxonomy":"post_tag","embeddable":true,"href":"https:\/\/www.europesays.com\/fr\/wp-json\/wp\/v2\/tags?post=602391"}],"curies":[{"name":"wp","href":"https:\/\/api.w.org\/{rel}","templated":true}]}}