{"id":602393,"date":"2025-12-16T05:57:09","date_gmt":"2025-12-16T05:57:09","guid":{"rendered":"https:\/\/www.europesays.com\/fr\/602393\/"},"modified":"2025-12-16T05:57:09","modified_gmt":"2025-12-16T05:57:09","slug":"donald-trump-demande-10-milliards-de-dollars-a-la-bbc-a-la-suite-dun-montage-juge-trompeur-le-monde-fr","status":"publish","type":"post","link":"https:\/\/www.europesays.com\/fr\/602393\/","title":{"rendered":"Donald Trump demande 10 milliards de dollars \u00e0 la BBC \u00e0 la suite d\u2019un montage jug\u00e9 trompeur &#8211; Le Monde.fr"},"content":{"rendered":"<ol>\n<li><a href=\"https:\/\/news.google.com\/rss\/articles\/CBMi-AFBVV95cUxOQmUxZnNnM01jSzBrTnQxMnJ5U3BlUjJmdjE3M0NuREtVRXJYM0NlOVd4N3lLTkpxRW5EbUJGZThPWEVZMGY5VWY5N1I2N0hlQkV4TlEybzBHUnVhNTMtV2MzQXRoaTFyQU84dzdwWnhGd3FmTEtHWXpPa2puNm9xWW93WldvWUZwZndfaWVXVldraDZYelNreVhkeWoxWUFQdFRhN25KX2ZwZFN2amRRMUZGNW9hMldUdncxNFZEdklWZ3JyU3hlTGZsaHo4dWdHZENSNEp3NXFqb3JKcUx3VUtEYnFaWEpIaWpMeGFjZ2pfTXhFbTdFZg?oc=5\" target=\"_blank\" rel=\"noopener\">Donald Trump demande 10 milliards de dollars \u00e0 la BBC \u00e0 la suite d\u2019un montage jug\u00e9 trompeur<\/a>&nbsp;&nbsp;Le Monde.fr<\/li>\n<li><a href=\"https:\/\/news.google.com\/rss\/articles\/CBMisAFBVV95cUxNak0zaUxmbXkyU2hwM3RGRmRIRzRGck1nemt5WWNnb0xJdnhrTWhQa1RXTFlERURGcHAtT0lMMkd6TGVEZlA0bVozbmpFajVENW4yclNNQjZ4alBQTnRHMHl2cXJ3c1JwTHhabG5nRGFwQWZHMVFqMEZBM25IOXBlT0pTMlRkWTJuRmthb0JJaFVBZnROUmNoN1BYVWRuZUZ4NzlmbEY2dWRpR2VVLUFpUw?oc=5\" target=\"_blank\" rel=\"noopener\">Donald Trump porte plainte contre la BBC pour diffamation et r\u00e9clame 10 milliards de dollars<\/a>&nbsp;&nbsp;Le Figaro<\/li>\n<li><a href=\"https:\/\/news.google.com\/rss\/articles\/CBMi1gFBVV95cUxNR1NsTmJJc0dpSmk4VW0yRWZzaGVDTUxENGlZaGVtaUFjQUV4LTAxWUpjSUxzMVBmdzBORkd5dTNiMjRLaE52MVZEU2VOOXp4X0VhY2lBbERXZFhWZGN5eGtadDFsVU9KYTJOOVk3RmdEMmxHeEwxaGF1aktBbE1vdVVBNjY5cGR1Y3FxeEk1bGYzZTJpdEpjeE9ZUERfWFVMQlBXRjlJZUp3akFKR202bjVINGtIa1hsSlpSNWc4OFJVSmdPa0pBTWphdTRXdUlSLXVFZXlR?oc=5\" target=\"_blank\" rel=\"noopener\">BBC, Attentat \u00e0 Sydney, RDC, Darfour : les informations de la nuit<\/a>&nbsp;&nbsp;Courrier international<\/li>\n<li><a href=\"https:\/\/news.google.com\/rss\/articles\/CBMinAJBVV95cUxPYjBteWVMZmF2cWV0T3VTMWJNNFBrbjVmaTFReWtJWTFzUFZLaE5LUE5nN3pzNVdUd1p3bzdZdzVsV2p1d1hSUk84WWRxUHBDVzBHcmVEeWN4RjBSaVFzM2RBbU5xb2F4RktlN28zMEg1c0Jsdi1VdDNfY0ozdEVUZkZBWS1OcXdoNVYwMENGX1FrODlSU09aR0dZTXVYeV9VTC0tQmQtSUxKMklDWWN5eVVQWkhGRmE0SnE1UUxoUHJWaVJyVXFrcHJMTVZhZGFmbUdMcHpVZ3liMUZjYlNuam4zTS1OZmRNZm03b1VKNjlMVHVJSGs1M2VCNzhHal95NnV4eDAyc2F3UlpXSnp1YVh4eUxXcWgwQ2J1LQ?oc=5\" target=\"_blank\" rel=\"noopener\">Pol\u00e9mique avec la BBC : Donald Trump d\u00e9posera plainte contre la cha\u00eene britannique tr\u00e8s prochainement<\/a>&nbsp;&nbsp;Le Parisien<\/li>\n<li><a href=\"https:\/\/news.google.com\/rss\/articles\/CBMiqwFBVV95cUxPUXQxcnp1U0lNN3ZvZDVpTW9JMzdNUUVoY1QwRXBBSG1rODZ5bUFOZGV5NGZyLS1OZ3E0V2YxeU16NTNCOUs1YWRlY2VXQy14YmVuWHR6UU9kYUkwbmNZZTJMcy0yeW5WcG5TQzdHZFFnYzhlSmptRW9rNjFiQzYzS1ZlakQ0Qm0xdXpTTW9ZSEtpc1BxdUVHLVJWU2JzV0h5OUJCWmQtVGZuVDA?oc=5\" target=\"_blank\" rel=\"noopener\">Donald Trump va porter plainte contre la BBC<\/a>&nbsp;&nbsp;BFM<\/li>\n<\/ol>\n","protected":false},"excerpt":{"rendered":"Donald Trump demande 10 milliards de dollars \u00e0 la BBC \u00e0 la suite d\u2019un montage jug\u00e9 trompeur&nbsp;&nbsp;Le Monde.fr&hellip;\n","protected":false},"author":2,"featured_media":395849,"comment_status":"","ping_status":"","sticky":false,"template":"","format":"standard","meta":{"footnotes":""},"categories":[5],"tags":[11,1011,27,14,12,28],"class_list":{"0":"post-602393","1":"post","2":"type-post","3":"status-publish","4":"format-standard","5":"has-post-thumbnail","7":"category-international","8":"tag-actualites","9":"tag-fr","10":"tag-france","11":"tag-international","12":"tag-news","13":"tag-world"},"share_on_mastodon":{"url":"","error":""},"_links":{"self":[{"href":"https:\/\/www.europesays.com\/fr\/wp-json\/wp\/v2\/posts\/602393","targetHints":{"allow":["GET"]}}],"collection":[{"href":"https:\/\/www.europesays.com\/fr\/wp-json\/wp\/v2\/posts"}],"about":[{"href":"https:\/\/www.europesays.com\/fr\/wp-json\/wp\/v2\/types\/post"}],"author":[{"embeddable":true,"href":"https:\/\/www.europesays.com\/fr\/wp-json\/wp\/v2\/users\/2"}],"replies":[{"embeddable":true,"href":"https:\/\/www.europesays.com\/fr\/wp-json\/wp\/v2\/comments?post=602393"}],"version-history":[{"count":0,"href":"https:\/\/www.europesays.com\/fr\/wp-json\/wp\/v2\/posts\/602393\/revisions"}],"wp:featuredmedia":[{"embeddable":true,"href":"https:\/\/www.europesays.com\/fr\/wp-json\/wp\/v2\/media\/395849"}],"wp:attachment":[{"href":"https:\/\/www.europesays.com\/fr\/wp-json\/wp\/v2\/media?parent=602393"}],"wp:term":[{"taxonomy":"category","embeddable":true,"href":"https:\/\/www.europesays.com\/fr\/wp-json\/wp\/v2\/categories?post=602393"},{"taxonomy":"post_tag","embeddable":true,"href":"https:\/\/www.europesays.com\/fr\/wp-json\/wp\/v2\/tags?post=602393"}],"curies":[{"name":"wp","href":"https:\/\/api.w.org\/{rel}","templated":true}]}}