{"id":602406,"date":"2025-12-16T06:09:10","date_gmt":"2025-12-16T06:09:10","guid":{"rendered":"https:\/\/www.europesays.com\/fr\/602406\/"},"modified":"2025-12-16T06:09:10","modified_gmt":"2025-12-16T06:09:10","slug":"pourquoi-tant-de-nourrissons-arrivent-aux-urgences-en-ce-moment","status":"publish","type":"post","link":"https:\/\/www.europesays.com\/fr\/602406\/","title":{"rendered":"pourquoi tant de nourrissons arrivent aux urgences en ce moment"},"content":{"rendered":"<p>                    Par<br \/>\n        <strong><br \/>\n            <a href=\"https:\/\/actu.fr\/auteur\/metropoop\" title=\"Consulter tous les articles de R\u00e9daction M\u00e9tropolitain\" target=\"_blank\" rel=\"noopener\">R\u00e9daction M\u00e9tropolitain<\/a><br \/>\n                    <\/strong><\/p>\n<p>        Publi\u00e9 le<\/p>\n<p>            16 d\u00e9c. 2025 \u00e0 6h08        <\/p>\n<p>La bronchiolite est une infection respiratoire tr\u00e8s r\u00e9pandue chez les jeunes enfants. Chaque hiver, elle touche en priorit\u00e9 les nourrissons de moins de deux ans. La maladie reste le plus souvent b\u00e9nigne. Elle provoque une toux, une respiration sifflante et des difficult\u00e9s \u00e0 s\u2019alimenter. Chez les plus fragiles, l\u2019\u00e9volution peut devenir s\u00e9v\u00e8re : une hospitalisation devient alors n\u00e9cessaire pour surveiller la respiration et l\u2019hydratation. Cette pathologie repr\u00e9sente<strong> l\u2019une des premi\u00e8res causes<\/strong> d\u2019hospitalisation p\u00e9diatrique en p\u00e9riode hivernale.<\/p>\n<p class=\" wall-content\">Depuis deux ans, la pr\u00e9vention de la bronchiolite a chang\u00e9 d\u2019\u00e9chelle. Deux dispositifs sont d\u00e9sormais disponibles. Le premier repose sur la vaccination maternelle pendant la grossesse. Le second concerne l\u2019immunisation directe des nouveau-n\u00e9s et des jeunes nourrissons. <strong>Le CHU de Montpellier<\/strong> rappelle dans son communiqu\u00e9 que \u00ab\u00a0si ces deux mesures \u00e9taient appliqu\u00e9es \u00e0 l\u2019ensemble de la population, elles permettraient d\u2019\u00e9viter quatre hospitalisations sur cinq pour bronchiolite\u00a0\u00bb. Ce potentiel reste pourtant loin d\u2019\u00eatre atteint.<\/p>\n<p>    <a href=\"https:\/\/www.google.com\/maps\/embed?pb=!1m18!1m12!1m3!1d2887.796775119737!2d3.847867576460985!3d43.63158857110322!2m3!1f0!2f0!3f0!3m2!1i1024!2i768!4f13.1!3m3!1m2!1s0x12b6aec21f7be51b%3A0x9b74d9d9f805d84a!2sCHU%20De%20Montpellier%20Service%20des%20Urgences!5e0!3m2!1sfr!2sfr!4v1765789753197!5m2!1sfr!2sfr\" title=\"Ouvrie le lien\" target=\"_blank\" rel=\"noopener\">Cliquez ici pour visualiser le contenu<\/a><\/p>\n<p class=\" wall-content\"><strong> Depuis d\u00e9but septembre<\/strong>, l\u2019immunisation des nouveau-n\u00e9s est bien mise en \u0153uvre. La situation diff\u00e8re pour les nourrissons n\u00e9s entre le 1er janvier et le 31 ao\u00fbt. Ces enfants n\u2019ont pas b\u00e9n\u00e9fici\u00e9 syst\u00e9matiquement de cette protection. Un rattrapage a \u00e9t\u00e9 propos\u00e9 : il n\u2019a \u00e9t\u00e9 r\u00e9alis\u00e9 que dans un cas sur deux.\u00a0<\/p>\n<p>Une forte tension aux urgences du CHU de Montpellier<\/p>\n<p class=\" wall-content\">Les cons\u00e9quences se font d\u00e9j\u00e0 sentir \u00e0 l\u2019h\u00f4pital. Ces derniers jours, l\u2019activit\u00e9 des urgences du CHU de Montpellier <strong>a augment\u00e9 de 30 \u00e0 40 %<\/strong>. Cette hausse s\u2019inscrit dans un contexte \u00e9pid\u00e9mique plus large. La bronchiolite circule en m\u00eame temps que les autres virus hivernaux. Les capacit\u00e9s d\u2019accueil se tendent. \u00ab\u00a0La situation fait l\u2019objet d\u2019un suivi rapproch\u00e9 par la cellule de veille et d\u2019anticipation\u00a0\u00bb, pr\u00e9cise le CHU. L\u2019\u00e9tablissement a activ\u00e9 le dispositif \u00ab\u00a0H\u00f4pital en tension\u00a0\u00bb. Des ajustements organisationnels sont en place, mais l\u2019\u00e9pid\u00e9mie n\u2019a pas encore atteint son maximum.<\/p>\n<p>\ud83c\udfe5 Quand l\u2019h\u00f4pital passe en mode vigilance maximale<\/p>\n<p>Le dispositif \u00ab\u00a0H\u00f4pital en tension\u00a0\u00bb aide l\u2019h\u00f4pital \u00e0 faire face \u00e0 un afflux inhabituel de patients. Il repose sur une observation quotidienne de l\u2019activit\u00e9, du nombre d\u2019entr\u00e9es aux urgences jusqu\u2019aux lits disponibles dans les services. Une cellule d\u00e9di\u00e9e coordonne les d\u00e9cisions. Elle adapte les effectifs, facilite les sorties quand cela est possible et r\u00e9organise certains services. Les soins non urgents peuvent \u00eatre r\u00e9ajust\u00e9s afin de d\u00e9gager des capacit\u00e9s. Ce fonctionnement vise un objectif simple : continuer \u00e0 accueillir tous les patients dans de bonnes conditions, m\u00eame lorsque la pression augmente.<\/p>\n<p>Vid\u00e9os : en ce moment sur Actu<\/p>\n<p class=\" wall-content\">Pour le CHU, la pr\u00e9vention reste le levier le plus efficace \u00e0 court terme. \u00ab\u00a0Il existe des moyens applicables imm\u00e9diatement qui permettraient de pr\u00e9venir un pic plus important, mais surtout d\u2019\u00e9viter \u00e0 des jeunes nourrissons d\u2019\u00eatre hospitalis\u00e9s\u00a0\u00bb, souligne le communiqu\u00e9. Le rattrapage de l\u2019immunisation par le Beyfortus est jug\u00e9 indispensable pour tous les nourrissons n\u00e9s \u00e0 partir du mois de f\u00e9vrier 2025.<\/p>\n<p>Votre r\u00e9gion, votre actu !<\/p>\n<p>Recevez chaque jour les infos qui comptent pour vous.<\/p>\n<p>\t<a href=\"https:\/\/actu.fr\/newsletter\" class=\"ac-btn ac-btn--corner ac-btn--medium ac-btn--blue800\" target=\"_blank\" rel=\"noopener\">S&rsquo;incrire<\/a><br \/>\nLes gestes barri\u00e8res, un rempart simple et quotidien<\/p>\n<p class=\" wall-content\">Au-del\u00e0 des traitements pr\u00e9ventifs, les gestes barri\u00e8res conservent un r\u00f4le central. Le lavage des mains \u00e0 l\u2019eau et au savon pendant trente secondes avant et apr\u00e8s chaque contact avec le b\u00e9b\u00e9 reste essentiel. Une solution hydroalcoolique peut compl\u00e9ter ce geste. L\u2019a\u00e9ration quotidienne de la chambre pendant dix minutes limite la concentration de virus. Le port du masque s\u2019impose en cas de rhume, de toux ou de fi\u00e8vre. Les visites doivent rester limit\u00e9es au cercle proche. Les bisous et les passages de bras en bras sont \u00e0 \u00e9viter. Les biberons, sucettes et couverts ne doivent pas \u00eatre partag\u00e9s sans lavage. Les jouets et les doudous n\u00e9cessitent un entretien r\u00e9gulier. Le tabac doit rester strictement \u00e9loign\u00e9 des enfants.<\/p>\n<p class=\" wall-content\">Personnalisez votre actualit\u00e9 en ajoutant vos villes et m\u00e9dias en favori avec <a href=\"https:\/\/moncompte.actu.fr\" title=\"D\u00e9couvez Mon Actu\" rel=\"nofollow noopener\" data-trk=\"{&quot;cta&quot;:{&quot;action&quot;:&quot;https:\\\/\\\/moncompte.actu.fr&quot;,&quot;category&quot;:&quot;mon compte&quot;,&quot;from&quot;:&quot;article footer&quot;,&quot;name&quot;:&quot;Mon actu&quot;,&quot;type&quot;:&quot;cta&quot;}}\" target=\"_blank\">Mon Actu<\/a>.<\/p>\n","protected":false},"excerpt":{"rendered":"Par R\u00e9daction M\u00e9tropolitain Publi\u00e9 le 16 d\u00e9c. 2025 \u00e0 6h08 La bronchiolite est une infection respiratoire tr\u00e8s r\u00e9pandue&hellip;\n","protected":false},"author":2,"featured_media":602407,"comment_status":"","ping_status":"","sticky":false,"template":"","format":"standard","meta":{"footnotes":""},"categories":[9599],"tags":[1111,11,15154,1719,1777,674,1011,27,2208,12,2680,25,71,104],"class_list":{"0":"post-602406","1":"post","2":"type-post","3":"status-publish","4":"format-standard","5":"has-post-thumbnail","7":"category-montpellier","8":"tag-actu","9":"tag-actualites","10":"tag-chu-de-montpellier","11":"tag-enfants","12":"tag-eu","13":"tag-europe","14":"tag-fr","15":"tag-france","16":"tag-montpellier","17":"tag-news","18":"tag-occitanie","19":"tag-republique-francaise","20":"tag-sante","21":"tag-societe"},"share_on_mastodon":{"url":"https:\/\/pubeurope.com\/@fr\/115727759073938859","error":""},"_links":{"self":[{"href":"https:\/\/www.europesays.com\/fr\/wp-json\/wp\/v2\/posts\/602406","targetHints":{"allow":["GET"]}}],"collection":[{"href":"https:\/\/www.europesays.com\/fr\/wp-json\/wp\/v2\/posts"}],"about":[{"href":"https:\/\/www.europesays.com\/fr\/wp-json\/wp\/v2\/types\/post"}],"author":[{"embeddable":true,"href":"https:\/\/www.europesays.com\/fr\/wp-json\/wp\/v2\/users\/2"}],"replies":[{"embeddable":true,"href":"https:\/\/www.europesays.com\/fr\/wp-json\/wp\/v2\/comments?post=602406"}],"version-history":[{"count":0,"href":"https:\/\/www.europesays.com\/fr\/wp-json\/wp\/v2\/posts\/602406\/revisions"}],"wp:featuredmedia":[{"embeddable":true,"href":"https:\/\/www.europesays.com\/fr\/wp-json\/wp\/v2\/media\/602407"}],"wp:attachment":[{"href":"https:\/\/www.europesays.com\/fr\/wp-json\/wp\/v2\/media?parent=602406"}],"wp:term":[{"taxonomy":"category","embeddable":true,"href":"https:\/\/www.europesays.com\/fr\/wp-json\/wp\/v2\/categories?post=602406"},{"taxonomy":"post_tag","embeddable":true,"href":"https:\/\/www.europesays.com\/fr\/wp-json\/wp\/v2\/tags?post=602406"}],"curies":[{"name":"wp","href":"https:\/\/api.w.org\/{rel}","templated":true}]}}