{"id":602413,"date":"2025-12-16T06:16:11","date_gmt":"2025-12-16T06:16:11","guid":{"rendered":"https:\/\/www.europesays.com\/fr\/602413\/"},"modified":"2025-12-16T06:16:11","modified_gmt":"2025-12-16T06:16:11","slug":"il-y-avait-beaucoup-dattente-ils-ouvrent-la-toute-premiere-boulangerie-de-ce-nouveau-quartier-a-rennes","status":"publish","type":"post","link":"https:\/\/www.europesays.com\/fr\/602413\/","title":{"rendered":"\u00ab\u00a0Il y avait beaucoup d\u2019attente\u00a0\u00bb\u00a0: ils ouvrent la toute premi\u00e8re boulangerie de ce nouveau quartier \u00e0 Rennes"},"content":{"rendered":"<p>Bonne nouvelle pour les habitants de Baud Chardonnet ! Apr\u00e8s pr\u00e8s de quatre ans d\u2019attente, une boulangerie va enfin ouvrir ses portes dans ce quartier en plein essor situ\u00e9 \u00e0 l\u2019est de Rennes.<\/p>\n<p>Ils ouvrent leur 4e boulangerie<\/p>\n<p>Le projet est port\u00e9 par Magali et Carl Brodin, d\u00e9j\u00e0 propri\u00e9taires de deux autres boulangeries dans la capitale bretonne (\u00e0 La Courrouze et au Thabor) et d\u2019une \u00e0 La Chapelle-Bou\u00ebxic. Pour cette nouvelle aventure, le couple s\u2019est associ\u00e9 \u00e0 Brian Riou, ancien chef boulanger qui a fait ses preuves au sein de l\u2019entreprise. \u00ab On a vraiment h\u00e2te d\u2019ouvrir \u00bb, confient les g\u00e9rants de Maison Brodin.<\/p>\n<p>Le commerce prendra ses quartiers au 24 rue Georges Charpak, au croisement avec l\u2019avenue Jorge Semprun, dans un local de 214 m\u00b2. Le temps de r\u00e9aliser les travaux n\u00e9cessaires, dans ce qui est actuellement une cellule brute de b\u00e9ton, l\u2019ouverture est envisag\u00e9e pour d\u00e9but avril 2026.<\/p>\n<p>Maison Brodin y proposera l\u2019int\u00e9gralit\u00e9 de sa gamme. \u00ab Nous fabriquons tout maison \u00bb, assurent les g\u00e9rants. Au programme : du pain, des viennoiseries, des p\u00e2tisseries, du snacking et m\u00eame un petit espace pour consommer sur place.<\/p>\n<p>Un quartier en plein essor<\/p>\n<p>Ancienne friche industrielle situ\u00e9e entre la Vilaine et la voie ferr\u00e9e, <a href=\"https:\/\/www.letelegramme.fr\/ille-et-vilaine\/rennes-35000\/a-rennes-a-quoi-ressemblera-le-quartier-baud-chardonnet-en-2032-6498213.php\" target=\"_blank\" rel=\"noopener\">le quartier Baud-Chardonnet<\/a> a r\u00e9cemment entam\u00e9 la deuxi\u00e8me phase de son d\u00e9veloppement. \u00c0 l\u2019horizon 2032, il devrait abriter environ 6 200 habitants et 3 200 logements. Depuis l\u2019arriv\u00e9e des premiers r\u00e9sidents, de nombreux commerces ont ouvert &#8211; dont un supermarch\u00e9 Lidl en d\u00e9but d\u2019ann\u00e9e &#8211; mais l\u2019absence de boulangerie \u00e9tait per\u00e7ue comme une v\u00e9ritable \u00ab anomalie \u00bb.<\/p>\n<blockquote><p>\u00c7a va m\u2019\u00e9pargner un peu de marche<\/p><\/blockquote>\n<p>\u00ab \u00c7a manquait vraiment dans le quartier, c\u2019est une excellente nouvelle \u00bb, se r\u00e9jouit Vincent, install\u00e9 depuis 2021. \u00ab On a attendu assez longtemps \u00bb. \u00ab \u00c7a va m\u2019\u00e9pargner un peu de marche \u00bb, souffle Franck qui allait chercher son pain dans un autre quartier. Marcelle, la cinquantaine, salue, elle, l\u2019\u00e9volution de Baud Chardonnet depuis son arriv\u00e9e en 2018 : \u00ab \u00c7a a d\u00e9j\u00e0 beaucoup chang\u00e9. Avec une boulangerie, \u00e7a commence vraiment \u00e0 ressembler \u00e0 un quartier comme les autres \u00bb.<\/p>\n<p>\u00ab Une question de timing \u00bb<\/p>\n<p>Pourtant, cette implantation n\u2019a pas \u00e9t\u00e9 une partie de plaisir. Disponible \u00e0 la location depuis 2022, le local commercial a mis du temps \u00e0 trouver preneur. \u00ab Nous avons eu \u00e9norm\u00e9ment de visites, mais le local a \u00e9t\u00e9 con\u00e7u d\u2019une fa\u00e7on qui ne convenait pas forc\u00e9ment aux professionnels \u00bb, pr\u00e9cise Claire de Quelen, responsable de programmes du groupe Chess\u00e9 en charge de la dynamique commerciale \u00e0 Baud-Chardonnet. \u00ab Il fallait qu\u2019un acteur trouve un mod\u00e8le \u00e9conomique viable. C\u2019est aussi une question de timing. Depuis la r\u00e9cente ouverture du Lidl, juste en face, les flux sont bien plus importants \u00bb.<\/p>\n<p>\u00ab La principale probl\u00e9matique, c\u2019\u00e9tait le passage, \u00bb confirme Carl Brodin. \u00ab Il ne fallait pas arriver trop t\u00f4t \u00bb. Forts de leur exp\u00e9rience \u00e0 La Courrouze, un autre quartier en d\u00e9veloppement, les g\u00e9rants de Maison Brodin ont attendu le bon moment. \u00ab On nous avait d\u00e9j\u00e0 propos\u00e9 le local il y a deux ans, c\u2019\u00e9tait un peu t\u00f4t. Arriver quand il n\u2019y a rien, c\u2019est un sacr\u00e9 pari. L\u00e0, la situation est plus propice. On sait qu\u2019il y avait beaucoup d\u2019attente, il ne va pas falloir se louper \u00bb.<\/p>\n","protected":false},"excerpt":{"rendered":"Bonne nouvelle pour les habitants de Baud Chardonnet ! Apr\u00e8s pr\u00e8s de quatre ans d\u2019attente, une boulangerie va&hellip;\n","protected":false},"author":2,"featured_media":602414,"comment_status":"","ping_status":"","sticky":false,"template":"","format":"standard","meta":{"footnotes":""},"categories":[2821],"tags":[1111,11,829,1777,674,1011,27,848,4555,12,584,25],"class_list":{"0":"post-602413","1":"post","2":"type-post","3":"status-publish","4":"format-standard","5":"has-post-thumbnail","7":"category-rennes","8":"tag-actu","9":"tag-actualites","10":"tag-bretagne","11":"tag-eu","12":"tag-europe","13":"tag-fr","14":"tag-france","15":"tag-ille-et-vilaine","16":"tag-local","17":"tag-news","18":"tag-rennes","19":"tag-republique-francaise"},"share_on_mastodon":{"url":"https:\/\/pubeurope.com\/@fr\/115727786546546227","error":""},"_links":{"self":[{"href":"https:\/\/www.europesays.com\/fr\/wp-json\/wp\/v2\/posts\/602413","targetHints":{"allow":["GET"]}}],"collection":[{"href":"https:\/\/www.europesays.com\/fr\/wp-json\/wp\/v2\/posts"}],"about":[{"href":"https:\/\/www.europesays.com\/fr\/wp-json\/wp\/v2\/types\/post"}],"author":[{"embeddable":true,"href":"https:\/\/www.europesays.com\/fr\/wp-json\/wp\/v2\/users\/2"}],"replies":[{"embeddable":true,"href":"https:\/\/www.europesays.com\/fr\/wp-json\/wp\/v2\/comments?post=602413"}],"version-history":[{"count":0,"href":"https:\/\/www.europesays.com\/fr\/wp-json\/wp\/v2\/posts\/602413\/revisions"}],"wp:featuredmedia":[{"embeddable":true,"href":"https:\/\/www.europesays.com\/fr\/wp-json\/wp\/v2\/media\/602414"}],"wp:attachment":[{"href":"https:\/\/www.europesays.com\/fr\/wp-json\/wp\/v2\/media?parent=602413"}],"wp:term":[{"taxonomy":"category","embeddable":true,"href":"https:\/\/www.europesays.com\/fr\/wp-json\/wp\/v2\/categories?post=602413"},{"taxonomy":"post_tag","embeddable":true,"href":"https:\/\/www.europesays.com\/fr\/wp-json\/wp\/v2\/tags?post=602413"}],"curies":[{"name":"wp","href":"https:\/\/api.w.org\/{rel}","templated":true}]}}