{"id":602415,"date":"2025-12-16T06:17:13","date_gmt":"2025-12-16T06:17:13","guid":{"rendered":"https:\/\/www.europesays.com\/fr\/602415\/"},"modified":"2025-12-16T06:17:13","modified_gmt":"2025-12-16T06:17:13","slug":"gosne-les-ors-de-noel-par-lensemble-baroque-de-rennes","status":"publish","type":"post","link":"https:\/\/www.europesays.com\/fr\/602415\/","title":{"rendered":"Gosn\u00e9. Les Ors de No\u00ebl, par l\u2019Ensemble baroque de Rennes"},"content":{"rendered":"<p>Claude Meneux dirige l\u2019Ensemble baroque de Rennes (EBR), cr\u00e9\u00e9 en 2016. \u00a0Pour les f\u00eates de fin d\u2019ann\u00e9e, nous avons pr\u00e9vu trois concerts avec des chants et de la musique de No\u00ebl, indique-t-elle. Je tiens \u00e0 \u00eatre pr\u00e9sente dans le territoire o\u00f9 j\u2019habite. Et \u00e0 ce titre, avec mon ensemble, je me suis produite l\u2019an pass\u00e9 \u00e0 M\u00e9zi\u00e8res-sur-Couesnon.Cette ann\u00e9e, pour No\u00ebl, notre quatuor jouera, vendredi, dans l\u2019\u00e9glise de Gosn\u00e9.\u00a0<\/p>\n<p>Ce quatuor de qualit\u00e9 a mis au programme des morceaux de musique et de chant tr\u00e8s connus. \u00a0Nos instruments, la viole de gambe, le violon, l\u2019orgue ou le clavecin, sont de l\u2019\u00e9poque baroque\u00a0\u00bb, pr\u00e9cise Claude Meneux. La soprano britannique Madeline-Claire De Berri\u00e9 interpr\u00e9tera des Carols anglais et des grands airs de No\u00ebl. Ces \u0153uvres vocales alterneront avec les pi\u00e8ces instrumentales, tels les No\u00ebls traditionnels fran\u00e7ais et le concerto de No\u00ebl de Corelli, grand classique dansant et gai.\u00a0Nous voulons que ce programme tendre et joyeux soit aussi un moment d\u2019espoir et de renouveau.\u00a0<\/p>\n<p>Vendredi 19\u00a0d\u00e9cembre, \u00e0 20\u00a0h\u00a030, concert de No\u00ebl dans l\u2019\u00e9glise. Ouvert \u00e0 tous avec participation financi\u00e8re libre. Un espace sera pr\u00e9vu pour les enfants, o\u00f9 ils pourront profiter de livres et de jeux mais aussi \u00e9couter le concert. Informations sur\u00a0: lapiequijoue.sitew.com\/<\/p>\n<p>\u00a0<\/p>\n","protected":false},"excerpt":{"rendered":"Claude Meneux dirige l\u2019Ensemble baroque de Rennes (EBR), cr\u00e9\u00e9 en 2016. \u00a0Pour les f\u00eates de fin d\u2019ann\u00e9e, nous&hellip;\n","protected":false},"author":2,"featured_media":602416,"comment_status":"","ping_status":"","sticky":false,"template":"","format":"standard","meta":{"footnotes":""},"categories":[2821],"tags":[1111,11,9730,829,9487,1777,674,1011,27,71508,12,15830,71509,3086,584,25],"class_list":{"0":"post-602415","1":"post","2":"type-post","3":"status-publish","4":"format-standard","5":"has-post-thumbnail","7":"category-rennes","8":"tag-actu","9":"tag-actualites","10":"tag-baroque","11":"tag-bretagne","12":"tag-ensemble","13":"tag-eu","14":"tag-europe","15":"tag-fr","16":"tag-france","17":"tag-gosne","18":"tag-news","19":"tag-noel","20":"tag-ors","21":"tag-redon","22":"tag-rennes","23":"tag-republique-francaise"},"share_on_mastodon":{"url":"https:\/\/pubeurope.com\/@fr\/115727790682852215","error":""},"_links":{"self":[{"href":"https:\/\/www.europesays.com\/fr\/wp-json\/wp\/v2\/posts\/602415","targetHints":{"allow":["GET"]}}],"collection":[{"href":"https:\/\/www.europesays.com\/fr\/wp-json\/wp\/v2\/posts"}],"about":[{"href":"https:\/\/www.europesays.com\/fr\/wp-json\/wp\/v2\/types\/post"}],"author":[{"embeddable":true,"href":"https:\/\/www.europesays.com\/fr\/wp-json\/wp\/v2\/users\/2"}],"replies":[{"embeddable":true,"href":"https:\/\/www.europesays.com\/fr\/wp-json\/wp\/v2\/comments?post=602415"}],"version-history":[{"count":0,"href":"https:\/\/www.europesays.com\/fr\/wp-json\/wp\/v2\/posts\/602415\/revisions"}],"wp:featuredmedia":[{"embeddable":true,"href":"https:\/\/www.europesays.com\/fr\/wp-json\/wp\/v2\/media\/602416"}],"wp:attachment":[{"href":"https:\/\/www.europesays.com\/fr\/wp-json\/wp\/v2\/media?parent=602415"}],"wp:term":[{"taxonomy":"category","embeddable":true,"href":"https:\/\/www.europesays.com\/fr\/wp-json\/wp\/v2\/categories?post=602415"},{"taxonomy":"post_tag","embeddable":true,"href":"https:\/\/www.europesays.com\/fr\/wp-json\/wp\/v2\/tags?post=602415"}],"curies":[{"name":"wp","href":"https:\/\/api.w.org\/{rel}","templated":true}]}}