{"id":602419,"date":"2025-12-16T06:19:10","date_gmt":"2025-12-16T06:19:10","guid":{"rendered":"https:\/\/www.europesays.com\/fr\/602419\/"},"modified":"2025-12-16T06:19:10","modified_gmt":"2025-12-16T06:19:10","slug":"jeanne-barseghian-entre-officiellement-en-campagne-ce-mercredi","status":"publish","type":"post","link":"https:\/\/www.europesays.com\/fr\/602419\/","title":{"rendered":"Jeanne Barseghian entre officiellement en campagne ce mercredi"},"content":{"rendered":"<p>                    Par<br \/>\n        <strong><br \/>\n            <a href=\"https:\/\/actu.fr\/auteur\/ivan-capecchi\" title=\"Consulter tous les articles de Ivan CAPECCHI\" target=\"_blank\" rel=\"noopener\">Ivan CAPECCHI<\/a><br \/>\n                    <\/strong><\/p>\n<p>        Publi\u00e9 le<\/p>\n<p>            16 d\u00e9c. 2025 \u00e0 7h02        <\/p>\n<p>Mercredi, la maire de Strasbourg, <a href=\"https:\/\/actu.fr\/grand-est\/strasbourg_67482\/jeanne-barseghian-candidate-a-sa-reelection-je-prends-beaucoup-de-plaisir-au-quotidien_62868521.html\" target=\"_blank\" rel=\"noopener\">Jeanne Barseghian<\/a>, lancera <strong>officiellement sa campagne<\/strong> \u00e0 l\u2019occasion d\u2019une conf\u00e9rence de presse, entour\u00e9e de ses soutiens politiques. L\u2019\u00e9lue \u00e9cologiste avait annonc\u00e9 \u00eatre <a href=\"https:\/\/actu.fr\/grand-est\/strasbourg_67482\/municipales-2026-jeanne-barseghian-maire-de-strasbourg-candidate-a-sa-reelection_62866356.html\" target=\"_blank\" rel=\"noopener\">candidate \u00e0 sa r\u00e9\u00e9lection<\/a> en juillet dernier.<\/p>\n<p>Jeanne Barseghian derri\u00e8re Catherine Trautmann dans un r\u00e9cent sondage<\/p>\n<p class=\" wall-content\">Lors de cette prise de parole, Jeanne Barseghian exposera les raisons qui la conduisent \u00e0 <strong>briguer un second mandat<\/strong>.<\/p>\n<p class=\" wall-content\">Selon un <strong>sondage<\/strong> publi\u00e9 r\u00e9cemment et command\u00e9 par le parti Horizons, la maire sortante est au coude-\u00e0-coude avec <a href=\"https:\/\/actu.fr\/grand-est\/strasbourg_67482\/municipales-2026-jean-philippe-vetter-se-lance-dans-la-course-et-cree-son-mouvement_62102551.html\" target=\"_blank\" rel=\"noopener\">Jean-Philippe Vetter<\/a> au premier tour, chacun cr\u00e9dit\u00e9 de <strong>16\u2009% des intentions de vote<\/strong>. <a href=\"https:\/\/actu.fr\/grand-est\/strasbourg_67482\/municipales-catherine-trautmann-favorite-des-sondages-ma-candidature-incarne-le-retour-a-la-confiance_63564524.html\" target=\"_blank\" rel=\"noopener\">Catherine Trautmann arrive largement en t\u00eate<\/a>, avec <strong>29\u2009%<\/strong>.<\/p>\n<p class=\" wall-content\">Personnalisez votre actualit\u00e9 en ajoutant vos villes et m\u00e9dias en favori avec <a href=\"https:\/\/moncompte.actu.fr\" title=\"D\u00e9couvez Mon Actu\" rel=\"nofollow noopener\" data-trk=\"{&quot;cta&quot;:{&quot;action&quot;:&quot;https:\\\/\\\/moncompte.actu.fr&quot;,&quot;category&quot;:&quot;mon compte&quot;,&quot;from&quot;:&quot;article footer&quot;,&quot;name&quot;:&quot;Mon actu&quot;,&quot;type&quot;:&quot;cta&quot;}}\" target=\"_blank\">Mon Actu<\/a>.<\/p>\n","protected":false},"excerpt":{"rendered":"Par Ivan CAPECCHI Publi\u00e9 le 16 d\u00e9c. 2025 \u00e0 7h02 Mercredi, la maire de Strasbourg, Jeanne Barseghian, lancera&hellip;\n","protected":false},"author":2,"featured_media":602420,"comment_status":"","ping_status":"","sticky":false,"template":"","format":"standard","meta":{"footnotes":""},"categories":[2820],"tags":[1111,11,4188,1777,674,1011,27,775,7125,3434,12,316,25,640],"class_list":{"0":"post-602419","1":"post","2":"type-post","3":"status-publish","4":"format-standard","5":"has-post-thumbnail","7":"category-strasbourg","8":"tag-actu","9":"tag-actualites","10":"tag-elections-municipales","11":"tag-eu","12":"tag-europe","13":"tag-fr","14":"tag-france","15":"tag-grand-est","16":"tag-jeanne-barseghian","17":"tag-municipales-2026","18":"tag-news","19":"tag-politique","20":"tag-republique-francaise","21":"tag-strasbourg"},"share_on_mastodon":{"url":"https:\/\/pubeurope.com\/@fr\/115727798243201837","error":""},"_links":{"self":[{"href":"https:\/\/www.europesays.com\/fr\/wp-json\/wp\/v2\/posts\/602419","targetHints":{"allow":["GET"]}}],"collection":[{"href":"https:\/\/www.europesays.com\/fr\/wp-json\/wp\/v2\/posts"}],"about":[{"href":"https:\/\/www.europesays.com\/fr\/wp-json\/wp\/v2\/types\/post"}],"author":[{"embeddable":true,"href":"https:\/\/www.europesays.com\/fr\/wp-json\/wp\/v2\/users\/2"}],"replies":[{"embeddable":true,"href":"https:\/\/www.europesays.com\/fr\/wp-json\/wp\/v2\/comments?post=602419"}],"version-history":[{"count":0,"href":"https:\/\/www.europesays.com\/fr\/wp-json\/wp\/v2\/posts\/602419\/revisions"}],"wp:featuredmedia":[{"embeddable":true,"href":"https:\/\/www.europesays.com\/fr\/wp-json\/wp\/v2\/media\/602420"}],"wp:attachment":[{"href":"https:\/\/www.europesays.com\/fr\/wp-json\/wp\/v2\/media?parent=602419"}],"wp:term":[{"taxonomy":"category","embeddable":true,"href":"https:\/\/www.europesays.com\/fr\/wp-json\/wp\/v2\/categories?post=602419"},{"taxonomy":"post_tag","embeddable":true,"href":"https:\/\/www.europesays.com\/fr\/wp-json\/wp\/v2\/tags?post=602419"}],"curies":[{"name":"wp","href":"https:\/\/api.w.org\/{rel}","templated":true}]}}