{"id":602427,"date":"2025-12-16T06:23:12","date_gmt":"2025-12-16T06:23:12","guid":{"rendered":"https:\/\/www.europesays.com\/fr\/602427\/"},"modified":"2025-12-16T06:23:12","modified_gmt":"2025-12-16T06:23:12","slug":"un-ours-geant-va-deambuler-dans-les-rues-du-centre-ville","status":"publish","type":"post","link":"https:\/\/www.europesays.com\/fr\/602427\/","title":{"rendered":"un ours g\u00e9ant va d\u00e9ambuler dans les rues du centre-ville"},"content":{"rendered":"<p>                    Par<br \/>\n        <strong><br \/>\n            <a href=\"https:\/\/actu.fr\/auteur\/redaction-nantes\" title=\"Consulter tous les articles de R\u00e9daction Nantes\" target=\"_blank\" rel=\"noopener\">R\u00e9daction Nantes<\/a><br \/>\n                    <\/strong><\/p>\n<p>        Publi\u00e9 le<\/p>\n<p>            16 d\u00e9c. 2025 \u00e0 7h06        <\/p>\n<p>Un ours polaire g\u00e9ant va d\u00e9ambuler dans le centre-ville de Nantes. <b>Ce samedi 20 d\u00e9cembre 2025<\/b>, \u00e0 l\u2019initiative de <a href=\"https:\/\/pleincentre.net\/?fbclid=IwY2xjawGG9dBleHRuA2FlbQIxMAABHa_fP6rNpvjm9SUEzG8T7O84IuPRdcrdIDpxoMGaMCvWrmYgfYg3W9vDYQ_aem_4QQLkup4Z1KCFEbMWnaAPg\" target=\"_blank\" rel=\"noopener\">l\u2019association de commer\u00e7ants Plein Centre<\/a>, un ours de trois m\u00e8tres va se promener dans les quartiers Decr\u00e9 et Bouffay.\u00a0<\/p>\n<p>Deux heures de promenade<\/p>\n<p class=\" wall-content\">\u00ab\u00a0C\u00e2lins, selfies, sourires\u2026 notre adorable peluche g\u00e9ante n\u2019attend que vous pour partager cette parenth\u00e8se enchant\u00e9e\u00a0\u00bb, \u00e9crit l\u2019association de commer\u00e7ants <a href=\"https:\/\/www.facebook.com\/photo?fbid=1173884501618059&amp;set=a.407730078233509\" target=\"_blank\" rel=\"noopener\">sur sa page Facebook<\/a>.\u00a0<\/p>\n<p>    <a href=\"https:\/\/www.facebook.com\/plugins\/post.php?href=https%3A%2F%2Fwww.facebook.com%2Fpleincentrenantes%2Fposts%2Fpfbid0YniJWPturHpNcUc7Dw1VAkQXCPwmQCcyPnM9giT1S5yYrWj5GztYdhYfUQabHquUl&amp;show_text=true&amp;width=350\" title=\"Ouvrie le lien\" target=\"_blank\" rel=\"noopener\">Cliquez ici pour visualiser le contenu<\/a><\/p>\n<p class=\" wall-content\">L\u2019animal se prom\u00e8nera dans les rues de Nantes, de<b> 10 h 30 \u00e0 12 h 30<\/b>.\u00a0<\/p>\n<p class=\" wall-content\">Personnalisez votre actualit\u00e9 en ajoutant vos villes et m\u00e9dias en favori avec <a href=\"https:\/\/moncompte.actu.fr\" title=\"D\u00e9couvez Mon Actu\" rel=\"nofollow noopener\" data-trk=\"{&quot;cta&quot;:{&quot;action&quot;:&quot;https:\\\/\\\/moncompte.actu.fr&quot;,&quot;category&quot;:&quot;mon compte&quot;,&quot;from&quot;:&quot;article footer&quot;,&quot;name&quot;:&quot;Mon actu&quot;,&quot;type&quot;:&quot;cta&quot;}}\" target=\"_blank\">Mon Actu<\/a>.<\/p>\n","protected":false},"excerpt":{"rendered":"Par R\u00e9daction Nantes Publi\u00e9 le 16 d\u00e9c. 2025 \u00e0 7h06 Un ours polaire g\u00e9ant va d\u00e9ambuler dans le&hellip;\n","protected":false},"author":2,"featured_media":602428,"comment_status":"","ping_status":"","sticky":false,"template":"","format":"standard","meta":{"footnotes":""},"categories":[2818],"tags":[1111,11,1777,674,1011,27,1652,766,12,15830,2636,25,853],"class_list":{"0":"post-602427","1":"post","2":"type-post","3":"status-publish","4":"format-standard","5":"has-post-thumbnail","7":"category-nantes","8":"tag-actu","9":"tag-actualites","10":"tag-eu","11":"tag-europe","12":"tag-fr","13":"tag-france","14":"tag-loisirs-culture","15":"tag-nantes","16":"tag-news","17":"tag-noel","18":"tag-pays-de-la-loire","19":"tag-republique-francaise","20":"tag-spectacles"},"share_on_mastodon":{"url":"https:\/\/pubeurope.com\/@fr\/115727814281865982","error":""},"_links":{"self":[{"href":"https:\/\/www.europesays.com\/fr\/wp-json\/wp\/v2\/posts\/602427","targetHints":{"allow":["GET"]}}],"collection":[{"href":"https:\/\/www.europesays.com\/fr\/wp-json\/wp\/v2\/posts"}],"about":[{"href":"https:\/\/www.europesays.com\/fr\/wp-json\/wp\/v2\/types\/post"}],"author":[{"embeddable":true,"href":"https:\/\/www.europesays.com\/fr\/wp-json\/wp\/v2\/users\/2"}],"replies":[{"embeddable":true,"href":"https:\/\/www.europesays.com\/fr\/wp-json\/wp\/v2\/comments?post=602427"}],"version-history":[{"count":0,"href":"https:\/\/www.europesays.com\/fr\/wp-json\/wp\/v2\/posts\/602427\/revisions"}],"wp:featuredmedia":[{"embeddable":true,"href":"https:\/\/www.europesays.com\/fr\/wp-json\/wp\/v2\/media\/602428"}],"wp:attachment":[{"href":"https:\/\/www.europesays.com\/fr\/wp-json\/wp\/v2\/media?parent=602427"}],"wp:term":[{"taxonomy":"category","embeddable":true,"href":"https:\/\/www.europesays.com\/fr\/wp-json\/wp\/v2\/categories?post=602427"},{"taxonomy":"post_tag","embeddable":true,"href":"https:\/\/www.europesays.com\/fr\/wp-json\/wp\/v2\/tags?post=602427"}],"curies":[{"name":"wp","href":"https:\/\/api.w.org\/{rel}","templated":true}]}}