{"id":602443,"date":"2025-12-16T06:31:14","date_gmt":"2025-12-16T06:31:14","guid":{"rendered":"https:\/\/www.europesays.com\/fr\/602443\/"},"modified":"2025-12-16T06:31:14","modified_gmt":"2025-12-16T06:31:14","slug":"ces-jeunes-des-quartiers-nord-de-marseille-qui-echappent-a-la-fatalite","status":"publish","type":"post","link":"https:\/\/www.europesays.com\/fr\/602443\/","title":{"rendered":"ces jeunes des quartiers Nord de Marseille qui \u00e9chappent \u00e0 la fatalit\u00e9"},"content":{"rendered":"<p class=\"article-p mdl\">Une jeunesse qui r\u00e9ussit malgr\u00e9 les obstacles. Il y a un peu plus d&rsquo;un mois,\u00a0<a class=\"link\" href=\"https:\/\/www.rtl.fr\/actu\/justice-faits-divers\/un-crime-barbare-sur-rtl-amine-kessaci-assure-que-sa-parole-est-une-garantie-de-survie-un-mois-apres-l-assassinat-de-son-frere-7900577854\" target=\"_blank\" rel=\"noopener\">Mehdi Kessaci \u00e9tait assassin\u00e9 dans les quartiers Nord de Marseille<\/a>\u00a0d\u00e9clenchant une vague d&rsquo;effroi, de sid\u00e9ration et d&rsquo;indignation. Un\u00a0<a class=\"link\" href=\"https:\/\/www.rtl.fr\/actu\/politique\/assassinat-a-marseille-nu-ez-denonce-un-crime-d-intimidation-qui-constitue-un-point-de-bascule-7900567951\" target=\"_blank\" rel=\"noopener\">assassinat d&rsquo;avertissement<\/a>, selon le ministre de l&rsquo;Int\u00e9rieur Laurent Nu\u00f1ez, envers Amine, son grand fr\u00e8re investi dans la lutte contre les narcotrafiquants.<\/p>\n<p class=\"article-p mdl\">Mehdi avait 19 ans et voulait devenir policier. Amine en a 22, et sa vie est pour l&rsquo;instant entre parenth\u00e8ses. Avoir 20 ans dans les quartiers Nord aujourd&rsquo;hui, est-ce une fatalit\u00e9 ? Celle de devenir\u00a0<a class=\"link\" href=\"https:\/\/www.rtl.fr\/actu\/justice-faits-divers\/marseille-au-coeur-d-un-point-de-deal-a-la-cite-de-la-castellane-7900365460\" target=\"_blank\" rel=\"noopener\">charbonneur<\/a>, chouf, petites mains dans les r\u00e9seaux sous la coupe de narcotrafiquants, celle d&rsquo;\u00eatre enferm\u00e9e dans les quartiers comme dans un ghetto, de subir tous ces freins qui emp\u00eachent ces jeunes de r\u00eaver d&rsquo;ailleurs.\u00a0<\/p>\n<p class=\"article-p mdl\">Pourtant, dans les quartiers populaires de la cit\u00e9 phoc\u00e9enne, il y a aussi toute une jeunesse dynamique. Alors qu&rsquo;Emmanuel Macron vient d\u00e9fendre son bilan du plan Marseille en grand ce mardi 16 d\u00e9cembre, RTL est all\u00e9 \u00e0 la rencontre de Jihane, 18 ans, et Nassime, 21 ans.\u00a0<\/p>\n<p>            Un parcours d&rsquo;excellence<\/p>\n<p class=\"article-p mdl\">Jihane, 18 ans, a toujours aim\u00e9 l&rsquo;\u00e9cole et a toujours eu de bonnes notes. \u00ab\u00a0L&rsquo;instruction, c&rsquo;est la cl\u00e9. Il faut bosser\u00a0\u00bb, dit-elle au micro de RTL. Deuxi\u00e8me d&rsquo;une famille nombreuse, elle a 3 s\u0153urs et 3 fr\u00e8res, \u00e9lev\u00e9s seuls par sa m\u00e8re. Mais l&rsquo;environnement n&rsquo;est pas forc\u00e9ment propice. Elle habite une cit\u00e9 dans le XIV\u1d49\u00a0arrondissement entre celles de la Paternelle, du Castellas et des Micocoulliers, qui font malheureusement parfois la Une des faits divers li\u00e9s au trafic de drogue.<\/p>\n<p class=\"article-p mdl\">\u00ab\u00a0Il y a eu un jour o\u00f9 on a \u00e9t\u00e9 confin\u00e9s \u00e0 l&rsquo;int\u00e9rieur du coll\u00e8ge apr\u00e8s des tirs devant le coll\u00e8ge. \u00c7a n&rsquo;est pas anodin. Il y a quand m\u00eame la peur qui reste malgr\u00e9 tout, car on va au coll\u00e8ge pour apprendre et puis vivre \u00e7a, ce n&rsquo;est pas normal\u00a0\u00bb, d\u00e9plore la jeune femme.\u00a0<\/p>\n<p class=\"article-p mdl\">Au coll\u00e8ge en 4\u1d49, son professeur de sciences est r\u00e9f\u00e9rent parcours d&rsquo;excellence, des parcours qui accompagnent les coll\u00e9giens m\u00e9ritants dans leurs \u00e9tudes. Une rencontre d\u00e9cisive pour l&rsquo;adolescente. \u00ab\u00a0Il me pousse vers des parcours d&rsquo;excellence. Pendant les vacances, je vais dans un autre coll\u00e8ge pour faire des cours suppl\u00e9mentaires\u00a0\u00bb, d\u00e9crit-elle.\u00a0<\/p>\n<p class=\"article-p mdl\">Gr\u00e2ce \u00e0 ce parcours Jihane est accept\u00e9e au lyc\u00e9e militaire d&rsquo;Aix-en-Provence, en 2023. En parall\u00e8le,\u00a0<a class=\"link\" href=\"https:\/\/www.rtl.fr\/actu\/justice-faits-divers\/marseille-yoda-contre-dz-mafia-la-guerre-des-narcotrafiquants-fait-toujours-plus-de-victimes-7900288842\" target=\"_blank\" rel=\"noopener\">la guerre entre la DZ Mafia et le clan Yoda<\/a>\u00a0fait rage juste \u00e0 c\u00f4t\u00e9 de chez elle. Son coll\u00e8ge est vis\u00e9 par des tirs de kalachnikov. Aujourd&rsquo;hui, Jihane est en terminale. La Fondation Archery, qui accompagne les \u00e9l\u00e8ves issus des quartiers populaires sur une dur\u00e9e de 10 ans, l&rsquo;a prise sous son aile. Jihane sait d\u00e9j\u00e0 ce qu&rsquo;elle veut faire : elle sera avocate p\u00e9naliste.<\/p>\n<p>            Nassim Bouguezzi, la \u00ab\u00a0r\u00e9v\u00e9lation\u00a0\u00bb du th\u00e9\u00e2tre<\/p>\n<p class=\"article-p mdl\">Nassim Bouguezzi, un jeune de 21 ans, est entr\u00e9 dans le monde du cin\u00e9ma avec fracas, avec\u00a0Pax Massilia d&rsquo;Olivier Marchal. Il a \u00e9galement tourn\u00e9 avec Soprano dans le film Marius et les gardiens de la cit\u00e9 phoc\u00e9enne sorti l&rsquo;\u00e9t\u00e9 dernier.<\/p>\n<p>Nassim est n\u00e9 dans le quartier Saint-Jean-du-D\u00e9sert avec comme voisin Jul le chanteur. Il a quatre fr\u00e8res et s\u0153urs, un p\u00e8re chauffeur routier et une m\u00e8re \u00e0 la maison. Ce grand fan de l&rsquo;OM a appris \u00e0 jouer au ballon rond au pied des immeubles. Petit, il se voyait d\u00e9j\u00e0 joueur de football professionnel. C&rsquo;est une rencontre, l\u00e0 aussi, qui va changer le cours de sa vie.\u00a0<\/p>\n<p>\u00ab\u00a0Quand j&rsquo;avais 16 ans en seconde, quelqu&rsquo;un m&rsquo;a pris sous son aile, dans mon quartier. Un chef d&rsquo;entreprise qui m&rsquo;a dit que je ne percerai jamais au foot\u00a0\u00bb, s&rsquo;amuse-t-il au micro\u00a0 de RTL. \u00ab\u00a0Il me dit que j&rsquo;ai une gueule pour faire du cin\u00e9ma, car j&rsquo;ai des cicatrices. Moi, je lui ris au nez. Le destin fait qu&rsquo;une semaine apr\u00e8s, je suis en cours avec Malou Khebizi, en classe avec moi, qui me dit qu&rsquo;elle va aller au th\u00e9\u00e2tre\u00a0\u00bb, poursuit-il. Il l&rsquo;accompagne. \u00ab\u00a0C&rsquo;est comme \u00e7a que j&rsquo;ai commenc\u00e9 les cours de th\u00e9\u00e2tre, \u00e0 16 ans. C&rsquo;est la r\u00e9v\u00e9lation, \u00e7a m&rsquo;a permis d&rsquo;am\u00e9liorer : sociabilit\u00e9, prise de parole, confiance en soi\u00a0\u00bb, souligne le jeune homme.\u00a0<\/p>\n<p>Les deux jeunes Marseillais ont des questions \u00e0 poser au pr\u00e9sident de la R\u00e9publique. Pour Jihane, c&rsquo;est la question du manque de moyens dans les \u00e9tablissements scolaires mais c&rsquo;est aussi cette s\u00e9gr\u00e9gation visible qu&rsquo;elle ressent. \u00ab\u00a0\u00c0 partir d&rsquo;une certaine heure, les quartiers Nord ne sont plus reli\u00e9s au reste de Marseille et \u00e7a laisse un peu le monopole \u00e0 certaines personnes qui prennent le dessus et qui enferment les habitants dans la peur\u00a0\u00bb, dit-elle.\u00a0<\/p>\n<p>Pour Nassim c&rsquo;est aussi la question du manque de moyens, allou\u00e9s aux structures culturelles. \u00ab\u00a0On a beaucoup de terrains de foot par rapport aux cours de th\u00e9\u00e2tre.\u00a0\u00bb Jihane et Nassim sont deux exemples parmi tant d&rsquo;autres, ces jeunes qui r\u00e9ussissent dans les quartiers Nord. Ils sont nombreux et on ne les entend pas suffisamment.<\/p>\n<p>    La r\u00e9daction vous recommande<\/p>\n<p class=\"s-newsletter__title\">\n                L\u2019actualit\u00e9 par la r\u00e9daction de RTL dans votre bo\u00eete mail.\n            <\/p>\n<p class=\"s-newsletter__subtitle\">\n                Gr\u00e2ce \u00e0 votre compte RTL abonnez-vous \u00e0 la newsletter RTL info pour suivre toute l&rsquo;actualit\u00e9 au quotidien\n            <\/p>\n<p>\n                                    Lire la suite\n                                <\/p>\n","protected":false},"excerpt":{"rendered":"Une jeunesse qui r\u00e9ussit malgr\u00e9 les obstacles. Il y a un peu plus d&rsquo;un mois,\u00a0Mehdi Kessaci \u00e9tait assassin\u00e9&hellip;\n","protected":false},"author":2,"featured_media":602444,"comment_status":"","ping_status":"","sticky":false,"template":"","format":"standard","meta":{"footnotes":""},"categories":[2814],"tags":[1111,11,1052,1073,1777,674,107,1011,27,884,12,882,25],"class_list":{"0":"post-602443","1":"post","2":"type-post","3":"status-publish","4":"format-standard","5":"has-post-thumbnail","7":"category-marseille","8":"tag-actu","9":"tag-actualites","10":"tag-drogue","11":"tag-emmanuel-macron","12":"tag-eu","13":"tag-europe","14":"tag-fil-info","15":"tag-fr","16":"tag-france","17":"tag-marseille","18":"tag-news","19":"tag-provence-alpes-cote-dazur","20":"tag-republique-francaise"},"share_on_mastodon":{"url":"https:\/\/pubeurope.com\/@fr\/115727845567438385","error":""},"_links":{"self":[{"href":"https:\/\/www.europesays.com\/fr\/wp-json\/wp\/v2\/posts\/602443","targetHints":{"allow":["GET"]}}],"collection":[{"href":"https:\/\/www.europesays.com\/fr\/wp-json\/wp\/v2\/posts"}],"about":[{"href":"https:\/\/www.europesays.com\/fr\/wp-json\/wp\/v2\/types\/post"}],"author":[{"embeddable":true,"href":"https:\/\/www.europesays.com\/fr\/wp-json\/wp\/v2\/users\/2"}],"replies":[{"embeddable":true,"href":"https:\/\/www.europesays.com\/fr\/wp-json\/wp\/v2\/comments?post=602443"}],"version-history":[{"count":0,"href":"https:\/\/www.europesays.com\/fr\/wp-json\/wp\/v2\/posts\/602443\/revisions"}],"wp:featuredmedia":[{"embeddable":true,"href":"https:\/\/www.europesays.com\/fr\/wp-json\/wp\/v2\/media\/602444"}],"wp:attachment":[{"href":"https:\/\/www.europesays.com\/fr\/wp-json\/wp\/v2\/media?parent=602443"}],"wp:term":[{"taxonomy":"category","embeddable":true,"href":"https:\/\/www.europesays.com\/fr\/wp-json\/wp\/v2\/categories?post=602443"},{"taxonomy":"post_tag","embeddable":true,"href":"https:\/\/www.europesays.com\/fr\/wp-json\/wp\/v2\/tags?post=602443"}],"curies":[{"name":"wp","href":"https:\/\/api.w.org\/{rel}","templated":true}]}}