{"id":60245,"date":"2025-04-28T21:40:07","date_gmt":"2025-04-28T21:40:07","guid":{"rendered":"https:\/\/www.europesays.com\/fr\/60245\/"},"modified":"2025-04-28T21:40:07","modified_gmt":"2025-04-28T21:40:07","slug":"motogp-la-mauvaise-nouvelle-tombe-a-jerez-pour-un-pilote-ducati-satellite","status":"publish","type":"post","link":"https:\/\/www.europesays.com\/fr\/60245\/","title":{"rendered":"MotoGP La mauvaise nouvelle tombe \u00e0 Jerez, pour un pilote Ducati-satellite !"},"content":{"rendered":"<p>C\u2019est la mauvaise nouvelle du jour en MotoGP, en Espagne et elle concerne un pilote Ducati. En effet, le Team VR46 annon\u00e7ait, voil\u00e0 quelques heures, l\u2019absence de l\u2019un de ses pilotes sur la journ\u00e9e de test, organis\u00e9e ce lundi, en aval du Grand-Prix d\u2019Espagne 2025. Et logiquement, il s\u2019agit de Franco Morbidelli, dont la chute survenue dimanche dernier n\u2019\u00e9tait visiblement pas anodine\u2026<\/p>\n<p>MotoGP : le malheur de Morbidelli\u2026fait le bonheur de Di Giannantonio !<\/p>\n<p>Pourtant, apr\u00e8s \u00eatre pass\u00e9 par le contr\u00f4le m\u00e9dical du circuit, dimanche dernier, le pilote Italien semblait en bonne sant\u00e9, le premier bilan ayant surtout r\u00e9v\u00e9l\u00e9 qu\u2019il ne souffrait d\u2019aucune fracture. Toutefois, en raison de douleurs au cour, ce dernier a \u00e9t\u00e9 pr\u00e9serv\u00e9 par l\u2019\u00e9curie transalpine. Sans doute par mesure de s\u00e9curit\u00e9, histoire de ne pas se blesser \u00e0 nouveau, \u00e0 d\u00e9sormais moins de deux semaines du Grand-Prix de France de MotoGP. A priori, sa participation \u00e0 l\u2019\u00e9preuve Mancelle n\u2019est donc pas compromise.<\/p>\n<blockquote class=\"twitter-tweet\">\n<p dir=\"ltr\" lang=\"en\">The team has decided that Franco will not participate in today\u2019s Jerez test to rest following a neck contusion sustained in yesterday\u2019s crash, with a focus on the <a href=\"https:\/\/twitter.com\/hashtag\/FrenchGP?src=hash&amp;ref_src=twsrc%5Etfw\" target=\"_blank\" rel=\"noopener nofollow\">#FrenchGP<\/a> <a href=\"https:\/\/twitter.com\/MotoGP?ref_src=twsrc%5Etfw\" target=\"_blank\" rel=\"noopener nofollow\">@MotoGP<\/a> <a href=\"https:\/\/t.co\/5YomRHnSPS\" target=\"_blank\" rel=\"nofollow\">pic.twitter.com\/5YomRHnSPS<\/a><\/p>\n<p>\u2014 Pertamina Enduro VR46 Racing Team (@VR46RacingTeam) <a href=\"https:\/\/twitter.com\/VR46RacingTeam\/status\/1916796446763856024?ref_src=twsrc%5Etfw\" target=\"_blank\" rel=\"noopener nofollow\">April 28, 2025<\/a><\/p>\n<\/blockquote>\n<p>Un mal pour un bien, donc, surtout pour Fabio di Giannantonio, qui a grandement besoin de roulage, apr\u00e8s avoir manqu\u00e9 l\u2019int\u00e9gralit\u00e9 des essais hivernaux, suite \u00e0 une blessure, cons\u00e9cutive \u00e0 une chute. Aussi, l\u2019int\u00e9ress\u00e9 doit prendre la mesure de sa machine et progresser, alors qu\u2019il dispose de la m\u00eame Ducati que celles utilis\u00e9es par Francesco Bagnaia et Marc Marquez. Chose qui ne se voit pas r\u00e9ellement, en termes de chronos et de r\u00e9sultats, pour l\u2019instant. Une belle marge de progression semble donc devoir \u00eatre combl\u00e9e, rapidement\u2026Ainsi, en disposant de 100% de l\u2019attention dans le box VR46, aujourd\u2019hui, il aura la possibilit\u00e9 de passer un cap.<\/p>\n<p>Article publi\u00e9 le 28\/04\/2025 \u00e0 15h37<\/p>\n<p>                                                            <script async src=\"https:\/\/platform.twitter.com\/widgets.js\" charset=\"utf-8\"><\/script><\/p>\n","protected":false},"excerpt":{"rendered":"C\u2019est la mauvaise nouvelle du jour en MotoGP, en Espagne et elle concerne un pilote Ducati. En effet,&hellip;\n","protected":false},"author":2,"featured_media":60246,"comment_status":"","ping_status":"","sticky":false,"template":"","format":"standard","meta":{"footnotes":""},"categories":[1413],"tags":[4266,1011,27,1457,1456,1458,60],"class_list":{"0":"post-60245","1":"post","2":"type-post","3":"status-publish","4":"format-standard","5":"has-post-thumbnail","7":"category-moto","8":"tag-ducati","9":"tag-fr","10":"tag-france","11":"tag-moto","12":"tag-motocycle","13":"tag-motogp","14":"tag-sports"},"share_on_mastodon":{"url":"https:\/\/pubeurope.com\/@fr\/114417763854332811","error":""},"_links":{"self":[{"href":"https:\/\/www.europesays.com\/fr\/wp-json\/wp\/v2\/posts\/60245","targetHints":{"allow":["GET"]}}],"collection":[{"href":"https:\/\/www.europesays.com\/fr\/wp-json\/wp\/v2\/posts"}],"about":[{"href":"https:\/\/www.europesays.com\/fr\/wp-json\/wp\/v2\/types\/post"}],"author":[{"embeddable":true,"href":"https:\/\/www.europesays.com\/fr\/wp-json\/wp\/v2\/users\/2"}],"replies":[{"embeddable":true,"href":"https:\/\/www.europesays.com\/fr\/wp-json\/wp\/v2\/comments?post=60245"}],"version-history":[{"count":0,"href":"https:\/\/www.europesays.com\/fr\/wp-json\/wp\/v2\/posts\/60245\/revisions"}],"wp:featuredmedia":[{"embeddable":true,"href":"https:\/\/www.europesays.com\/fr\/wp-json\/wp\/v2\/media\/60246"}],"wp:attachment":[{"href":"https:\/\/www.europesays.com\/fr\/wp-json\/wp\/v2\/media?parent=60245"}],"wp:term":[{"taxonomy":"category","embeddable":true,"href":"https:\/\/www.europesays.com\/fr\/wp-json\/wp\/v2\/categories?post=60245"},{"taxonomy":"post_tag","embeddable":true,"href":"https:\/\/www.europesays.com\/fr\/wp-json\/wp\/v2\/tags?post=60245"}],"curies":[{"name":"wp","href":"https:\/\/api.w.org\/{rel}","templated":true}]}}