{"id":602456,"date":"2025-12-16T06:39:16","date_gmt":"2025-12-16T06:39:16","guid":{"rendered":"https:\/\/www.europesays.com\/fr\/602456\/"},"modified":"2025-12-16T06:39:16","modified_gmt":"2025-12-16T06:39:16","slug":"ce-marche-de-noel-de-paris-arrete-brusquement-detre-gratuit-et-fait-payer-son-entree-5-euros","status":"publish","type":"post","link":"https:\/\/www.europesays.com\/fr\/602456\/","title":{"rendered":"ce march\u00e9 de No\u00ebl de Paris arr\u00eate brusquement d&rsquo;\u00eatre gratuit et fait payer son entr\u00e9e 5 euros"},"content":{"rendered":"<p>                    Par<br \/>\n        <strong><br \/>\n            <a href=\"https:\/\/actu.fr\/auteur\/dorinegoth\" title=\"Consulter tous les articles de Dorine Goth\" target=\"_blank\" rel=\"noopener\">Dorine Goth<\/a><br \/>\n                    <\/strong><\/p>\n<p>        Publi\u00e9 le<\/p>\n<p>            16 d\u00e9c. 2025 \u00e0 7h20        <\/p>\n<p>La magie de No\u00ebl a un prix. Dans le 19e arrondissement de Paris, <strong><a href=\"https:\/\/actu.fr\/ile-de-france\/paris_75056\/grandiose-100-chalets-a-paris-la-metamorphose-du-marche-de-noel-de-la-villette-epate-les-visiteurs_63507680.html\" target=\"_blank\" rel=\"noopener\">le march\u00e9 de No\u00ebl de la Villette<\/a><\/strong>, ouvert depuis le 20\u00a0novembre 2025 a d\u00e9cid\u00e9 de voir les choses en grand. Une centaine de chalets, une grande roue et une riche d\u00e9coration qui promet d\u2019en mettre plein les yeux aux visiteurs. Sauf que depuis le week-end du 6\u00a0d\u00e9cembre 2025, l\u2019entr\u00e9e jusqu\u2019alors gratuite est pass\u00e9e \u00e0 <strong>5\u00a0euros pour les adultes <\/strong>(incluant une boisson). Une mesure prise \u00e0 la derni\u00e8re minute face \u00e0 \u00ab\u2009l\u2019affluence tr\u00e8s importante\u2009\u00bb, selon Fever, l\u2019organisateur de ce march\u00e9. D\u2019autres y voient une forme d\u2019opportunisme face au succ\u00e8s. \u00ab\u2009C\u2019est une honte\u2009!\u2009\u00bb, a sanctionn\u00e9 Dani\u00e8le, habitante du 19e arrondissement.<\/p>\n<p>\u00ab\u2009Maintenir la qualit\u00e9 de l\u2019exp\u00e9rience\u2009\u00bb<\/p>\n<p class=\" wall-content\">La recette qui a donn\u00e9 naissance \u00e0 ce site, pr\u00e9sent\u00e9 comme un \u00ab\u2009village suisse de No\u00ebl\u2009\u00bb, a \u00e9t\u00e9 concoct\u00e9e par l\u2019entreprise The Swiss Christmas Village, organisatrice du march\u00e9 de No\u00ebl de la ville de <strong>Zurich en Suisse<\/strong>, dont l\u2019ampleur et la magie sont reconnues internationalement. C\u2019est la premi\u00e8re fois que le mod\u00e8le est export\u00e9.<\/p>\n<p class=\" wall-content\">Julien fait partie de ceux qui ont eu la chance de profiter de l\u2019adresse avant qu\u2019elle ne soit payante. \u00ab\u2009Je le recommandais \u00e0 tout le monde en disant qu\u2019il \u00e9tait super. J\u2019avais pr\u00e9vu d\u2019y retourner avec ma fille et des amis mais en passant devant j\u2019ai vu qu\u2019il \u00e9tait devenu payant. C\u2019est n\u2019importe quoi. M\u00eame le <a href=\"https:\/\/actu.fr\/tag\/marche-de-noel-de-strasbourg\" target=\"_blank\" rel=\"noopener\">march\u00e9 de Strasbourg<\/a> est gratuit\u2009!\u2009\u00bb, fulmine ce riverain du march\u00e9 avant d\u2019ajouter\u2009: \u00ab\u2009Il faudrait peut-\u00eatre arr\u00eater de privatiser l\u2019espace public. Entre \u00e7a et la f\u00eate des Lumi\u00e8res, c\u2019est toute une partie du <a href=\"https:\/\/actu.fr\/tag\/la-villette\" target=\"_blank\" rel=\"noopener\">parc de la Villette<\/a> qui est d\u00e9sormais inaccessible sans payer.\u2009\u00bb<\/p>\n<blockquote class=\"tiktok-embed\" cite=\"https:\/\/www.tiktok.com\/@actu.paris\/video\/7578222933080837398\" data-video-id=\"7578222933080837398\" data-embed-from=\"oembed\" style=\"max-width:605px; min-width:325px;\"><p>\n<a target=\"_blank\" title=\"@actu.paris\" href=\"https:\/\/www.tiktok.com\/@actu.paris?refer=embed\" rel=\"noopener\">@actu.paris<\/a> <\/p>\n<p>Le march\u00e9 de No\u00ebl de La Villette, dans le 19e arrondissement de Paris, a fait peau neuve cette ann\u00e9e et le r\u00e9sultat a d\u00e9j\u00e0 s\u00e9duit des dizaines de milliers visiteurs ! <a title=\"paris\" target=\"_blank\" href=\"https:\/\/www.tiktok.com\/tag\/paris?refer=embed\" rel=\"noopener\">#paris<\/a> <a title=\"noel\" target=\"_blank\" href=\"https:\/\/www.tiktok.com\/tag\/noel?refer=embed\" rel=\"noopener\">#noel<\/a> <a title=\"christmas\" target=\"_blank\" href=\"https:\/\/www.tiktok.com\/tag\/christmas?refer=embed\" rel=\"noopener\">#christmas<\/a> <a title=\"marchedenoel\" target=\"_blank\" href=\"https:\/\/www.tiktok.com\/tag\/marchedenoel?refer=embed\" rel=\"noopener\">#marchedenoel<\/a> <a title=\"fyp\" target=\"_blank\" href=\"https:\/\/www.tiktok.com\/tag\/fyp?refer=embed\" rel=\"noopener\">#fyp<\/a> <\/p>\n<p> <a target=\"_blank\" title=\"\u266c It&#039;s Beginning to Look a Lot like Christmas - Michael Bubl\u00e9\" href=\"https:\/\/www.tiktok.com\/music\/It&#039;s-Beginning-to-Look-a-Lot-like-Christmas-6753170535640729601?refer=embed\" rel=\"noopener\">\u266c It\u2019s Beginning to Look a Lot like Christmas \u2013 Michael Bubl\u00e9<\/a> <\/p>\n<\/blockquote>\n<p class=\" wall-content\">Contact\u00e9e par\u00a0actu Paris, la soci\u00e9t\u00e9 Fever explique avoir d\u00e9cid\u00e9 la mise en place de cette tarification du mercredi au vendredi \u00e0 partir de 17\u00a0heures ainsi que les week-ends. \u00ab\u2009L\u2019objectif principal est de<strong> maintenir la qualit\u00e9 de l\u2019exp\u00e9rience<\/strong>, en garantissant la fluidit\u00e9 de la circulation, en pr\u00e9servant l\u2019ambiance et le confort au sein du march\u00e9 et en assurant le bon fonctionnement des installations\u2009\u00bb, d\u00e9fend-elle.<\/p>\n<p class=\" wall-content\">Un argument entendu par les visiteurs du week-end du 13\u00a0d\u00e9cembre. \u00ab\u2009C\u2019est vrai qu\u2019au d\u00e9but j\u2019ai r\u00e2l\u00e9 en voyant le prix, mais apr\u00e8s je me suis dit que \u00e7a valait le coup. C\u2019est vraiment une bonne exp\u00e9rience. Mais il restait du monde\u2009\u00bb, t\u00e9moigne Antoine. Thomas, lui, a pu profiter du march\u00e9 calme le dimanche soir. \u00ab\u2009C\u2019\u00e9tait une bonne exp\u00e9rience. Je ne sais pas si la tarification a jou\u00e9, mais il n\u2019y avait pas grand monde.\u2009\u00bb<\/p>\n<p>Une premi\u00e8re en France<\/p>\n<p class=\" wall-content\">C\u2019est la premi\u00e8re fois qu\u2019un march\u00e9 de No\u00ebl est rendu payant en France. \u00c0 Strasbourg, le candidat insoumis aux \u00e9lections <a href=\"https:\/\/actu.fr\/paris\/politique\/elections-municipales\" target=\"_blank\" rel=\"noopener\">municipales 2026<\/a> a enflamm\u00e9 le d\u00e9bat politique en sugg\u00e9rant de <strong>faire payer l\u2019entr\u00e9e 10\u00a0euros<\/strong> aux visiteurs ext\u00e9rieurs de l\u2019eurom\u00e9tropole. Ailleurs en Europe, il reste rare de faire payer ce type d\u2019\u00e9v\u00e9nements. La pratique est toutefois plus r\u00e9pandue en Am\u00e9rique.<\/p>\n<p>Votre r\u00e9gion, votre actu !<\/p>\n<p>Recevez chaque jour les infos qui comptent pour vous.<\/p>\n<p>\t<a href=\"https:\/\/actu.fr\/newsletter\" class=\"ac-btn ac-btn--corner ac-btn--medium ac-btn--blue800\" target=\"_blank\" rel=\"noopener\">S&rsquo;incrire<\/a><\/p>\n<p class=\" wall-content\">Selon le porte-parole de Fever, la soci\u00e9t\u00e9 <strong>ne tire pas de b\u00e9n\u00e9fice<\/strong> de cette nouvelle politique tarifaire. \u00ab\u2009Elles permettent de couvrir les co\u00fbts op\u00e9rationnels directement li\u00e9s \u00e0 la gestion de la forte fr\u00e9quentation, notamment le renforcement des \u00e9quipes de s\u00e9curit\u00e9 et de gestion des flux, la logistique suppl\u00e9mentaire, le maintien de la qualit\u00e9 des services et l\u2019am\u00e9lioration continue de l\u2019exp\u00e9rience propos\u00e9e aux visiteurs\u2009\u00bb, justifie-t-il. Autant de d\u00e9penses \u00ab\u2009indispensables pour pr\u00e9server un haut niveau de qualit\u00e9 tout au long de l\u2019\u00e9v\u00e9nement\u2009\u00bb.<\/p>\n<p class=\" wall-content\">L\u2019entreprise ne souhaite pas pour autant communiquer sur ses chiffres de fr\u00e9quentation. \u00ab\u2009Nous sommes cependant ravis de l\u2019accueil chaleureux que le public r\u00e9serve \u00e0 No\u00ebl La Villette\u2009\u00bb, partage-t-elle apr\u00e8s avoir pr\u00e9cis\u00e9 \u00ab\u2009qu\u2019elle avait largement d\u00e9pass\u00e9 nos attentes\u2009\u00bb. Une semaine apr\u00e8s son ouverture, les organisateurs revendiquaient toutefois 30\u2009000\u00a0visiteurs.<\/p>\n<p class=\" wall-content\">Personnalisez votre actualit\u00e9 en ajoutant vos villes et m\u00e9dias en favori avec <a href=\"https:\/\/moncompte.actu.fr\" title=\"D\u00e9couvez Mon Actu\" rel=\"nofollow noopener\" data-trk=\"{&quot;cta&quot;:{&quot;action&quot;:&quot;https:\\\/\\\/moncompte.actu.fr&quot;,&quot;category&quot;:&quot;mon compte&quot;,&quot;from&quot;:&quot;article footer&quot;,&quot;name&quot;:&quot;Mon actu&quot;,&quot;type&quot;:&quot;cta&quot;}}\" target=\"_blank\">Mon Actu<\/a>.<\/p>\n<p>                    <script async src=\"\/\/www.tiktok.com\/embed.js\"><\/script><\/p>\n","protected":false},"excerpt":{"rendered":"Par Dorine Goth Publi\u00e9 le 16 d\u00e9c. 2025 \u00e0 7h20 La magie de No\u00ebl a un prix. Dans&hellip;\n","protected":false},"author":2,"featured_media":602457,"comment_status":"","ping_status":"","sticky":false,"template":"","format":"standard","meta":{"footnotes":""},"categories":[1888],"tags":[11,1777,674,1011,27,5281,1305,12,15830,626,25],"class_list":{"0":"post-602456","1":"post","2":"type-post","3":"status-publish","4":"format-standard","5":"has-post-thumbnail","7":"category-paris","8":"tag-actualites","9":"tag-eu","10":"tag-europe","11":"tag-fr","12":"tag-france","13":"tag-la-villette","14":"tag-lifestyle","15":"tag-news","16":"tag-noel","17":"tag-paris","18":"tag-republique-francaise"},"share_on_mastodon":{"url":"https:\/\/pubeurope.com\/@fr\/115727876989934896","error":""},"_links":{"self":[{"href":"https:\/\/www.europesays.com\/fr\/wp-json\/wp\/v2\/posts\/602456","targetHints":{"allow":["GET"]}}],"collection":[{"href":"https:\/\/www.europesays.com\/fr\/wp-json\/wp\/v2\/posts"}],"about":[{"href":"https:\/\/www.europesays.com\/fr\/wp-json\/wp\/v2\/types\/post"}],"author":[{"embeddable":true,"href":"https:\/\/www.europesays.com\/fr\/wp-json\/wp\/v2\/users\/2"}],"replies":[{"embeddable":true,"href":"https:\/\/www.europesays.com\/fr\/wp-json\/wp\/v2\/comments?post=602456"}],"version-history":[{"count":0,"href":"https:\/\/www.europesays.com\/fr\/wp-json\/wp\/v2\/posts\/602456\/revisions"}],"wp:featuredmedia":[{"embeddable":true,"href":"https:\/\/www.europesays.com\/fr\/wp-json\/wp\/v2\/media\/602457"}],"wp:attachment":[{"href":"https:\/\/www.europesays.com\/fr\/wp-json\/wp\/v2\/media?parent=602456"}],"wp:term":[{"taxonomy":"category","embeddable":true,"href":"https:\/\/www.europesays.com\/fr\/wp-json\/wp\/v2\/categories?post=602456"},{"taxonomy":"post_tag","embeddable":true,"href":"https:\/\/www.europesays.com\/fr\/wp-json\/wp\/v2\/tags?post=602456"}],"curies":[{"name":"wp","href":"https:\/\/api.w.org\/{rel}","templated":true}]}}