{"id":602458,"date":"2025-12-16T06:40:18","date_gmt":"2025-12-16T06:40:18","guid":{"rendered":"https:\/\/www.europesays.com\/fr\/602458\/"},"modified":"2025-12-16T06:40:18","modified_gmt":"2025-12-16T06:40:18","slug":"multimedia-la-russie-soutient-les-efforts-de-liran-pour-regler-la-crise-dans-ses-relations-avec-laiea-et-loccident-mae-xinhua","status":"publish","type":"post","link":"https:\/\/www.europesays.com\/fr\/602458\/","title":{"rendered":"(Multim\u00e9dia) La Russie soutient les efforts de l&rsquo;Iran pour r\u00e9gler la crise dans ses relations avec l&rsquo;AIEA et l&rsquo;Occident (MAE) &#8211; Xinhua"},"content":{"rendered":"<p><img decoding=\"async\" src=\"https:\/\/www.europesays.com\/fr\/wp-content\/uploads\/2025\/12\/2025121616fe7b64d9b347a882aee6eaf2dbc764_XxjifrF000024_20251216_CBMFN0A001.JPG\"\/>Le ministre russe des Affaires \u00e9trang\u00e8res Sergue\u00ef Lavrov (1er \u00e0 gauche) et son homologue iranien Abbas Araghtchi (\u00e0 droite, au front) assistent \u00e0 une conf\u00e9rence de presse conjointe \u00e0 T\u00e9h\u00e9ran, en Iran, le 25 f\u00e9vrier 2025. (Xinhua\/Shadati)<\/p>\n<p><strong>La Russie soutient les efforts de l&rsquo;Iran pour r\u00e9soudre la crise dans ses relations avec l&rsquo;Agence internationale de l&rsquo;\u00e9nergie atomique (AIEA) et l&rsquo;Occident, a d\u00e9clar\u00e9 lundi le ministre russe des Affaires \u00e9trang\u00e8res, Sergue\u00ef Lavrov.<\/strong><\/p>\n<p>MOSCOU, 15 d\u00e9cembre (Xinhua) &#8212; La Russie soutient les efforts de l&rsquo;Iran pour r\u00e9soudre la crise dans ses relations avec l&rsquo;Agence internationale de l&rsquo;\u00e9nergie atomique (AIEA) et l&rsquo;Occident, a d\u00e9clar\u00e9 lundi le ministre russe des Affaires \u00e9trang\u00e8res, Sergue\u00ef Lavrov.<\/p>\n<p>\u00ab\u00a0Nous sommes pr\u00eats \u00e0 soutenir les efforts actuellement d\u00e9ploy\u00e9s par l&rsquo;Iran pour surmonter cette crise, notamment dans ses relations avec l&rsquo;AIEA et l&rsquo;Occident en g\u00e9n\u00e9ral,\u00a0\u00bb a-t-il d\u00e9clar\u00e9 lors d&rsquo;une interview accord\u00e9e \u00e0 des m\u00e9dias iraniens.<\/p>\n<p>Selon M. Lavrov, non seulement le droit international a \u00e9t\u00e9 bafou\u00e9, mais l&rsquo;accord sur le nucl\u00e9aire iranien a \u00e9galement \u00e9t\u00e9 compromis, alors qu&rsquo;il avait \u00e9t\u00e9 approuv\u00e9 par des r\u00e9solutions du Conseil de s\u00e9curit\u00e9 des Nations Unies, que toutes les parties sont tenues d&rsquo;appliquer en vertu de la Charte des Nations Unies.<\/p>\n<p>La Russie a tenu des discussions sur la situation actuelle avec l&rsquo;Iran \u00e0 diff\u00e9rents niveaux, y compris au niveau pr\u00e9sidentiel. Les deux parties ont \u00e9chang\u00e9 leurs points de vue sur la mani\u00e8re de rem\u00e9dier \u00e0 la situation et de r\u00e9tablir les relations avec l&rsquo;AIEA et les pays occidentaux. La d\u00e9cision finale appartient bien s\u00fbr aux dirigeants iraniens, a d\u00e9clar\u00e9 M. Lavrov.<\/p>\n<p>M. Lavrov a \u00e9galement affirm\u00e9 que la Russie et l&rsquo;Iran disposaient d&rsquo;un potentiel important pour d\u00e9velopper leurs \u00e9changes commerciaux bilat\u00e9raux, et que ce processus devait \u00eatre encourag\u00e9 par tous les moyens possibles.<\/p>\n<p>\u00ab\u00a0En plus du corridor Nord-Sud (Corridor de transport international Nord-Sud), il existe \u00e9galement un projet phare tel que la centrale nucl\u00e9aire de Bouchehr, dont la construction est en cours. De nouveaux blocs ont \u00e9t\u00e9 pr\u00e9vus et certains sont d\u00e9j\u00e0 en service\u00a0\u00bb, a d\u00e9clar\u00e9 le ministre.<\/p>\n<p>M. Lavrov a en outre soulign\u00e9 que les relations entre l&rsquo;Iran et l&rsquo;Union \u00e9conomique eurasienne (UEEA) ouvraient de nouvelles perspectives. L&rsquo;Iran a sign\u00e9 un accord de libre-\u00e9change avec l&rsquo;UEEA en 2023 et b\u00e9n\u00e9ficie du statut d&rsquo;observateur au sein de l&rsquo;organisation.<\/p>\n","protected":false},"excerpt":{"rendered":"Le ministre russe des Affaires \u00e9trang\u00e8res Sergue\u00ef Lavrov (1er \u00e0 gauche) et son homologue iranien Abbas Araghtchi (\u00e0&hellip;\n","protected":false},"author":2,"featured_media":602459,"comment_status":"","ping_status":"","sticky":false,"template":"","format":"standard","meta":{"footnotes":""},"categories":[1591],"tags":[11,10733,1887,3019,12,1885,1886,132],"class_list":{"0":"post-602458","1":"post","2":"type-post","3":"status-publish","4":"format-standard","5":"has-post-thumbnail","7":"category-russie","8":"tag-actualites","9":"tag-aiea","10":"tag-federation-de-russie","11":"tag-iran","12":"tag-news","13":"tag-russia","14":"tag-russian-federation","15":"tag-russie"},"share_on_mastodon":{"url":"https:\/\/pubeurope.com\/@fr\/115727881572377119","error":""},"_links":{"self":[{"href":"https:\/\/www.europesays.com\/fr\/wp-json\/wp\/v2\/posts\/602458","targetHints":{"allow":["GET"]}}],"collection":[{"href":"https:\/\/www.europesays.com\/fr\/wp-json\/wp\/v2\/posts"}],"about":[{"href":"https:\/\/www.europesays.com\/fr\/wp-json\/wp\/v2\/types\/post"}],"author":[{"embeddable":true,"href":"https:\/\/www.europesays.com\/fr\/wp-json\/wp\/v2\/users\/2"}],"replies":[{"embeddable":true,"href":"https:\/\/www.europesays.com\/fr\/wp-json\/wp\/v2\/comments?post=602458"}],"version-history":[{"count":0,"href":"https:\/\/www.europesays.com\/fr\/wp-json\/wp\/v2\/posts\/602458\/revisions"}],"wp:featuredmedia":[{"embeddable":true,"href":"https:\/\/www.europesays.com\/fr\/wp-json\/wp\/v2\/media\/602459"}],"wp:attachment":[{"href":"https:\/\/www.europesays.com\/fr\/wp-json\/wp\/v2\/media?parent=602458"}],"wp:term":[{"taxonomy":"category","embeddable":true,"href":"https:\/\/www.europesays.com\/fr\/wp-json\/wp\/v2\/categories?post=602458"},{"taxonomy":"post_tag","embeddable":true,"href":"https:\/\/www.europesays.com\/fr\/wp-json\/wp\/v2\/tags?post=602458"}],"curies":[{"name":"wp","href":"https:\/\/api.w.org\/{rel}","templated":true}]}}