{"id":602460,"date":"2025-12-16T06:41:13","date_gmt":"2025-12-16T06:41:13","guid":{"rendered":"https:\/\/www.europesays.com\/fr\/602460\/"},"modified":"2025-12-16T06:41:13","modified_gmt":"2025-12-16T06:41:13","slug":"pourquoi-lukraine-fragilise-davantage-lagriculture-francaise-que-le-bresil","status":"publish","type":"post","link":"https:\/\/www.europesays.com\/fr\/602460\/","title":{"rendered":"pourquoi l\u2019Ukraine fragilise davantage l\u2019agriculture fran\u00e7aise que le Br\u00e9sil"},"content":{"rendered":"<p>Les <a class=\"Link\" href=\"https:\/\/www.lepoint.fr\/societe\/rassemblements-operations-escargot-plus-de-80-points-d-action-en-france-pour-les-agriculteurs-opposes-a-un-accord-ue-mercosur-18-11-2024-2575576_23.php\" title=\"\" data-gtm=\"click:capsule\" data-capsule=\"Lien\" target=\"_blank\" rel=\"noopener\">manifestations d&rsquo;agriculteurs contre le Mercosur<\/a> sont attendues\u00a0cette\u00a0semaine \u00e0 Bruxelles, au moment du sommet des dirigeants. Les tracteurs bloqueront les ronds-points, les banderoles d\u00e9nonceront le \u00ab\u00a0b\u0153uf aux hormones\u00a0\u00bb br\u00e9silien et les politiques, en France, rivaliseront d&rsquo;indignation contre cet accord \u00ab\u00a0mortif\u00e8re\u00a0\u00bb. Jean-No\u00ebl Barrot, notre ministre des Affaires \u00e9trang\u00e8res, l&rsquo;a encore martel\u00e9 lundi\u00a0: \u00ab\u00a0On ne peut pas prendre les agriculteurs comme variable d&rsquo;ajustement.\u00a0\u00bb La souverainet\u00e9 alimentaire serait un \u00ab\u00a0principe fondamental\u00a0\u00bb. Fort bien.<\/p>\n<p>Dans une ultime reculade, Paris a m\u00eame demand\u00e9 \u00e0 la Commission de reporter la signature de l&rsquo;accord alors qu&rsquo;Ursula von\u00a0der\u00a0Leyen est cens\u00e9e s&rsquo;envoler samedi pour Foz do Igua\u00e7u, au Br\u00e9sil.\u00a0Vingt-cinq ans de n\u00e9gociations, et la France r\u00e9clame encore un d\u00e9lai. Pour quelle raison\u00a0? Des \u00ab\u00a0pr\u00e9cisions\u00a0\u00bb sur les contr\u00f4les sanitaires, la \u00ab\u00a0concr\u00e9tisation\u00a0\u00bb des mesures miroirs\u2026<\/p>\n<p>Le \u00ab\u00a0frein d&rsquo;urgence\u00a0\u00bb contre l&rsquo;Ukraine<\/p>\n<p>Mais pendant que la France mobilise toute son \u00e9nergie diplomatique contre un accord dont l&rsquo;impact se chiffre \u00e0 1\u00a0% de la consommation europ\u00e9enne de viande bovine, un autre front s&rsquo;est ouvert. En silence. Sans banderoles ni tracteurs\u00a0: l&rsquo;Ukraine.<\/p>\n<p>Les chiffres sont implacables. Depuis la lib\u00e9ralisation pour soutenir Kiev face \u00e0 l&rsquo;agression russe, d\u00e9cid\u00e9e en\u00a02023\u00a0et jusqu&rsquo;en juillet\u00a02024, 800\u00a0000 tonnes de sucre ukrainien ont d\u00e9ferl\u00e9 sur le march\u00e9 europ\u00e9en. Soit plus de quatre fois les 180\u00a0000 tonnes pr\u00e9vues sur six ans avec le Mercosur. Plus pr\u00e9cis\u00e9ment, en quelques mois, l&rsquo;Ukraine a export\u00e9 vers l&rsquo;Europe ce que le Br\u00e9sil mettrait six ans \u00e0 nous envoyer dans le pire des sc\u00e9narios. Si bien que l&rsquo;UE a r\u00e9introduit, en juillet\u00a02024, des mesures de correction dont un \u00ab\u00a0frein d&rsquo;urgence\u00a0\u00bb vis-\u00e0-vis de l&rsquo;Ukraine sur sept produits apr\u00e8s les protestations de la Pologne, de la Roumanie, de la Hongrie,\u00a0etc. Le mal \u00e9tait fait. En 2023, <a class=\"Link\" href=\"https:\/\/www.lepoint.fr\/politique\/le-ble-ukrainien-ruine-les-paysans-d-europe-de-l-est-17-04-2023-2516647_20.php\" title=\"\" data-gtm=\"click:capsule\" data-capsule=\"Lien\" target=\"_blank\" rel=\"noopener\">6,2\u00a0millions de tonnes de bl\u00e9 ukrainien ont inond\u00e9 le march\u00e9 europ\u00e9en<\/a>. Le poulet, le ma\u00efs suivaient la m\u00eame trajectoire. Normal\u00a0: les co\u00fbts de production l\u00e0-bas n&rsquo;ont rien \u00e0 voir avec les n\u00f4tres\u2026<\/p>\n<p>Le Br\u00e9sil, un bouc \u00e9missaire commode<\/p>\n<p>Mais voil\u00e0\u00a0: on ne manifeste pas contre l&rsquo;Ukraine. Ce serait ind\u00e9cent. Le pays se bat pour sa survie face \u00e0 l&rsquo;ogre russe. Il a fallu les blocages de tracteurs polonais \u00e0 la fronti\u00e8re en\u00a02024\u00a0pour que Bruxelles ose enfin r\u00e9introduire des quotas. M\u00eame alors, le d\u00e9bat est rest\u00e9 feutr\u00e9, technique, bureaucratique. Rien \u00e0 voir avec l&rsquo;indignation spectaculaire contre le Mercosur. Le Br\u00e9sil offre un bouc \u00e9missaire commode, lointain, d\u00e9sincarn\u00e9. On peut ha\u00efr le soja br\u00e9silien sans \u00e9tats d&rsquo;\u00e2me. L&rsquo;Ukraine, elle, nous place face \u00e0 nos contradictions\u00a0: comment soutenir un pays en guerre tout en prot\u00e9geant nos paysans de sa puissance agricole\u00a0?<\/p>\n<p>Dans un\u00a0<a class=\"Link\" href=\"https:\/\/www.lepoint.fr\/politique\/jean-luc-demarty-l-accord-entre-l-ue-et-le-mercosur-n-est-pas-le-probleme-de-l-agriculture-francaise-18-11-2024-2575535_20.php\" title=\"\" data-gtm=\"click:capsule\" data-capsule=\"Lien\" target=\"_blank\" rel=\"noopener\">entretien r\u00e9cent accord\u00e9 au Point<\/a>, Jean-Luc Demarty, qui a \u00e9t\u00e9 le directeur\u00a0g\u00e9n\u00e9ral en charge du Commerce au sein de la Commission (2011-2019), pose le diagnostic sans fard. \u00ab\u00a0La France serait mieux inspir\u00e9e de se montrer un peu plus ouverte sur le Mercosur et de concentrer ses efforts sur la limitation des importations ukrainiennes, qui sont un v\u00e9ritable sujet de souffrance\u00a0\u00bb, estime cet ancien haut fonctionnaire europ\u00e9en. Personne ne\u00a0l&rsquo;\u00e9coute. C&rsquo;est tellement plus simple de bloquer un accord avec le Br\u00e9sil que d&rsquo;affronter le dilemme ukrainien.<\/p>\n<p>L&rsquo;agriculture fran\u00e7aise a recul\u00e9\u2026 sur les march\u00e9s europ\u00e9ens<\/p>\n<p>Car la v\u00e9rit\u00e9, c&rsquo;est que l&rsquo;agriculture fran\u00e7aise n&rsquo;a pas attendu\u00a0le Mercosur pour s&rsquo;effondrer. Elle recule partout. Y compris l\u00e0 o\u00f9 elle n&rsquo;a aucune excuse\u00a0: sur son propre march\u00e9, le march\u00e9 europ\u00e9en.\u00a0L&rsquo;exc\u00e9dent commercial agricole fran\u00e7ais est pass\u00e9 de 11,9\u00a0milliards d&rsquo;euros en\u00a02011\u00a0\u00e0 5,3\u00a0milliards en\u00a02023\u00a0et pourrait \u00eatre n\u00e9gatif en\u00a02025\u00a0(ce qui ne s&rsquo;est pas vu depuis 1978). En dix ans, la France est pass\u00e9e du statut d&rsquo;exportateur net de volailles \u00e0 celui d&rsquo;importateur. Nous importons d\u00e9sormais notre poulet de\u00a0Pologne, d&rsquo;Allemagne, des\u00a0Pays-Bas. Le lait\u00a0? Nos exploitations produisent 550\u00a0000\u00a0litres en moyenne quand les Danois d\u00e9passent le 1,5\u00a0million de litres. M\u00eame les Allemands, partis de loin apr\u00e8s la r\u00e9unification, nous ont d\u00e9pass\u00e9s. Nos plus grands comp\u00e9titeurs sont en Europe, pas \u00e0 l&rsquo;autre bout du monde.<\/p>\n<p>\n\u00c0 D\u00e9couvrir<br \/>\n<strong class=\"discover-kangourou__line\"><br \/>\n<img decoding=\"async\" class=\"discover-kangourou__img\" src=\"https:\/\/static.lpnt.fr\/static\/img\/kangourou\/kangourou_filled.svg\"\/><br \/>\n<strong class=\"discover-kangourou__txt\"><br \/>\n<strong>Le Kangourou du jour<\/strong><br \/>\n<a href=\"https:\/\/kangourou.lepoint.fr\" title=\"kangourou\" data-gtm-cta=\"kangourou_article\" class=\"discover-kangourou__lnk\" target=\"_blank\" rel=\"noopener\"><br \/>\nR\u00e9pondre<br \/>\n<\/a><br \/>\n<\/strong><br \/>\n<\/strong><br \/>\nCe d\u00e9classement n&rsquo;a donc rien \u00e0 voir avec la concurrence br\u00e9silienne. Il est le fruit de 25\u00a0ans de politiques d\u00e9sastreuses que personne ne veut regarder en face. Les 35\u00a0heures ont tu\u00e9 la comp\u00e9titivit\u00e9 des abattoirs. Le plan \u00c9cophyto et ses objectifs arbitraires de \u2013 50\u00a0% de phytosanitaires \u00e9tranglent les exploitations. Les recours syst\u00e9matiques emp\u00eachent toute construction de b\u00e2timents d&rsquo;\u00e9levage. On subventionne des installations en polyculture bio de\u00a040\u00a0hectares, condamnant de jeunes agriculteurs \u00e0 se ruiner la sant\u00e9 et les finances.<\/p>\n<p>Mais de cela, on ne parlera pas \u00e0 Bruxelles cette semaine. On pr\u00e9f\u00e9rera supplier\u00a0le Conseil de repousser la d\u00e9cision et sommer von der Leyen de ne pas prendre son avion pour le Br\u00e9sil. C&rsquo;est tellement plus confortable que d&rsquo;admettre que le probl\u00e8me, c&rsquo;est nous.<\/p>\n<p>Toute l\u2019actualit\u00e9 \u00e0 1\u20ac le premier mois<\/p>\n<p><a href=\"https:\/\/abo.lepoint.fr\/?provenance=21EDI020098\" class=\"btn\" title=\"S&#039;abonner\" data-gtm=\"click:abo|display:abo\" data-campaign=\"paywall_maison\" target=\"_blank\" rel=\"noopener\">S&rsquo;abonner<\/a><\/p>\n<p>ou<\/p>\n","protected":false},"excerpt":{"rendered":"Les manifestations d&rsquo;agriculteurs contre le Mercosur sont attendues\u00a0cette\u00a0semaine \u00e0 Bruxelles, au moment du sommet des dirigeants. Les tracteurs&hellip;\n","protected":false},"author":2,"featured_media":602461,"comment_status":"","ping_status":"","sticky":false,"template":"","format":"standard","meta":{"footnotes":""},"categories":[1590],"tags":[11,2160,1777,674,12,220,364,2544],"class_list":{"0":"post-602460","1":"post","2":"type-post","3":"status-publish","4":"format-standard","5":"has-post-thumbnail","7":"category-ukraine","8":"tag-actualites","9":"tag-commerce-international","10":"tag-eu","11":"tag-europe","12":"tag-news","13":"tag-ukraine","14":"tag-union-europeenne","15":"tag-ursula-von-der-leyen"},"share_on_mastodon":{"url":"https:\/\/pubeurope.com\/@fr\/115727885012380985","error":""},"_links":{"self":[{"href":"https:\/\/www.europesays.com\/fr\/wp-json\/wp\/v2\/posts\/602460","targetHints":{"allow":["GET"]}}],"collection":[{"href":"https:\/\/www.europesays.com\/fr\/wp-json\/wp\/v2\/posts"}],"about":[{"href":"https:\/\/www.europesays.com\/fr\/wp-json\/wp\/v2\/types\/post"}],"author":[{"embeddable":true,"href":"https:\/\/www.europesays.com\/fr\/wp-json\/wp\/v2\/users\/2"}],"replies":[{"embeddable":true,"href":"https:\/\/www.europesays.com\/fr\/wp-json\/wp\/v2\/comments?post=602460"}],"version-history":[{"count":0,"href":"https:\/\/www.europesays.com\/fr\/wp-json\/wp\/v2\/posts\/602460\/revisions"}],"wp:featuredmedia":[{"embeddable":true,"href":"https:\/\/www.europesays.com\/fr\/wp-json\/wp\/v2\/media\/602461"}],"wp:attachment":[{"href":"https:\/\/www.europesays.com\/fr\/wp-json\/wp\/v2\/media?parent=602460"}],"wp:term":[{"taxonomy":"category","embeddable":true,"href":"https:\/\/www.europesays.com\/fr\/wp-json\/wp\/v2\/categories?post=602460"},{"taxonomy":"post_tag","embeddable":true,"href":"https:\/\/www.europesays.com\/fr\/wp-json\/wp\/v2\/tags?post=602460"}],"curies":[{"name":"wp","href":"https:\/\/api.w.org\/{rel}","templated":true}]}}