{"id":602472,"date":"2025-12-16T06:52:11","date_gmt":"2025-12-16T06:52:11","guid":{"rendered":"https:\/\/www.europesays.com\/fr\/602472\/"},"modified":"2025-12-16T06:52:11","modified_gmt":"2025-12-16T06:52:11","slug":"deux-enfants-tues-dans-une-forte-explosion-domestique-dans-le-departement-francais-de-lain","status":"publish","type":"post","link":"https:\/\/www.europesays.com\/fr\/602472\/","title":{"rendered":"Deux enfants tu\u00e9s dans une forte explosion domestique dans le d\u00e9partement fran\u00e7ais de l&rsquo;Ain"},"content":{"rendered":"<p>Deux enfants en bas \u00e2ge sont d\u00e9c\u00e9d\u00e9s lundi soir dans une explosion survenue dans un immeuble d&rsquo;habitation \u00e0 Tr\u00e9voux, dans le d\u00e9partement fran\u00e7ais de l&rsquo;Ain. Le drame a touch\u00e9 au moins une trentaine d&rsquo;autres personnes, bless\u00e9es ou choqu\u00e9es, selon un bilan encore provisoire.<\/p>\n<p>L&rsquo;explosion s&rsquo;est produite vers 17h30 au rez-de-chauss\u00e9e d&rsquo;un b\u00e2timent de quatre \u00e9tages, dans cette ville d&rsquo;environ 7000 habitants situ\u00e9e \u00e0 une vingtaine de kilom\u00e8tres au nord de Lyon. Un p\u00e9rim\u00e8tre de s\u00e9curit\u00e9 a \u00e9t\u00e9 mis en place et la population est invit\u00e9e \u00e0 \u00e9viter le secteur.<\/p>\n<p>Les recherches se poursuivent, a pr\u00e9cis\u00e9 la pr\u00e9fecture du d\u00e9partement, qui appelle la population \u00e0 \u00e9viter le secteur, car \u00ab\u00a0le risque n&rsquo;est pas encore \u00e9cart\u00e9\u00a0\u00bb. D&rsquo;importants moyens humains et mat\u00e9riels ont \u00e9t\u00e9 d\u00e9ploy\u00e9s pour les secours et les investigations. Cinquante pompiers, 36 engins et des secours m\u00e9dicalis\u00e9s sont sur les lieux, a pr\u00e9cis\u00e9 la pr\u00e9fecture dans un communiqu\u00e9. Un poste de commandement a \u00e9t\u00e9 install\u00e9 dans une piscine \u00e0 proximit\u00e9.<\/p>\n<p>Une famille endeuill\u00e9e<\/p>\n<p>Le b\u00e2timent ne s&rsquo;est pas effondr\u00e9, mais sa structure est fragilis\u00e9e et une cinquantaine d&rsquo;habitants ont \u00e9t\u00e9 \u00e9vacu\u00e9s vers un gymnase \u00e0 proximit\u00e9. La d\u00e9flagration a \u00e9t\u00e9 tellement forte que les vitres de deux \u00e9tablissements scolaires \u00e0 proximit\u00e9 se sont bris\u00e9es, a indiqu\u00e9 la pr\u00e9fecture, qui pr\u00e9cise que les responsables n&rsquo;ont pas signal\u00e9 de bless\u00e9s.<\/p>\n<p>\u00ab\u00a0Une personne avec trois enfants \u00e9tait chez elle quand \u00e7a a explos\u00e9, elle ne sait pas pourquoi\u00a0\u00bb, ont expliqu\u00e9 les autorit\u00e9s. \u00ab\u00a0Elle est rescap\u00e9e avec son fils a\u00een\u00e9.\u00a0\u00bb<\/p>\n<p>D\u00e9gag\u00e9s des d\u00e9combres en arr\u00eat cardio-respiratoire, ses deux autres enfants de trois et cinq ans ont \u00e9t\u00e9 d\u00e9clar\u00e9s d\u00e9c\u00e9d\u00e9s peu apr\u00e8s, selon les secours.<\/p>\n<p>Bilan provisoire<\/p>\n<p>Cinq personnes en urgence relative ont \u00e9t\u00e9 transport\u00e9es vers les h\u00f4pitaux de la r\u00e9gion et deux personnes l\u00e9g\u00e8rement bless\u00e9es se sont pr\u00e9sent\u00e9es d&rsquo;elles-m\u00eames \u00e0 l&rsquo;h\u00f4pital, a pr\u00e9cis\u00e9 la pr\u00e9fecture. \u00ab\u00a0Beaucoup d&rsquo;autres personnes sont choqu\u00e9es\u00a0\u00bb, selon la pr\u00e9f\u00e8te. Une cellule d&rsquo;urgence m\u00e9dico-psychologique a \u00e9t\u00e9 activ\u00e9e pour leur venir en aide, a-t-elle ajout\u00e9.<\/p>\n<p>Environ 70 personnes vivaient dans ce b\u00e2timent qui a \u00e9t\u00e9 \u00ab\u00a0souffl\u00e9\u00a0\u00bb, a indiqu\u00e9 le maire de Tr\u00e9voux, qui a activ\u00e9 un \u00ab\u00a0plan communal de sauvegarde\u00a0\u00bb.<\/p>\n<p>Les causes de l&rsquo;explosion restent \u00e0 cette heure ind\u00e9termin\u00e9e. Une camionnette d&rsquo;intervention \u00ab\u00a0urgence gaz\u00a0\u00bb a \u00e9t\u00e9 vue sur les lieux, mais l&rsquo;hypoth\u00e8se d&rsquo;une fuite de gaz n&rsquo;a pas pu \u00eatre corrobor\u00e9e dans l&rsquo;imm\u00e9diat. La pr\u00e9f\u00e8te a indiqu\u00e9 qu&rsquo;une enqu\u00eate a \u00e9t\u00e9 ouverte. Le parquet de Bourg-en-Bresse n&rsquo;\u00e9tait pas joignable dans l&rsquo;imm\u00e9diat.<\/p>\n<p class=\"sources\">ats\/jop<\/p>\n","protected":false},"excerpt":{"rendered":"Deux enfants en bas \u00e2ge sont d\u00e9c\u00e9d\u00e9s lundi soir dans une explosion survenue dans un immeuble d&rsquo;habitation \u00e0&hellip;\n","protected":false},"author":2,"featured_media":602473,"comment_status":"","ping_status":"","sticky":false,"template":"","format":"standard","meta":{"footnotes":""},"categories":[2],"tags":[119,11,2738,2430,36797,36798,847,1719,2688,71513,38031,1011,27,74,12,25,104,71514,17938],"class_list":{"0":"post-602472","1":"post","2":"type-post","3":"status-publish","4":"format-standard","5":"has-post-thumbnail","7":"category-actualites","8":"tag-accident","9":"tag-actualites","10":"tag-ain","11":"tag-auvergne-rhone-alpes","12":"tag-desastres","13":"tag-desastres-et-accidents","14":"tag-enfant","15":"tag-enfants","16":"tag-explosion","17":"tag-explosion-accidentelle","18":"tag-fin-de-vie-et-mort","19":"tag-fr","20":"tag-france","21":"tag-monde","22":"tag-news","23":"tag-republique-francaise","24":"tag-societe","25":"tag-trevoux","26":"tag-valeurs"},"share_on_mastodon":{"url":"https:\/\/pubeurope.com\/@fr\/115727928130774962","error":""},"_links":{"self":[{"href":"https:\/\/www.europesays.com\/fr\/wp-json\/wp\/v2\/posts\/602472","targetHints":{"allow":["GET"]}}],"collection":[{"href":"https:\/\/www.europesays.com\/fr\/wp-json\/wp\/v2\/posts"}],"about":[{"href":"https:\/\/www.europesays.com\/fr\/wp-json\/wp\/v2\/types\/post"}],"author":[{"embeddable":true,"href":"https:\/\/www.europesays.com\/fr\/wp-json\/wp\/v2\/users\/2"}],"replies":[{"embeddable":true,"href":"https:\/\/www.europesays.com\/fr\/wp-json\/wp\/v2\/comments?post=602472"}],"version-history":[{"count":0,"href":"https:\/\/www.europesays.com\/fr\/wp-json\/wp\/v2\/posts\/602472\/revisions"}],"wp:featuredmedia":[{"embeddable":true,"href":"https:\/\/www.europesays.com\/fr\/wp-json\/wp\/v2\/media\/602473"}],"wp:attachment":[{"href":"https:\/\/www.europesays.com\/fr\/wp-json\/wp\/v2\/media?parent=602472"}],"wp:term":[{"taxonomy":"category","embeddable":true,"href":"https:\/\/www.europesays.com\/fr\/wp-json\/wp\/v2\/categories?post=602472"},{"taxonomy":"post_tag","embeddable":true,"href":"https:\/\/www.europesays.com\/fr\/wp-json\/wp\/v2\/tags?post=602472"}],"curies":[{"name":"wp","href":"https:\/\/api.w.org\/{rel}","templated":true}]}}