{"id":602475,"date":"2025-12-16T06:55:11","date_gmt":"2025-12-16T06:55:11","guid":{"rendered":"https:\/\/www.europesays.com\/fr\/602475\/"},"modified":"2025-12-16T06:55:11","modified_gmt":"2025-12-16T06:55:11","slug":"prudence-absolue-pour-le-tours-vb-face-a-saint-nazaire-en-quarts-de-finale","status":"publish","type":"post","link":"https:\/\/www.europesays.com\/fr\/602475\/","title":{"rendered":"prudence absolue pour le Tours VB face \u00e0 Saint-Nazaire en quarts de finale"},"content":{"rendered":"<p><strong>Tours\u00a0&#8211; Saint-Nazaire<\/strong><\/p>\n<p>Voil\u00e0 trois ans que le Tours Volley-Ball attend de pouvoir \u00e0 nouveau soulever la Coupe de France. Ce troph\u00e9e dont il d\u00e9tient le record de titres (onze), et qui, au fil des ann\u00e9es, s\u2019est inscrit dans l\u2019ADN du club.<\/p>\n<p>Bien s\u00fbr, l\u2019heure n\u2019est pas encore venue d\u2019entrevoir la victoire ultime. Mais en voyant Tourcoing et Montpellier d\u00e9j\u00e0 \u00e9limin\u00e9s, on ne peut que se dire que l\u2019institution tourangelle pourrait bien avoir un coup \u00e0 jouer cette saison. Pour peu qu\u2019elle parvienne jusqu\u2019\u00e0 la finale&#8230;. <\/p>\n<p>    Cet article a \u00e9t\u00e9 tronqu\u00e9. Abonnez-vous pour lire l&rsquo;article complet sur notre site.<\/p>\n<p style=\"margin: 0 !important; padding: 0 !important; font-size: 12px !important;\">Cet article a \u00e9t\u00e9 tronqu\u00e9. Abonnez-vous pour lire l&rsquo;article complet.<\/p>\n<p>    <a href=\"https:\/\/www.lanouvellerepublique.fr\/abonnements\" style=\"display: inline-block; margin-top: 5px !important; padding: 6px 12px !important; background: #cb1c27; color: white; text-decoration: none; border-radius: 4px; font-size: 12px !important;\" target=\"_blank\" rel=\"noopener\"><br \/>\n      S&rsquo;abonner<br \/>\n    <\/a><\/p>\n","protected":false},"excerpt":{"rendered":"Tours\u00a0&#8211; Saint-Nazaire Voil\u00e0 trois ans que le Tours Volley-Ball attend de pouvoir \u00e0 nouveau soulever la Coupe de&hellip;\n","protected":false},"author":2,"featured_media":602476,"comment_status":"","ping_status":"","sticky":false,"template":"","format":"standard","meta":{"footnotes":""},"categories":[1417],"tags":[1392,19740,1011,27,1387,60,1390,1471,2767,1470,1469],"class_list":{"0":"post-602475","1":"post","2":"type-post","3":"status-publish","4":"format-standard","5":"has-post-thumbnail","7":"category-volley","8":"tag-a-la-une-local","9":"tag-coupe-de-france-volley","10":"tag-fr","11":"tag-france","12":"tag-indre-et-loire","13":"tag-sports","14":"tag-tours","15":"tag-tours-volley-ball","16":"tag-tvb-37","17":"tag-volley","18":"tag-volleyball"},"share_on_mastodon":{"url":"https:\/\/pubeurope.com\/@fr\/115727939960097163","error":""},"_links":{"self":[{"href":"https:\/\/www.europesays.com\/fr\/wp-json\/wp\/v2\/posts\/602475","targetHints":{"allow":["GET"]}}],"collection":[{"href":"https:\/\/www.europesays.com\/fr\/wp-json\/wp\/v2\/posts"}],"about":[{"href":"https:\/\/www.europesays.com\/fr\/wp-json\/wp\/v2\/types\/post"}],"author":[{"embeddable":true,"href":"https:\/\/www.europesays.com\/fr\/wp-json\/wp\/v2\/users\/2"}],"replies":[{"embeddable":true,"href":"https:\/\/www.europesays.com\/fr\/wp-json\/wp\/v2\/comments?post=602475"}],"version-history":[{"count":0,"href":"https:\/\/www.europesays.com\/fr\/wp-json\/wp\/v2\/posts\/602475\/revisions"}],"wp:featuredmedia":[{"embeddable":true,"href":"https:\/\/www.europesays.com\/fr\/wp-json\/wp\/v2\/media\/602476"}],"wp:attachment":[{"href":"https:\/\/www.europesays.com\/fr\/wp-json\/wp\/v2\/media?parent=602475"}],"wp:term":[{"taxonomy":"category","embeddable":true,"href":"https:\/\/www.europesays.com\/fr\/wp-json\/wp\/v2\/categories?post=602475"},{"taxonomy":"post_tag","embeddable":true,"href":"https:\/\/www.europesays.com\/fr\/wp-json\/wp\/v2\/tags?post=602475"}],"curies":[{"name":"wp","href":"https:\/\/api.w.org\/{rel}","templated":true}]}}