{"id":602479,"date":"2025-12-16T06:57:13","date_gmt":"2025-12-16T06:57:13","guid":{"rendered":"https:\/\/www.europesays.com\/fr\/602479\/"},"modified":"2025-12-16T06:57:13","modified_gmt":"2025-12-16T06:57:13","slug":"eugenie-bouchard-et-son-frere-sejournent-dans-une-suite-a-plusieurs-milliers-de-dollars-la-nuit","status":"publish","type":"post","link":"https:\/\/www.europesays.com\/fr\/602479\/","title":{"rendered":"Eug\u00e9nie Bouchard et son fr\u00e8re s\u00e9journent dans une suite \u00e0 plusieurs milliers de dollars la nuit"},"content":{"rendered":"<p>    En voyage sur les \u00celes vierges britanniques<\/p>\n<p>Pour les curieux, sachez que les deux Bouchard sont en visite \u00e0 Spanish Town, une ville situ\u00e9e sur les \u00celes Vierges britanniques.<\/p>\n<p>Ils s\u00e9journaient \u00e0 l\u2019h\u00f4tel luxueux (et tr\u00e8s dispendieux) <a href=\"https:\/\/www.rosewoodhotels.com\/en\/little-dix-bay-virgin-gorda\" target=\"_blank\" rel=\"noopener\">Rosewood Little Dix Bay<\/a>, un complexe situ\u00e9 \u00e0 <b>Virgin Gorda<\/b>.<\/p>\n<p>C&rsquo;est un refuge isol\u00e9 et raffin\u00e9 qui allie \u00e9l\u00e9gance carib\u00e9enne, isolement et beaut\u00e9 naturelle sur l&rsquo;une des plus belles plages de sable blanc des Cara\u00efbes.<\/p>\n<p>Il propose des h\u00e9bergements de luxe, tous avec<b> vue sur l&rsquo;oc\u00e9an<\/b>. Bref, un endroit r\u00eav\u00e9 pour d\u00e9compresser en famille et s\u2019amuser.<\/p>\n","protected":false},"excerpt":{"rendered":"En voyage sur les \u00celes vierges britanniques Pour les curieux, sachez que les deux Bouchard sont en visite&hellip;\n","protected":false},"author":2,"featured_media":602480,"comment_status":"","ping_status":"","sticky":false,"template":"","format":"standard","meta":{"footnotes":""},"categories":[1415],"tags":[42501,652,1011,27,22101,60,1467,44719],"class_list":{"0":"post-602479","1":"post","2":"type-post","3":"status-publish","4":"format-standard","5":"has-post-thumbnail","7":"category-tennis","8":"tag-eugenie-bouchard","9":"tag-famille","10":"tag-fr","11":"tag-france","12":"tag-frere","13":"tag-sports","14":"tag-tennis","15":"tag-vacances-en-famille"},"share_on_mastodon":{"url":"https:\/\/pubeurope.com\/@fr\/115727947709049983","error":""},"_links":{"self":[{"href":"https:\/\/www.europesays.com\/fr\/wp-json\/wp\/v2\/posts\/602479","targetHints":{"allow":["GET"]}}],"collection":[{"href":"https:\/\/www.europesays.com\/fr\/wp-json\/wp\/v2\/posts"}],"about":[{"href":"https:\/\/www.europesays.com\/fr\/wp-json\/wp\/v2\/types\/post"}],"author":[{"embeddable":true,"href":"https:\/\/www.europesays.com\/fr\/wp-json\/wp\/v2\/users\/2"}],"replies":[{"embeddable":true,"href":"https:\/\/www.europesays.com\/fr\/wp-json\/wp\/v2\/comments?post=602479"}],"version-history":[{"count":0,"href":"https:\/\/www.europesays.com\/fr\/wp-json\/wp\/v2\/posts\/602479\/revisions"}],"wp:featuredmedia":[{"embeddable":true,"href":"https:\/\/www.europesays.com\/fr\/wp-json\/wp\/v2\/media\/602480"}],"wp:attachment":[{"href":"https:\/\/www.europesays.com\/fr\/wp-json\/wp\/v2\/media?parent=602479"}],"wp:term":[{"taxonomy":"category","embeddable":true,"href":"https:\/\/www.europesays.com\/fr\/wp-json\/wp\/v2\/categories?post=602479"},{"taxonomy":"post_tag","embeddable":true,"href":"https:\/\/www.europesays.com\/fr\/wp-json\/wp\/v2\/tags?post=602479"}],"curies":[{"name":"wp","href":"https:\/\/api.w.org\/{rel}","templated":true}]}}