{"id":602481,"date":"2025-12-16T07:01:21","date_gmt":"2025-12-16T07:01:21","guid":{"rendered":"https:\/\/www.europesays.com\/fr\/602481\/"},"modified":"2025-12-16T07:01:21","modified_gmt":"2025-12-16T07:01:21","slug":"pogacar-tres-attendu-en-suisse-sports","status":"publish","type":"post","link":"https:\/\/www.europesays.com\/fr\/602481\/","title":{"rendered":"Pogacar tr\u00e8s attendu en Suisse : Sports"},"content":{"rendered":"<p class=\"date\">\n                                                            Marie Mah\u00e9, Media365 : publi\u00e9 le lundi 15 d\u00e9cembre 2025 \u00e0 17h40\n                                                    <\/p>\n<p>En 2026, le Slov\u00e8ne Tadej Pogacar a bien l&rsquo;intention de participer aux Tours de Romandie et de Suisse. Une venue tr\u00e8s attendue dans le pays.<\/p>\n<p>La Suisse l&rsquo;attend avec impatience. <a href=\"https:\/\/sports.orange.fr\/cyclisme\/article\/uae-team-emirates-xrg-pogacar-un-programme-2026-a-nouveau-riche-et-ambitieux-CNT000002maHki.html\" target=\"_blank\" rel=\"noopener\">En 2026<\/a>, le Slov\u00e8ne Tadej Pogacar, pensionnaire de <a href=\"https:\/\/sports.orange.fr\/cyclisme\/article\/cosnefroy-je-vais-avoir-beaucoup-de-courses-cette-annee-CNT000002mbaG2.html\" target=\"_blank\" rel=\"noopener\">l&rsquo;\u00e9quipe cycliste \u00e9miratie UAE Team Emirates &#8211; XRG<\/a>, sera notamment pr\u00e9sent aux Tour de Romandie et de Suisse. Une venue vue d&rsquo;un tr\u00e8s bon \u0153il localement. En effet, certains y voient notamment la possibilit\u00e9 d&rsquo;attirer des sponsors, indispensables \u00e0 la survie de ce genre de courses cyclistes. Le natif de Ljubljana a d\u00e9but\u00e9 sa carri\u00e8re professionnelle en 2019.<\/p>\n<p>Depuis, le Slov\u00e8ne s&rsquo;est construit un palmar\u00e8s plus qu&rsquo;impressionnant. Notamment sur les Grands Tours. Pour sa premi\u00e8re participation au Tour de France, en 2020, Tadej Pogacar avait \u00e9t\u00e9 sacr\u00e9, avant de r\u00e9cidiver en 2021, en 2024 puis en 2025. Egalement pr\u00e9sent sur la Grande Boucle en 2022 et en 2023, le coureur avait termin\u00e9, \u00e0 chaque fois, deuxi\u00e8me, derri\u00e8re le Danois Jonas Vingegaard. Tout en ayant \u00e9galement glan\u00e9 pas moins de 21 \u00e9tapes.<\/p>\n<p>Pogacar est d\u00e9j\u00e0 venu en Suisse<\/p>\n<p>Avant de d\u00e9couvrir la plus prestigieuse course du monde, Pogacar s&rsquo;\u00e9tait essay\u00e9, en 2019, \u00e0 la Vuelta. Avec succ\u00e8s \u00e9galement, puisqu&rsquo;il avait m\u00eame termin\u00e9 \u00e0 la troisi\u00e8me place du classement g\u00e9n\u00e9ral, soit son moins bon r\u00e9sultat en Grand Tour, avec aussi trois victoires d&rsquo;\u00e9tapes \u00e0 la cl\u00e9. Enfin, en 2024, le Slov\u00e8ne avait ensuite d\u00e9couvert le Giro, qu&rsquo;il avait remport\u00e9 ainsi que six \u00e9tapes.<\/p>\n<p>Sur les Tours moins longs, Tadej Pogacar a \u00e9galement eu l&rsquo;occasion de triompher plus d&rsquo;une fois, sur Paris Nice, Tirreno-Adriatico, le Tour de Catalogne, le Tour du Pays basque ou bien encore le Crit\u00e9rium du Dauphin\u00e9. Le Slov\u00e8ne a donc d\u00e9j\u00e0 gagn\u00e9 sur huit des dix plus grandes courses par \u00e9tapes du calendrier WorldTour. Il ne manque donc d\u00e9sormais plus que les Tours de Romandie et de Suisse. L&rsquo;ann\u00e9e prochaine, le Slov\u00e8ne, qui a d\u00e9j\u00e0 couru en Suisse mais sur d&rsquo;autres \u00e9preuves, sera donc, a priori, bel et bien au rendez-vous. Histoire d&rsquo;\u00e9toffer encore un peu plus son immense palmar\u00e8s.<\/p>\n","protected":false},"excerpt":{"rendered":"Marie Mah\u00e9, Media365 : publi\u00e9 le lundi 15 d\u00e9cembre 2025 \u00e0 17h40 En 2026, le Slov\u00e8ne Tadej Pogacar&hellip;\n","protected":false},"author":2,"featured_media":602482,"comment_status":"","ping_status":"","sticky":false,"template":"","format":"standard","meta":{"footnotes":""},"categories":[1411],"tags":[1154,207,1011,27,60],"class_list":{"0":"post-602481","1":"post","2":"type-post","3":"status-publish","4":"format-standard","5":"has-post-thumbnail","7":"category-cyclisme","8":"tag-cycling","9":"tag-cyclisme","10":"tag-fr","11":"tag-france","12":"tag-sports"},"share_on_mastodon":{"url":"https:\/\/pubeurope.com\/@fr\/115727963669228885","error":""},"_links":{"self":[{"href":"https:\/\/www.europesays.com\/fr\/wp-json\/wp\/v2\/posts\/602481","targetHints":{"allow":["GET"]}}],"collection":[{"href":"https:\/\/www.europesays.com\/fr\/wp-json\/wp\/v2\/posts"}],"about":[{"href":"https:\/\/www.europesays.com\/fr\/wp-json\/wp\/v2\/types\/post"}],"author":[{"embeddable":true,"href":"https:\/\/www.europesays.com\/fr\/wp-json\/wp\/v2\/users\/2"}],"replies":[{"embeddable":true,"href":"https:\/\/www.europesays.com\/fr\/wp-json\/wp\/v2\/comments?post=602481"}],"version-history":[{"count":0,"href":"https:\/\/www.europesays.com\/fr\/wp-json\/wp\/v2\/posts\/602481\/revisions"}],"wp:featuredmedia":[{"embeddable":true,"href":"https:\/\/www.europesays.com\/fr\/wp-json\/wp\/v2\/media\/602482"}],"wp:attachment":[{"href":"https:\/\/www.europesays.com\/fr\/wp-json\/wp\/v2\/media?parent=602481"}],"wp:term":[{"taxonomy":"category","embeddable":true,"href":"https:\/\/www.europesays.com\/fr\/wp-json\/wp\/v2\/categories?post=602481"},{"taxonomy":"post_tag","embeddable":true,"href":"https:\/\/www.europesays.com\/fr\/wp-json\/wp\/v2\/tags?post=602481"}],"curies":[{"name":"wp","href":"https:\/\/api.w.org\/{rel}","templated":true}]}}