{"id":602485,"date":"2025-12-16T07:03:14","date_gmt":"2025-12-16T07:03:14","guid":{"rendered":"https:\/\/www.europesays.com\/fr\/602485\/"},"modified":"2025-12-16T07:03:14","modified_gmt":"2025-12-16T07:03:14","slug":"je-vais-me-barrer-il-y-a-pleins-de-fois-ou-je-me-suis-tue-virginie-efira-evoque-comme-jamais-auparavant-sa-vie-privee","status":"publish","type":"post","link":"https:\/\/www.europesays.com\/fr\/602485\/","title":{"rendered":"\u00ab\u00a0Je vais me barrer\u00a0\u00bb, \u00ab\u00a0Il y a pleins de fois o\u00f9 je me suis tue\u00a0\u00bb, Virginie Efira \u00e9voque comme jamais auparavant sa vie priv\u00e9e"},"content":{"rendered":"<p>Le sexisme du quotidien, souvent invisible, parfois banalis\u00e9, sera bient\u00f4t au c\u0153ur d\u2019un documentaire diffus\u00e9 sur France T\u00e9l\u00e9visions. \u00c0 travers un montage puissant m\u00ealant archives personnelles et historiques, extraits d\u2019\u00e9missions anciennes et vid\u00e9os issues des r\u00e9seaux sociaux, le film donne la parole aux femmes et retrace des exp\u00e9riences largement partag\u00e9es. Des r\u00e9cits faits de pr\u00e9jug\u00e9s persistants, de st\u00e9r\u00e9otypes ancr\u00e9s, mais aussi de prises de conscience, d\u2019\u00e9mancipation et de fiert\u00e9.<\/p>\n<p>Dans ce documentaire, plusieurs personnalit\u00e9s sont invit\u00e9es \u00e0 r\u00e9agir \u00e0 des images marquantes. Parmi elles, <strong><a href=\"https:\/\/www.public.fr\/tag\/virginie-efira\" target=\"_blank\" rel=\"noopener\">Virginie Efira<\/a><\/strong>, actrice incontournable du cin\u00e9ma fran\u00e7ais, connue pour son franc-parler et son regard lucide sur les rapports humains. Face \u00e0 certaines s\u00e9quences, elle livre une analyse \u00e0 la fois intime et politique du sexisme au sein du couple, mettant en lumi\u00e8re des m\u00e9canismes souvent int\u00e9rioris\u00e9s, y compris par celles qui les subissent.<\/p>\n<p>Une archive de 1979 qui r\u00e9sonne encore aujourd\u2019hui<\/p>\n<p>Parmi les images soumises \u00e0 la r\u00e9flexion de l\u2019actrice, une <strong>archive datant de 1979<\/strong> frappe par sa brutalit\u00e9 ordinaire. On y voit un couple se disputer : l\u2019homme, visiblement d\u00e9sorganis\u00e9, demande \u00e0 sa femme de lui trouver une chemise alors qu\u2019il doit se pr\u00e9parer pour un rendez-vous jug\u00e9 important. D\u00e9sempar\u00e9, il exige son aide et pr\u00e9cise qu\u2019avant leur mariage, <strong>c\u2019\u00e9tait sa m\u00e8re qui s\u2019occupait de ses affaires<\/strong>.<\/p>\n<p>Une sc\u00e8ne qui, malgr\u00e9 son anciennet\u00e9, semble tristement famili\u00e8re. Ce qui choque n\u2019est pas seulement la demande en elle-m\u00eame, mais l\u2019\u00e9vidence avec laquelle l\u2019homme estime que cette t\u00e2che incombe \u00e0 sa femme. Une r\u00e9partition des r\u00f4les genr\u00e9e, h\u00e9rit\u00e9e, presque inconsciente, et pourtant lourde de sens.<\/p>\n<p>L&rsquo;avis de Virginie Efira <\/p>\n<p>Virginie Efira ne se contente pas de commenter l\u2019image : <a href=\"https:\/\/www.public.fr\/virginie-efira-soutient-les-gilets-jaunes-en-plein-jt-de-france-2-et-anticipe-les-critiques-on-peut-avoir-un-engagement-qui-depasse-sa-condition\" target=\"_blank\" rel=\"noopener\">elle la relie \u00e0 son propre v\u00e9cu<\/a>. Elle souligne combien, face \u00e0 ce type de situation, le r\u00e9flexe est souvent le <strong>silence<\/strong>, l\u2019\u00e9vitement, plut\u00f4t que la confrontation.<\/p>\n<p>\u00ab\u00a0Ce qu\u2019elle fait est inhabituel. Habituellement, on a tendance \u00e0 faire autre chose, m\u00eame moi je l\u2019ai fait, c\u2019est se taire et se dire dans sa t\u00eate se dire : \u00ab\u00a0Je vais me barrer&#8230;\u00a0\u00bb. Mais ne pas oser s\u2019opposer, je l\u2019ai fait beaucoup. Il y a beaucoup de fois o\u00f9 je me suis tue\u00a0\u00bb, confie-t-elle.<\/p>\n<p>\u00c0 travers ces mots, l\u2019actrice met en lumi\u00e8re une r\u00e9alit\u00e9 partag\u00e9e par de nombreuses femmes : <strong>l\u2019autocensure<\/strong>, le fait de taire son inconfort pour pr\u00e9server la paix, au prix de son propre bien-\u00eatre. Elle compare ensuite le mariage et plus largement le couple \u00e0 une structure de pouvoir : \u00ab\u00a0On se demande souvent ce que c\u2019est le mariage. C\u2019est une petite organisation politique. Ce n\u2019est pas toujours une d\u00e9mocratie. Cela peut-\u00eatre une bonne dictature\u00a0\u00bb. <\/p>\n<p>Elle \u00e9voque ensuite un paradoxe commun : se croire libre, se vanter de son ind\u00e9pendance, tout en se retrouvant enferm\u00e9e dans un sch\u00e9ma contraignant. \u00ab\u00a0Tu t\u2019es m\u00eame peut-\u00eatre vue vanter ta libert\u00e9 et te retrouver \u00e0 l\u2019int\u00e9rieur de quelque chose comme \u00e7a, et accepter la dictature ambiante. Et penser les choses et ne jamais les dire\u00a0\u00bb. Et de conclure : \u00ab\u00a0Est-ce que cela a \u00e9volu\u00e9 aujourd&rsquo;hui\u00a0? Certainement un peu, mais pas suffisamment&#8230;.\u00a0\u00bb.<\/p>\n<p>\n          Hits &amp; People en continu\n        <\/p>\n<p>\n          Public Radio\n        <\/p>\n<p>      Mentionn\u00e9s dans cet article<\/p>\n<p>      Sur le m\u00eame sujet<\/p>\n","protected":false},"excerpt":{"rendered":"Le sexisme du quotidien, souvent invisible, parfois banalis\u00e9, sera bient\u00f4t au c\u0153ur d\u2019un documentaire diffus\u00e9 sur France T\u00e9l\u00e9visions.&hellip;\n","protected":false},"author":2,"featured_media":602486,"comment_status":"","ping_status":"","sticky":false,"template":"","format":"standard","meta":{"footnotes":""},"categories":[1359],"tags":[58,59,1011,27,2400,2173,973,13453],"class_list":{"0":"post-602485","1":"post","2":"type-post","3":"status-publish","4":"format-standard","5":"has-post-thumbnail","7":"category-people","8":"tag-divertissement","9":"tag-entertainment","10":"tag-fr","11":"tag-france","12":"tag-france-televisions","13":"tag-interview","14":"tag-people","15":"tag-virginie-efira"},"share_on_mastodon":{"url":"https:\/\/pubeurope.com\/@fr\/115727971361874243","error":""},"_links":{"self":[{"href":"https:\/\/www.europesays.com\/fr\/wp-json\/wp\/v2\/posts\/602485","targetHints":{"allow":["GET"]}}],"collection":[{"href":"https:\/\/www.europesays.com\/fr\/wp-json\/wp\/v2\/posts"}],"about":[{"href":"https:\/\/www.europesays.com\/fr\/wp-json\/wp\/v2\/types\/post"}],"author":[{"embeddable":true,"href":"https:\/\/www.europesays.com\/fr\/wp-json\/wp\/v2\/users\/2"}],"replies":[{"embeddable":true,"href":"https:\/\/www.europesays.com\/fr\/wp-json\/wp\/v2\/comments?post=602485"}],"version-history":[{"count":0,"href":"https:\/\/www.europesays.com\/fr\/wp-json\/wp\/v2\/posts\/602485\/revisions"}],"wp:featuredmedia":[{"embeddable":true,"href":"https:\/\/www.europesays.com\/fr\/wp-json\/wp\/v2\/media\/602486"}],"wp:attachment":[{"href":"https:\/\/www.europesays.com\/fr\/wp-json\/wp\/v2\/media?parent=602485"}],"wp:term":[{"taxonomy":"category","embeddable":true,"href":"https:\/\/www.europesays.com\/fr\/wp-json\/wp\/v2\/categories?post=602485"},{"taxonomy":"post_tag","embeddable":true,"href":"https:\/\/www.europesays.com\/fr\/wp-json\/wp\/v2\/tags?post=602485"}],"curies":[{"name":"wp","href":"https:\/\/api.w.org\/{rel}","templated":true}]}}