{"id":602487,"date":"2025-12-16T07:04:33","date_gmt":"2025-12-16T07:04:33","guid":{"rendered":"https:\/\/www.europesays.com\/fr\/602487\/"},"modified":"2025-12-16T07:04:33","modified_gmt":"2025-12-16T07:04:33","slug":"valerie-michallet-ferrier-sublime-le-papier-grace-a-une-technique-de-collage-unique-et-poetique","status":"publish","type":"post","link":"https:\/\/www.europesays.com\/fr\/602487\/","title":{"rendered":"Val\u00e9rie Michallet-Ferrier sublime le papier gr\u00e2ce \u00e0 une technique de collage unique et po\u00e9tique"},"content":{"rendered":"<p>\n                                                                    l&rsquo;essentiel<br \/>\n                                                                Form\u00e9e \u00e0 l\u2019\u00e9cole Boulle, Val\u00e9rie Michallet-Ferrier transforme le papier en \u0153uvres chatoyantes gr\u00e2ce \u00e0 un proc\u00e9d\u00e9 de collage et de vernissage inspir\u00e9 de Venise, entre rigueur technique et po\u00e9sie contemporaine.\n                            <\/p>\n<p>Val\u00e9rie Michallet-Ferrier transforme des fragments de papier en \u0153uvres d\u2019art aux surfaces chatoyantes. Form\u00e9e \u00e0 l\u2019\u00e9cole Boulle et forte d\u2019une exp\u00e9rience en architecture d\u2019int\u00e9rieur et en sc\u00e9nographie, cette artiste collagiste a d\u00e9velopp\u00e9 une m\u00e9thode unique qui sublime le papier.<\/p>\n<p>Tout commence par une phase de collecte minutieuse. Pages de magazines, extraits de livres anciens, affiches urbaines sont s\u00e9lectionn\u00e9s selon leur charge visuelle ou \u00e9motionnelle. Ces fragments sont ensuite archiv\u00e9s par teintes, formes et textures, constituant une v\u00e9ritable biblioth\u00e8que de mati\u00e8res premi\u00e8res.<\/p>\n<p>La composition s\u2019\u00e9labore par superposition de plaques de verre qui maintiennent chaque \u00e9l\u00e9ment en place. Cette technique permet d\u2019ajuster la cr\u00e9ation progressivement, de d\u00e9placer un \u00e9l\u00e9ment, d\u2019en ajouter d\u2019autres. \u00ab\u00a0Je laisse aussi cette part de libert\u00e9 au hasard\u00a0\u00bb, confie l\u2019artiste, \u00e9voquant ces \u00ab\u00a0accidents heureux\u00a0\u00bb qui enrichissent parfois le r\u00e9sultat final.<\/p>\n<p>Le r\u00e9sultat photographi\u00e9, le v\u00e9ritable travail de collage d\u00e9bute. Chaque morceau est encoll\u00e9 et positionn\u00e9 avec pr\u00e9cision, puis l\u2019ensemble doit s\u00e9cher longuement.<\/p>\n<p>L\u2019inspiration v\u00e9nitienne<\/p>\n<p>C\u2019est l\u2019\u00e9tape du vernissage qui distingue v\u00e9ritablement le travail de Val\u00e9rie Michallet-Ferrier. Son approche, inspir\u00e9e par un reportage sur les vaporetti v\u00e9nitiens, reproduit le traitement appliqu\u00e9 aux coques de ces bateaux en bois.<\/p>\n<p>Le protocole est exigeant\u00a0: une premi\u00e8re couche \u00e9paisse, suivie d\u2019un pon\u00e7age m\u00e9ticuleux et d\u2019un rin\u00e7age. Puis viennent entre douze et dix-huit couches de vernis ultrafines, appliqu\u00e9es patiemment. Une derni\u00e8re couche de vernis marin vient sceller l\u2019\u0153uvre et pr\u00e9server l\u2019intensit\u00e9 des couleurs dans le temps.<\/p>\n<p>Un univers po\u00e9tique ancr\u00e9 dans le territoire<\/p>\n<p>L\u2019artiste explore des th\u00e9matiques universelles \u2014 f\u00e9minit\u00e9, libert\u00e9, identit\u00e9 \u2014 tout en gardant un lien profond avec le paysage gersois. Ses compositions, o\u00f9 se m\u00ealent douceur et tension, invitent \u00e0 un regard introspectif sur le monde contemporain.<\/p>\n<p>Les \u0153uvres, pr\u00e9sent\u00e9es dans des cadres chin\u00e9s ou r\u00e9alis\u00e9s sur mesure \u00e0 Toulouse, sont expos\u00e9es au 40, rue Nationale, du mercredi au samedi, de 10\u00a0h\u00a000 \u00e0 15\u00a0h\u00a030, jusqu\u2019\u00e0 la fin janvier.<\/p>\n","protected":false},"excerpt":{"rendered":"l&rsquo;essentiel Form\u00e9e \u00e0 l\u2019\u00e9cole Boulle, Val\u00e9rie Michallet-Ferrier transforme le papier en \u0153uvres chatoyantes gr\u00e2ce \u00e0 un proc\u00e9d\u00e9 de&hellip;\n","protected":false},"author":2,"featured_media":602488,"comment_status":"","ping_status":"","sticky":false,"template":"","format":"standard","meta":{"footnotes":""},"categories":[1358],"tags":[1348,1384,1385,872,1386,58,59,1349,1011,27,11328,71515],"class_list":{"0":"post-602487","1":"post","2":"type-post","3":"status-publish","4":"format-standard","5":"has-post-thumbnail","7":"category-arts-et-design","8":"tag-arts","9":"tag-arts-and-design","10":"tag-arts-et-design","11":"tag-culture-et-loisirs","12":"tag-design","13":"tag-divertissement","14":"tag-entertainment","15":"tag-expositions","16":"tag-fr","17":"tag-france","18":"tag-gers","19":"tag-lectoure"},"share_on_mastodon":{"url":"https:\/\/pubeurope.com\/@fr\/115727975242104852","error":""},"_links":{"self":[{"href":"https:\/\/www.europesays.com\/fr\/wp-json\/wp\/v2\/posts\/602487","targetHints":{"allow":["GET"]}}],"collection":[{"href":"https:\/\/www.europesays.com\/fr\/wp-json\/wp\/v2\/posts"}],"about":[{"href":"https:\/\/www.europesays.com\/fr\/wp-json\/wp\/v2\/types\/post"}],"author":[{"embeddable":true,"href":"https:\/\/www.europesays.com\/fr\/wp-json\/wp\/v2\/users\/2"}],"replies":[{"embeddable":true,"href":"https:\/\/www.europesays.com\/fr\/wp-json\/wp\/v2\/comments?post=602487"}],"version-history":[{"count":0,"href":"https:\/\/www.europesays.com\/fr\/wp-json\/wp\/v2\/posts\/602487\/revisions"}],"wp:featuredmedia":[{"embeddable":true,"href":"https:\/\/www.europesays.com\/fr\/wp-json\/wp\/v2\/media\/602488"}],"wp:attachment":[{"href":"https:\/\/www.europesays.com\/fr\/wp-json\/wp\/v2\/media?parent=602487"}],"wp:term":[{"taxonomy":"category","embeddable":true,"href":"https:\/\/www.europesays.com\/fr\/wp-json\/wp\/v2\/categories?post=602487"},{"taxonomy":"post_tag","embeddable":true,"href":"https:\/\/www.europesays.com\/fr\/wp-json\/wp\/v2\/tags?post=602487"}],"curies":[{"name":"wp","href":"https:\/\/api.w.org\/{rel}","templated":true}]}}