{"id":602489,"date":"2025-12-16T07:06:12","date_gmt":"2025-12-16T07:06:12","guid":{"rendered":"https:\/\/www.europesays.com\/fr\/602489\/"},"modified":"2025-12-16T07:06:12","modified_gmt":"2025-12-16T07:06:12","slug":"quest-ce-que-tu-fous-pascal-praud-clashe-par-william-leymergie-dans-les-grandes-largeurs","status":"publish","type":"post","link":"https:\/\/www.europesays.com\/fr\/602489\/","title":{"rendered":"\u201cQu\u2019est-ce-que tu fous ?\u201d : Pascal Praud clash\u00e9 par William Leymergie dans les grandes largeurs"},"content":{"rendered":"<p class=\"p1\">William Leymergie est un visage embl\u00e9matique de<br \/>\nFrance 2. Durant plus de 30 ans, il a ainsi pr\u00e9sent\u00e9 la matinale<br \/>\nd\u2019information <strong>T\u00e9l\u00e9matin<\/strong>. S\u2019il a depuis quitt\u00e9 la<br \/>\ncha\u00eene, il y est retourn\u00e9 le temps d\u2019une \u00e9mission, le samedi 15<br \/>\nnovembre dernier. En effet, le journaliste \u00e9tait invit\u00e9 dans<br \/>\nl\u2019\u00e9mission <strong>Quelle \u00e9poque !<\/strong>, anim\u00e9e par L\u00e9a<br \/>\nSalam\u00e9.<\/p>\n<p class=\"p1\">Durant toute la soir\u00e9e, <a href=\"https:\/\/www.telestar.fr\/actu_tv\/quelle-epoque-lea-salame-frappe-fort-william-leymergie-finit-en-larmes-1745588\" target=\"_blank\" rel=\"noopener\">William Leymergie est revenu avec<br \/>\n\u00e9motion sur sa carri\u00e8re<\/a>. Il s\u2019est ensuite pr\u00eat\u00e9 au jeu de<br \/>\nl\u2019interview Photocall. Le concept est simple, il s\u2019agit de<br \/>\n<strong>poser une question \u00e0 une personnalit\u00e9<\/strong> apparaissant<br \/>\n\u00e0 l\u2019\u00e9cran. Apr\u00e8s Damien Th\u00e9venot, Doroth\u00e9e ou encore Jacques<br \/>\nDutronc, il s\u2019est retrouv\u00e9 face au visage de Pascal Praud.<\/p>\n<p>Le rythme de travail de Pascal Praud pose<br \/>\nquestion<\/p>\n<p class=\"p1\">En d\u00e9couvrant <strong>le visage de Pascal<br \/>\nPraud<\/strong>, William Leymergie a longuement r\u00e9fl\u00e9chi \u00e0 la<br \/>\nquestion qu\u2019il pourrait lui poser. \u201cAlors Pascal\u2026 Je sais que<br \/>\ntu travailles, tu ne fais que trois \u00e9missions en direct par jour \u00e0<br \/>\nla radio et \u00e0 la t\u00e9l\u00e9. Qu\u2019est-ce que tu fous le week-end ? Tu dois<br \/>\nt\u2019ennuyer ?\u201d, a-t-il demand\u00e9 avec humour.<\/p>\n<p class=\"p1\">La question de l\u2019ancien animateur de T\u00e9l\u00e9matin n\u2019est<br \/>\npas si surprenante. En effet, Pascal Praud est connu pour avoir<br \/>\n<strong>un rythme de travail intense<\/strong>. Chaque jour, il<br \/>\nanime <strong>Pascal Praud et vous<\/strong> sur Europe 1 en milieu<br \/>\nde journ\u00e9e et <strong>L\u2019Heure des Pros<\/strong> sur CNews matin et<br \/>\nsoir. Un rythme qu\u2019il arrive \u00e0 maintenir alors qu\u2019<a href=\"https:\/\/www.closermag.fr\/people\/pascal-praud-fait-une-precision-forte-sur-son-salaire-la-realite-3604386\" target=\"_blank\" rel=\"noopener\">il<br \/>\naurait refus\u00e9 un contrat \u00e0 un million d\u2019euros<\/a> par an pour<br \/>\nrejoindre BFMTV.<\/p>\n<blockquote class=\"twitter-tweet\"><p><a class=\"twitter-link\" rel=\"noindex, nofollow noopener\" href=\"https:\/\/twitter.com\/QuelleEpoqueOff\/status\/1989840067808944524\" target=\"_blank\"><\/p><\/blockquote>\n<p>William Leymergie s\u2019adresse avec<br \/>\nhumour \u00e0 Sophie Davant<\/p>\n<p class=\"p1\">Apr\u00e8s avoir pos\u00e9 sa question \u00e0 Pascal Praud, William<br \/>\nLeymergie a d\u00e9couvert <strong>un dernier visage<\/strong> : celui de<br \/>\nsa compagne, <strong>Sophie Davant.<\/strong> \u201cEst-ce que tu<br \/>\nveux m\u2019\u00e9pouser ?\u201d, a-t-il alors lanc\u00e9. L\u2019homme de 78 ans a<br \/>\nensuite expliqu\u00e9 : \u201cCe sont des blagues qu\u2019on se fait sans<br \/>\narr\u00eat, elle et moi. On rigole beaucoup de \u00e7a parce que beaucoup de<br \/>\ngens, quand ils nous croisent, nous posent cette<br \/>\nquestion\u201d.<\/p>\n<p class=\"p1\">Finalement, <a href=\"https:\/\/www.closermag.fr\/people\/absent-ravage-devaste-la-mort-brutale-de-son-epouse-maryline-le-drame-de-la-vie-de-william-leymergie-3594205\" target=\"_blank\" rel=\"noopener\"><br \/>\ncelui qui a perdu la m\u00e8re de ses enfants<\/a> en 2020 a demand\u00e9 \u00e0<br \/>\nL\u00e9a Salam\u00e9 si l\u2019\u00e9mission allait finir tard. Une fois l\u2019information<br \/>\nconfirm\u00e9e, il a lanc\u00e9 \u00e0 Sophie Davant, probablement devant sa<br \/>\nt\u00e9l\u00e9vision : \u201cL\u2019\u00e9mission se termine tard donc c\u2019est toi qui<br \/>\nsors le chien !\u201d. Le couple se partage effectivement<br \/>\n<strong>les sorties de Raoul<\/strong>, un bichon havanais noir<br \/>\nappartenant \u00e0 l\u2019animatrice. Le petit chien est d\u2019ailleurs un<br \/>\nv\u00e9ritable sujet de discorde en raison de son \u00e9ducation, jug\u00e9e<br \/>\nmauvaise par William Leymergie.<\/p>\n<p><script async src=\"https:\/\/platform.twitter.com\/widgets.js\" charset=\"utf-8\"><\/script><\/p>\n","protected":false},"excerpt":{"rendered":"William Leymergie est un visage embl\u00e9matique de France 2. Durant plus de 30 ans, il a ainsi pr\u00e9sent\u00e9&hellip;\n","protected":false},"author":2,"featured_media":602490,"comment_status":"","ping_status":"","sticky":false,"template":"","format":"standard","meta":{"footnotes":""},"categories":[1356],"tags":[21303,58,59,1011,27,70202,10160,4495,252,1364,32400],"class_list":{"0":"post-602489","1":"post","2":"type-post","3":"status-publish","4":"format-standard","5":"has-post-thumbnail","7":"category-television","8":"tag-buzz_nonli","9":"tag-divertissement","10":"tag-entertainment","11":"tag-fr","12":"tag-france","13":"tag-marfeel_connexes","14":"tag-pascal-praud","15":"tag-quelle-epoque","16":"tag-television","17":"tag-tv","18":"tag-william-leymergie"},"share_on_mastodon":{"url":"https:\/\/pubeurope.com\/@fr\/115727983506690574","error":""},"_links":{"self":[{"href":"https:\/\/www.europesays.com\/fr\/wp-json\/wp\/v2\/posts\/602489","targetHints":{"allow":["GET"]}}],"collection":[{"href":"https:\/\/www.europesays.com\/fr\/wp-json\/wp\/v2\/posts"}],"about":[{"href":"https:\/\/www.europesays.com\/fr\/wp-json\/wp\/v2\/types\/post"}],"author":[{"embeddable":true,"href":"https:\/\/www.europesays.com\/fr\/wp-json\/wp\/v2\/users\/2"}],"replies":[{"embeddable":true,"href":"https:\/\/www.europesays.com\/fr\/wp-json\/wp\/v2\/comments?post=602489"}],"version-history":[{"count":0,"href":"https:\/\/www.europesays.com\/fr\/wp-json\/wp\/v2\/posts\/602489\/revisions"}],"wp:featuredmedia":[{"embeddable":true,"href":"https:\/\/www.europesays.com\/fr\/wp-json\/wp\/v2\/media\/602490"}],"wp:attachment":[{"href":"https:\/\/www.europesays.com\/fr\/wp-json\/wp\/v2\/media?parent=602489"}],"wp:term":[{"taxonomy":"category","embeddable":true,"href":"https:\/\/www.europesays.com\/fr\/wp-json\/wp\/v2\/categories?post=602489"},{"taxonomy":"post_tag","embeddable":true,"href":"https:\/\/www.europesays.com\/fr\/wp-json\/wp\/v2\/tags?post=602489"}],"curies":[{"name":"wp","href":"https:\/\/api.w.org\/{rel}","templated":true}]}}