{"id":602491,"date":"2025-12-16T07:07:15","date_gmt":"2025-12-16T07:07:15","guid":{"rendered":"https:\/\/www.europesays.com\/fr\/602491\/"},"modified":"2025-12-16T07:07:15","modified_gmt":"2025-12-16T07:07:15","slug":"julien-clerc-78-ans-met-il-fin-a-sa-carriere-je-trouve-ca","status":"publish","type":"post","link":"https:\/\/www.europesays.com\/fr\/602491\/","title":{"rendered":"Julien Clerc (78 ans) met-il fin \u00e0 sa carri\u00e8re ? \u00ab\u00a0Je trouve \u00e7a\u2026\u00a0\u00bb"},"content":{"rendered":"<p>Par <a class=\"author_recette\" id=\"author_name\" href=\"https:\/\/www.nextplz.fr\/auteur\/laura-angelo\" target=\"_blank\" rel=\"noopener\">Laura<br \/>\nD\u2019Angelo<\/a> &#8211;<br \/>\nPubli\u00e9 le 16 D\u00e9c 2025 \u00e0<br \/>\n07:30<\/p>\n<p class=\"article-intro excerpt\">\u00c0 78 ans, Julien Clerc va-t-il<br \/>\nmettre un terme \u00e0 sa carri\u00e8re de chanteur ? Pour Ouest-France,<br \/>\nl\u2019artiste donne une r\u00e9ponse claire.<\/p>\n<p><img width=\"750\" height=\"410\" src=\"data:image\/svg+xml,%3Csvg%20xmlns=\" http:=\"\" class=\"img-responsive alignnone size-full pinit-here zoom-it\" alt=\"julien-clerc-met-il-fin-a-sa-carriere-je-trouve-ca\" fetchpriority=\"high\" data-lazyloading=\"false\" decoding=\"async\" data-lazy-src=\"https:\/\/www.europesays.com\/fr\/wp-content\/uploads\/2025\/12\/julien-clerc-met-il-fin-a-sa-carriere-je-trouve-ca-750x410.jpg\"\/><\/p>\n<p>\u00a9 Reynaud<br \/>\nJulien\/APS-Medias\/ABACA\/Shutterstock<\/p>\n<p>Comme chez beaucoup d\u00a0\u00bbartistes, la question revient<br \/>\nr\u00e9guli\u00e8rement d\u00e8s qu\u2019un artiste franchit un cap symbolique :<br \/>\n<strong>Julien Clerc s\u2019appr\u00eate-t-il \u00e0 tirer sa r\u00e9v\u00e9rence<\/strong> ?<br \/>\n\u00c0 bient\u00f4t 80 ans, le chanteur pourrait l\u00e9gitimement envisager le<br \/>\nrepos.<\/p>\n<p>Julien Clerc<br \/>\nse confie sur son rapport \u00e0 la sc\u00e8ne<\/p>\n<p>Pourtant, \u00e0 l\u2019aube d\u2019une tourn\u00e9e d\u2019envergure qui d\u00e9marrera en<br \/>\nf\u00e9vrier prochain et comptera pr\u00e8s de soixante dates, l\u2019interpr\u00e8te<br \/>\nde Ma pr\u00e9f\u00e9rence brouille volontairement les pistes. Fin de<br \/>\ncarri\u00e8re ou simple continuit\u00e9 assum\u00e9e ? L\u2019int\u00e9ress\u00e9 a r\u00e9cemment<br \/>\nlev\u00e9 le voile. \u00c0 l\u2019occasion d\u2019un entretien accord\u00e9 \u00e0<br \/>\nOuest-France, <a href=\"https:\/\/www.nextplz.fr\/people\/517316-julien-clerc-78-ans-dans-lintimite-pour-que-ca-marche-sa-femme-de-30-ans-sa-cadette-sait-y-faire\" target=\"_blank\" rel=\"noopener\"><br \/>\nJulien Clerc, qui est revenu sur sa vie priv\u00e9e,<\/a> est revenu<br \/>\nlonguement sur <strong>son rapport \u00e0 la sc\u00e8ne,<\/strong> alors m\u00eame<br \/>\nque cette s\u00e9rie de concerts s\u2019\u00e9tirera jusqu\u2019en octobre 2027, avec<br \/>\nune date tr\u00e8s attendue \u00e0 l\u2019Accor Arena de Paris, quelques jours<br \/>\napr\u00e8s son 80e anniversaire. L\u2019artiste y rappelle combien le<br \/>\nspectacle vivant reste le c\u0153ur battant de son m\u00e9tier. Issu d\u2019une<br \/>\ng\u00e9n\u00e9ration pour laquelle la route faisait partie int\u00e9grante de<br \/>\nl\u2019apprentissage, il consid\u00e8re toujours la sc\u00e8ne comme<br \/>\nl\u2019aboutissement naturel du travail d\u2019\u00e9criture et de<br \/>\ncomposition.<\/p>\n<p>Le chanteur<br \/>\nva-t-il mettre un terme \u00e0 sa carri\u00e8re ?<\/p>\n<p>Cette tourn\u00e9e accompagne d\u2019ailleurs la r\u00e9\u00e9dition de son album<br \/>\nUne vie, enrichie de plusieurs maquettes piano-voix in\u00e9dites. Pour<br \/>\n<a href=\"https:\/\/www.nextplz.fr\/people\/517271-un-coup-de-julien-clerc-en-couple-avec-miou-miou-devoile-la-reaction-dun-celebre-acteur-a-lannonce-de-sa-relation\" target=\"_blank\" rel=\"noopener\"><br \/>\nl&rsquo;ex de Miou-Miou,<\/a> impossible d\u2019imaginer sortir de nouvelles<br \/>\nchansons sans aller \u00e0 la rencontre du public. Cette fid\u00e9lit\u00e9 au<br \/>\nlive n\u2019a rien d\u2019un automatisme : elle rel\u00e8ve d\u2019un besoin presque<br \/>\nvital de partage. \u00ab\u00a0Je trouve \u00e7a toujours agr\u00e9able d&rsquo;\u00eatre encore<br \/>\ncapable <strong>d&rsquo;\u00e9crire des nouveaut\u00e9s dans un style<\/strong> que<br \/>\nje crois intemporel. (&#8230;)\u00a0Tant que je me sens capable<br \/>\nd&rsquo;\u00e9crire des chansons qui passent \u00e0 la radio, j&rsquo;aurais tort de<br \/>\nm&rsquo;arr\u00eater.\u00a0\u00bb. Avec le temps, l\u2019artiste observe toutefois une<br \/>\n\u00e9volution dans sa mani\u00e8re d\u2019occuper l\u2019espace sc\u00e9nique. Toujours<br \/>\npour Ouest-France, il confie prendre d\u00e9sormais davantage<br \/>\nla parole entre les titres.<\/p>\n<p>L&rsquo;artiste de retour sur<br \/>\nsc\u00e8ne<\/p>\n<p>Une fa\u00e7on de raconter, de contextualiser, mais aussi de tisser<br \/>\nun lien plus intime avec une salle souvent compos\u00e9e de spectateurs<br \/>\nde sa g\u00e9n\u00e9ration. Pour lui, ces \u00e9changes font pleinement partie du<br \/>\nconcert et t\u00e9moignent d\u2019une maturit\u00e9 artistique assum\u00e9e. Quant \u00e0<br \/>\nl\u2019id\u00e9e de raccrocher le micro, Julien Clerc s\u2019en d\u00e9fend clairement.<br \/>\nIl explique trouver encore du plaisir \u00e0 \u00e9crire des chansons<br \/>\nnouvelles, dans un registre qu\u2019il estime intemporel. <strong>Tant<br \/>\nqu\u2019il se sent capable de proposer<\/strong> des titres susceptibles<br \/>\nde toucher le public et de trouver leur place sur les ondes, il<br \/>\njuge qu\u2019il n\u2019a aucune raison de s\u2019arr\u00eater. Il insiste aussi sur<br \/>\nl\u2019absence de p\u00e9nibilit\u00e9 dans son m\u00e9tier, soulignant qu\u2019il continue<br \/>\nd\u2019exercer avec la m\u00eame flamme qu\u2019\u00e0 ses d\u00e9buts. Ces derniers mois,<br \/>\nle chanteur s\u2019est montr\u00e9 particuli\u00e8rement ouvert dans les<br \/>\nm\u00e9dias.<\/p>\n","protected":false},"excerpt":{"rendered":"Par Laura D\u2019Angelo &#8211; Publi\u00e9 le 16 D\u00e9c 2025 \u00e0 07:30 \u00c0 78 ans, Julien Clerc va-t-il mettre&hellip;\n","protected":false},"author":2,"featured_media":602492,"comment_status":"","ping_status":"","sticky":false,"template":"","format":"standard","meta":{"footnotes":""},"categories":[1355],"tags":[58,59,1011,27,1361,873,65861],"class_list":{"0":"post-602491","1":"post","2":"type-post","3":"status-publish","4":"format-standard","5":"has-post-thumbnail","7":"category-musique","8":"tag-divertissement","9":"tag-entertainment","10":"tag-fr","11":"tag-france","12":"tag-music","13":"tag-musique","14":"tag-trend"},"share_on_mastodon":{"url":"https:\/\/pubeurope.com\/@fr\/115727987181193005","error":""},"_links":{"self":[{"href":"https:\/\/www.europesays.com\/fr\/wp-json\/wp\/v2\/posts\/602491","targetHints":{"allow":["GET"]}}],"collection":[{"href":"https:\/\/www.europesays.com\/fr\/wp-json\/wp\/v2\/posts"}],"about":[{"href":"https:\/\/www.europesays.com\/fr\/wp-json\/wp\/v2\/types\/post"}],"author":[{"embeddable":true,"href":"https:\/\/www.europesays.com\/fr\/wp-json\/wp\/v2\/users\/2"}],"replies":[{"embeddable":true,"href":"https:\/\/www.europesays.com\/fr\/wp-json\/wp\/v2\/comments?post=602491"}],"version-history":[{"count":0,"href":"https:\/\/www.europesays.com\/fr\/wp-json\/wp\/v2\/posts\/602491\/revisions"}],"wp:featuredmedia":[{"embeddable":true,"href":"https:\/\/www.europesays.com\/fr\/wp-json\/wp\/v2\/media\/602492"}],"wp:attachment":[{"href":"https:\/\/www.europesays.com\/fr\/wp-json\/wp\/v2\/media?parent=602491"}],"wp:term":[{"taxonomy":"category","embeddable":true,"href":"https:\/\/www.europesays.com\/fr\/wp-json\/wp\/v2\/categories?post=602491"},{"taxonomy":"post_tag","embeddable":true,"href":"https:\/\/www.europesays.com\/fr\/wp-json\/wp\/v2\/tags?post=602491"}],"curies":[{"name":"wp","href":"https:\/\/api.w.org\/{rel}","templated":true}]}}