{"id":602495,"date":"2025-12-16T07:09:14","date_gmt":"2025-12-16T07:09:14","guid":{"rendered":"https:\/\/www.europesays.com\/fr\/602495\/"},"modified":"2025-12-16T07:09:14","modified_gmt":"2025-12-16T07:09:14","slug":"un-defi-inedit-depuis-le-covid-19-comment-la-super-grippe-et-son-variant-k-font-trembler-les-hopitaux","status":"publish","type":"post","link":"https:\/\/www.europesays.com\/fr\/602495\/","title":{"rendered":"\u00ab\u00a0Un d\u00e9fi in\u00e9dit depuis le Covid-19\u00a0\u00bb\u00a0: comment la \u00ab\u00a0super grippe\u00a0\u00bb et son \u00ab\u00a0variant K\u00a0\u00bb font trembler les h\u00f4pitaux"},"content":{"rendered":"<p>\n                                                                    l&rsquo;essentiel<br \/>\n                                                                L\u2019Europe fait face \u00e0 une \u00e9pid\u00e9mie de grippe pr\u00e9coce et intense, port\u00e9e par le \u00ab\u00a0sous-clade K\u00a0\u00bb du virus A (H3N2). Tr\u00e8s s\u00e9v\u00e8re au Royaume-Uni, elle progresse aussi en France. Transmissibilit\u00e9 accrue, h\u00f4pitaux sous tension\u00a0: \u00e9tat des lieux d\u2019une \u00ab\u00a0super-grippe\u00a0\u00bb.\n                            <\/p>\n<p>L\u2019\u00e9pid\u00e9mie de grippe 2025-2026 frappe l\u2019Europe avec une intensit\u00e9 inhabituelle. Au Royaume-Uni, les autorit\u00e9s sanitaires parlent d\u2019une <strong>\u00ab\u00a0vague sans pr\u00e9c\u00e9dent\u00a0\u00bb<\/strong>, tandis que la France est entr\u00e9e en phase \u00e9pid\u00e9mique avec <strong>plusieurs semaines d\u2019avance<\/strong>. En cause\u00a0: la forte circulation d\u2019un sous-variant du virus A (H3N2), dit \u00ab\u00a0sous-clade K\u00a0\u00bb, identifi\u00e9 pour la premi\u00e8re fois dans l\u2019h\u00e9misph\u00e8re sud au cours de l\u2019\u00e9t\u00e9.<\/p>\n<p class=\"std-elt__inline\">\n        <strong>\u00c0 lire aussi :<\/strong><br \/>\n        <a href=\"https:\/\/www.ladepeche.fr\/2025\/12\/07\/la-vaccination-contre-la-grippe-devient-obligatoire-pour-les-residents-en-ehpad-et-certains-soignants-13095409.php\" target=\"_blank\" rel=\"noopener\">La vaccination contre la grippe devient obligatoire pour les r\u00e9sidents en Ehpad et certains soignants<\/a>\n    <\/p>\n<p>Outre-Manche, la situation est particuli\u00e8rement critique. Selon les donn\u00e9es du NHS relay\u00e9es ce week-end, le nombre de cas a bondi de 55\u00a0% en une semaine, avec en moyenne 2\u00a0660 patients hospitalis\u00e9s chaque jour. \u00ab\u00a0Cette vague sans pr\u00e9c\u00e9dent de super grippe place le NHS dans la pire situation possible pour cette p\u00e9riode de l\u2019ann\u00e9e\u00a0\u00bb, a alert\u00e9 la directrice m\u00e9dicale nationale du service public britannique, Meghana Pandit. Le ministre de la Sant\u00e9, Wes Streeting, \u00e9voque un \u00ab\u00a0<strong>d\u00e9fi in\u00e9dit depuis la pand\u00e9mie de Covid-19<\/strong>\u00ab\u00a0, alors que les h\u00f4pitaux font face \u00e0 un afflux massif de patients et \u00e0 des tensions sociales li\u00e9es aux gr\u00e8ves des m\u00e9decins r\u00e9sidents.<\/p>\n<p>\u00ab\u00a0Un d\u00e9marrage pr\u00e9coce\u00a0\u00bb<\/p>\n<p>La France n\u2019est pas \u00e9pargn\u00e9e. Sant\u00e9 publique France a officiellement d\u00e9clar\u00e9 l\u2019entr\u00e9e en phase \u00e9pid\u00e9mique d\u00e9but d\u00e9cembre. \u00ab\u00a0Ce qu\u2019il faut noter cette ann\u00e9e, c\u2019est un <strong>d\u00e9marrage pr\u00e9coce<\/strong>, avec deux \u00e0 trois semaines d\u2019avance par rapport aux saisons pr\u00e9c\u00e9dentes\u00a0\u00bb, souligne Antonin Bal, directeur adjoint du Centre national de r\u00e9f\u00e9rence des virus des infections respiratoires aux Hospices civils de Lyon, dans un entretien accord\u00e9 \u00e0 <a href=\"https:\/\/www.ladepeche.fr\/2025\/12\/12\/decryptage-grippe-epidemie-en-avance-variant-k-jeunes-touches-pourquoi-la-france-est-entree-en-phase-epidemique-13104841.php\" target=\"_self\" rel=\"noopener\">La D\u00e9p\u00eache<\/a>. Le taux de positivit\u00e9 atteint 22\u00a0%, avec une <strong>circulation d\u2019abord marqu\u00e9e chez les plus jeunes<\/strong>\u00a0: \u00ab\u00a041\u00a0% chez les 5-18 ans\u00a0\u00bb et \u00ab\u00a0autour de 30\u00a0% chez les 0-5 ans\u00a0\u00bb.<\/p>\n<p class=\"std-elt__inline\">\n        <strong>\u00c0 lire aussi :<\/strong><br \/>\n        <a href=\"https:\/\/www.ladepeche.fr\/2025\/12\/04\/grippe-saisonniere-et-si-un-chewing-gum-suffisait-pour-savoir-si-vous-etes-malade-13090318.php\" target=\"_blank\" rel=\"noopener\">Grippe saisonni\u00e8re\u00a0: et si un chewing-gum suffisait pour savoir si vous \u00eates malade\u00a0?<\/a>\n    <\/p>\n<p>Le sous-clade K, \u00e9galement nomm\u00e9 J.2.4.1, appartient au virus de grippe A (H3N2). Il se distingue par plusieurs mutations de la prot\u00e9ine h\u00e9magglutinine, facilitant l\u2019entr\u00e9e du virus dans les cellules respiratoires. Selon l\u2019Organisation mondiale de la sant\u00e9, \u00ab\u00a0les donn\u00e9es \u00e9pid\u00e9miologiques actuelles n\u2019indiquent pas d\u2019augmentation de la gravit\u00e9 de la maladie\u00a0\u00bb, mais une transmissibilit\u00e9 accrue et un possible \u00e9chappement partiel \u00e0 l\u2019immunit\u00e9 collective. Les virus A (H3N2) sont par ailleurs \u00ab\u00a0connus pour \u00eatre plus virulents\u00a0\u00bb que les A (H1N1), rappelle <a href=\"https:\/\/sante.lefigaro.fr\/social\/sante-publique\/super-grippe-faut-il-vraiment-avoir-peur-du-variant-k-20251215\" target=\"_blank\" rel=\"noopener\">Le Figaro<\/a>.<\/p>\n<p>        <img decoding=\"async\" class=\"std-img__img responsive-img\" src=\"https:\/\/www.europesays.com\/fr\/wp-content\/uploads\/2025\/12\/1765868954_175_image.jpg\" alt=\"La grippe est cette ann\u00e9e tr\u00e8s en avance.\"\/><\/p>\n<p>                La grippe est cette ann\u00e9e tr\u00e8s en avance.<br \/>\n                                    DDM &#8211; ARCHIVES &#8211; JEAN MICHEL MAZET<\/p>\n<p>En France, le sous-clade K repr\u00e9sente pr\u00e8s de 70\u00a0% des virus A (H3N2) s\u00e9quenc\u00e9s d\u00e9but d\u00e9cembre, m\u00eame si le nombre d\u2019analyses reste limit\u00e9. Les <strong>sympt\u00f4mes <\/strong>observ\u00e9s demeurent classiques\u00a0: <strong>fi\u00e8vre \u00e9lev\u00e9e, fatigue intense, toux et courbatures<\/strong>. \u00ab\u00a0Pour l\u2019instant, nous n\u2019avons pas d\u2019information indiquant que les sympt\u00f4mes soient diff\u00e9rents\u00a0\u00bb, pr\u00e9cise Antonin Bal, tout en rappelant que \u00ab\u00a0lorsque le virus H3N2 circule, on s\u2019attend globalement \u00e0 avoir un peu plus de formes s\u00e9v\u00e8res\u00a0\u00bb.<\/p>\n<p>Vaccination recommand\u00e9e<\/p>\n<p>La question de <strong>l\u2019efficacit\u00e9 vaccinale<\/strong> se pose, le vaccin ayant \u00e9t\u00e9 con\u00e7u avant l\u2019\u00e9mergence massive du variant K. Les premi\u00e8res donn\u00e9es, notamment britanniques, indiquent toutefois une <strong>protection maintenue contre les formes graves<\/strong>\u00a0: de 70 \u00e0 75\u00a0% chez les enfants et adolescents, et de 30 \u00e0 40\u00a0% chez les adultes. \u00ab\u00a0Le vaccin continue d\u2019offrir une protection contre les hospitalisations\u00a0\u00bb, insiste l\u2019OMS, qui recommande de poursuivre la campagne vaccinale.<\/p>\n<p class=\"std-elt__inline\">\n        <strong>\u00c0 lire aussi :<\/strong><br \/>\n        <a href=\"https:\/\/www.ladepeche.fr\/2025\/12\/15\/francois-bayrou-hospitalise-lancien-premier-ministre-de-74-ans-a-ete-pris-en-charge-au-centre-hospitalier-de-pau-pour-une-grippe-tres-severe-13111964.php\" target=\"_blank\" rel=\"noopener\">Fran\u00e7ois Bayrou hospitalis\u00e9\u00a0: l\u2019ancien Premier ministre de 74 ans a \u00e9t\u00e9 pris en charge au centre hospitalier de Pau pour une \u00ab\u00a0grippe tr\u00e8s s\u00e9v\u00e8re\u00a0\u00bb<\/a>\n    <\/p>\n<p>L\u2019hospitalisation, ce lundi 15\u00a0d\u00e9cembre, de l\u2019ancien Premier ministre Fran\u00e7ois Bayrou \u00e0 Pau pour \u00ab\u00a0une grippe tr\u00e8s s\u00e9v\u00e8re\u00a0\u00bb illustre la r\u00e9alit\u00e9 des formes compliqu\u00e9es observ\u00e9es cette saison, en particulier chez les personnes \u00e0 risque.<\/p>\n<p>Face \u00e0 une \u00e9pid\u00e9mie encore ascendante, les autorit\u00e9s sanitaires appellent \u00e0 la vigilance\u00a0: vaccination, port du masque en cas de sympt\u00f4mes, a\u00e9ration des lieux clos et protection renforc\u00e9e des personnes fragiles. Une r\u00e9ponse classique, mais jug\u00e9e essentielle, face \u00e0 une grippe plus pr\u00e9coce et plus diffuse que les ann\u00e9es pr\u00e9c\u00e9dentes.<\/p>\n","protected":false},"excerpt":{"rendered":"l&rsquo;essentiel L\u2019Europe fait face \u00e0 une \u00e9pid\u00e9mie de grippe pr\u00e9coce et intense, port\u00e9e par le \u00ab\u00a0sous-clade K\u00a0\u00bb du&hellip;\n","protected":false},"author":2,"featured_media":602496,"comment_status":"","ping_status":"","sticky":false,"template":"","format":"standard","meta":{"footnotes":""},"categories":[10],"tags":[1011,27,71516,72,71,8755],"class_list":{"0":"post-602495","1":"post","2":"type-post","3":"status-publish","4":"format-standard","5":"has-post-thumbnail","7":"category-sante","8":"tag-fr","9":"tag-france","10":"tag-grippe-saisonniu00e8re","11":"tag-health","12":"tag-sante","13":"tag-santu00e9"},"share_on_mastodon":{"url":"https:\/\/pubeurope.com\/@fr\/115727995724842224","error":""},"_links":{"self":[{"href":"https:\/\/www.europesays.com\/fr\/wp-json\/wp\/v2\/posts\/602495","targetHints":{"allow":["GET"]}}],"collection":[{"href":"https:\/\/www.europesays.com\/fr\/wp-json\/wp\/v2\/posts"}],"about":[{"href":"https:\/\/www.europesays.com\/fr\/wp-json\/wp\/v2\/types\/post"}],"author":[{"embeddable":true,"href":"https:\/\/www.europesays.com\/fr\/wp-json\/wp\/v2\/users\/2"}],"replies":[{"embeddable":true,"href":"https:\/\/www.europesays.com\/fr\/wp-json\/wp\/v2\/comments?post=602495"}],"version-history":[{"count":0,"href":"https:\/\/www.europesays.com\/fr\/wp-json\/wp\/v2\/posts\/602495\/revisions"}],"wp:featuredmedia":[{"embeddable":true,"href":"https:\/\/www.europesays.com\/fr\/wp-json\/wp\/v2\/media\/602496"}],"wp:attachment":[{"href":"https:\/\/www.europesays.com\/fr\/wp-json\/wp\/v2\/media?parent=602495"}],"wp:term":[{"taxonomy":"category","embeddable":true,"href":"https:\/\/www.europesays.com\/fr\/wp-json\/wp\/v2\/categories?post=602495"},{"taxonomy":"post_tag","embeddable":true,"href":"https:\/\/www.europesays.com\/fr\/wp-json\/wp\/v2\/tags?post=602495"}],"curies":[{"name":"wp","href":"https:\/\/api.w.org\/{rel}","templated":true}]}}