{"id":6025,"date":"2025-04-06T19:10:08","date_gmt":"2025-04-06T19:10:08","guid":{"rendered":"https:\/\/www.europesays.com\/fr\/6025\/"},"modified":"2025-04-06T19:10:08","modified_gmt":"2025-04-06T19:10:08","slug":"un-sommet-ue-asie-centrale-pour-reprendre-la-main","status":"publish","type":"post","link":"https:\/\/www.europesays.com\/fr\/6025\/","title":{"rendered":"Un sommet UE \u2013 Asie centrale pour reprendre la main"},"content":{"rendered":"<p>\u00a0<\/p>\n<p><strong>Les 3 et 4 avril, Samarcande est le lieu du premier sommet UE \u2013 Asie centrale. Un \u00e9v\u00e9nement majeur, tant pour les liens \u00e9conomiques que pour le balancement g\u00e9opolitique. <\/strong><\/p>\n<p><strong>\u00a0<\/strong><\/p>\n<p><strong>C\u2019est une premi\u00e8re et cela se passe dans une ville mythique\u00a0: Samarcande. N\u0153ud des routes de la soie, point d\u2019\u00e9tape essentiel dans le commerce entre l\u2019Asie et l\u2019Europe, Samarcande retrouve son r\u00f4le historique avec ce premier sommet entre l\u2019Union europ\u00e9enne et l\u2019Asie centrale. <\/strong>Les dirigeants du Kazakhstan, du Kirghizistan, du Tadjikistan, du Turkm\u00e9nistan et d\u2019Ouzb\u00e9kistan sont pr\u00e9sents, ainsi que les responsables de l\u2019UE.<\/p>\n<p>\u00a0<\/p>\n<p><strong>Une r\u00e9gion centrale<\/strong><\/p>\n<p>\u00a0<\/p>\n<p>Alors que la guerre en Ukraine porte le trouble au c\u0153ur de l\u2019Europe, ce sommet permet de positionner les Europ\u00e9ens dans l\u2019ancien espace sovi\u00e9tique, ce qui fut, jusqu\u2019en 2022, consid\u00e9r\u00e9 comme l\u2019\u00e9tranger proche de la Russie. Moscou y avait conserv\u00e9 une forte influence, s\u2019appuyant sur les liens historiques anciens et la pr\u00e9sence d\u2019une diaspora russe nombreuse. La guerre d\u2019Ukraine a modifi\u00e9 la donne. Ces pays ont craint de subir le m\u00eame sort que l\u2019Ukraine, et notamment le Kazakhstan, qui partage pr\u00e8s de 8 000 km de fronti\u00e8re avec la Russie. S\u2019\u00e9loigner de l\u2019emprise russe pour se rapproche de l\u2019Europe est donc une fa\u00e7on de se prot\u00e9ger de l\u2019imp\u00e9rialisme moscovite toute en tissant des liens, notamment \u00e9conomiques, avec le monde occidental.<\/p>\n<p>\u00a0<\/p>\n<p>Le second \u00e9l\u00e9ment important dans ce sommet est la prise en compte de l\u2019Eurasie comme espace clef du nouveau monde en cours de recomposition. Que ce soit pour la pr\u00e9sence des hydrocarbures et des minerais que pour son positionnement g\u00e9ographique, l\u2019Eurasie joue un r\u00f4le central. C\u2019est \u00e0 Astana, capitale du Kazakhstan, que Xi Jinping a annonc\u00e9 la mise en place des nouvelles routes de la soie. C\u2019est dans ces pays en \u00ab\u00a0stan\u00a0\u00bb que passent les r\u00e9seaux, les \u00e9changes, les flux mondiaux. Pour une fois, l\u2019UE fait bien les choses. Elle a compris que cette zone est essentielle et qu\u2019il faut tisser des liens avec les pays concern\u00e9s. D\u2019o\u00f9 ce sommet de deux jours qui souhaitent tisser des partenariats entre les diff\u00e9rents pays.<\/p>\n<p>\u00a0<\/p>\n<p><strong>Le SPG+, un outil politique et \u00e9conomique<\/strong><\/p>\n<p>\u00a0<\/p>\n<p>Si le sommet se tient en Ouzb\u00e9kistan, c\u2019est que ce pays est de plus en plus important au regard des \u00e9changes commerciaux et politiques avec l\u2019Europe. En 2021, l\u2019UE a accord\u00e9 \u00e0 l\u2019Ouzb\u00e9kistan le statut de b\u00e9n\u00e9ficiaire du SPG+ dans le cadre du syst\u00e8me de pr\u00e9f\u00e9rences g\u00e9n\u00e9ralis\u00e9es. Un syst\u00e8me qui est valable jusqu\u2019en 2027.<\/p>\n<p>\u00a0<\/p>\n<p>Le SPG+ (Syst\u00e8me de pr\u00e9f\u00e9rences g\u00e9n\u00e9ralis\u00e9es plus) est un accord commercial et politique qui incite les pays en d\u00e9veloppement \u00e0 poursuivre le d\u00e9veloppement durable et la d\u00e9mocratisation de leur gouvernance. Les pays concern\u00e9s doivent mettre en place 27 conventions internationales dans les domaines suivants\u00a0: droits de l\u2019homme, droits du travail, environnement, bonne gouvernance.<\/p>\n<p>En contrepartie, l\u2019UE r\u00e9duit ses droits \u00e0 l\u2019importation \u00e0 z\u00e9ro sur plus des deux tiers des lignes tarifaires de leurs exportations.<\/p>\n<p>Aujourd\u2019hui, les pays b\u00e9n\u00e9ficiaires de ce programme sont la Bolivie, le Cabo Verde, le Kirghizstan, la Mongolie, le Pakistan, les Philippines, le Sri Lanka et l\u2019Ouzb\u00e9kistan. L\u2019UE se plaint souvent d\u2019\u00eatre victime de la guerre du droit men\u00e9e par les Etats-Unis mais ce programme correspond tout \u00e0 fait \u00e0 cet usage du droit pour influencer la politique et l\u2019\u00e9conomie.<\/p>\n<p>\u00a0<\/p>\n<p>Avec des r\u00e9sultats puisque la coop\u00e9ration commerciale avec l\u2019Ouzb\u00e9kistan s\u2019est intensifi\u00e9e\u00a0: entre 2017 et 2024, le commerce de l\u2019Ouzb\u00e9kistan avec les pays de l\u2019UE a \u00e9t\u00e9 multipli\u00e9 par 2,4, passant de 2,6 milliards de dollars \u00e0 6,4 milliards de dollars, les exportations ont \u00e9t\u00e9 multipli\u00e9es par 3,6, passant de 472,3 millions de dollars \u00e0 1,7 milliard de dollars, et les importations ont \u00e9t\u00e9 multipli\u00e9es par 2,2, passant de 2,2 milliards de dollars \u00e0 4,7 milliards de dollars.<\/p>\n<p>En cons\u00e9quence, en 2024, la part de l\u2019UE dans le commerce ext\u00e9rieur de l\u2019Ouzb\u00e9kistan \u00e9tait de 9,7 % du commerce total, de 6,3 % des exportations et de 12 % des importations, ce qui place l\u2019UE au troisi\u00e8me rang des partenaires commerciaux de l\u2019Ouzb\u00e9kistan apr\u00e8s la Chine et la Russie.<\/p>\n<p>\u00a0<\/p>\n<p>En 2024, l\u2019essentiel des exportations de l\u2019Ouzb\u00e9kistan vers l\u2019UE \u00e9tait constitu\u00e9 de produits chimiques (52,1 %), ainsi que de textiles, de produits m\u00e9talliques ferreux et non ferreux, de produits min\u00e9raux et alimentaires (y compris les l\u00e9gumes, les fruits, les \u00e9pices, les noix, etc.). Parmi les pays de l\u2019UE, la France se classait au premier rang des importations en provenance d\u2019Ouzb\u00e9kistan (47,2 % des exportations), suivies de la Lituanie (10 %) et de la Lettonie (6,9 %).<\/p>\n<p>Les importations de l\u2019Ouzb\u00e9kistan en provenance de l\u2019UE d\u00e9passent largement les exportations, en grande partie en raison de la structure des \u00e9changes commerciaux mutuels et du besoin de modernisation technologique du pays. Les pays de l\u2019UE repr\u00e9sentent environ 16 % des importations totales de machines, d\u2019\u00e9quipements et de v\u00e9hicules de transport de l\u2019Ouzb\u00e9kistan. En 2024, ces articles, y compris les avions, les produits \u00e9lectriques, les instruments et les \u00e9quipements m\u00e9dicaux, repr\u00e9sentaient environ 50 % des importations en provenance de l\u2019UE.<\/p>\n<p>\u00a0<\/p>\n<p>On le voit avec l\u2019exemple ouzbek, il s\u2019agit de concurrencer la Russie et la Chine dans une zone qui est l\u2019une de leurs chasses gard\u00e9es. Des partenariats \u00e9conomiques qui assurent une pr\u00e9sence et des \u00e9changes, ce qui reste essentiel. L\u2019UE utilise les m\u00eames armes que les \u00c9tats-Unis\u00a0: l\u2019arme douani\u00e8re avec la promesse de la baisse des tarifs, l\u2019arme politique, avec la demande d\u2019alignement sur les crit\u00e8res politiques et sociaux. Elle p\u00e8se de son march\u00e9 de 500 millions de personnes et de sa richesse pour imposer sa marque et attirer \u00e0 elle. La g\u00e9o\u00e9conomie est ici au service de la politique.<\/p>\n<p>\u00a0<\/p>\n<p>\u00a0<\/p>\n","protected":false},"excerpt":{"rendered":"\u00a0 Les 3 et 4 avril, Samarcande est le lieu du premier sommet UE \u2013 Asie centrale. Un&hellip;\n","protected":false},"author":2,"featured_media":929,"comment_status":"","ping_status":"","sticky":false,"template":"","format":"standard","meta":{"footnotes":""},"categories":[1586],"tags":[11,1777,674,1779,1011,27,3535,713,12,25,1778,364],"class_list":{"0":"post-6025","1":"post","2":"type-post","3":"status-publish","4":"format-standard","5":"has-post-thumbnail","7":"category-europe","8":"tag-actualites","9":"tag-eu","10":"tag-europe","11":"tag-european-union","12":"tag-fr","13":"tag-france","14":"tag-geopolitique","15":"tag-mis-en-avant","16":"tag-news","17":"tag-republique-francaise","18":"tag-ue","19":"tag-union-europeenne"},"share_on_mastodon":{"url":"https:\/\/pubeurope.com\/@fr\/114292603222302435","error":""},"_links":{"self":[{"href":"https:\/\/www.europesays.com\/fr\/wp-json\/wp\/v2\/posts\/6025","targetHints":{"allow":["GET"]}}],"collection":[{"href":"https:\/\/www.europesays.com\/fr\/wp-json\/wp\/v2\/posts"}],"about":[{"href":"https:\/\/www.europesays.com\/fr\/wp-json\/wp\/v2\/types\/post"}],"author":[{"embeddable":true,"href":"https:\/\/www.europesays.com\/fr\/wp-json\/wp\/v2\/users\/2"}],"replies":[{"embeddable":true,"href":"https:\/\/www.europesays.com\/fr\/wp-json\/wp\/v2\/comments?post=6025"}],"version-history":[{"count":0,"href":"https:\/\/www.europesays.com\/fr\/wp-json\/wp\/v2\/posts\/6025\/revisions"}],"wp:featuredmedia":[{"embeddable":true,"href":"https:\/\/www.europesays.com\/fr\/wp-json\/wp\/v2\/media\/929"}],"wp:attachment":[{"href":"https:\/\/www.europesays.com\/fr\/wp-json\/wp\/v2\/media?parent=6025"}],"wp:term":[{"taxonomy":"category","embeddable":true,"href":"https:\/\/www.europesays.com\/fr\/wp-json\/wp\/v2\/categories?post=6025"},{"taxonomy":"post_tag","embeddable":true,"href":"https:\/\/www.europesays.com\/fr\/wp-json\/wp\/v2\/tags?post=6025"}],"curies":[{"name":"wp","href":"https:\/\/api.w.org\/{rel}","templated":true}]}}